{"id":4639,"date":"2014-09-09T13:34:19","date_gmt":"2014-09-09T13:34:19","guid":{"rendered":"http:\/\/www.rivadaviamendoza.gob.ar\/hcd\/?p=4639"},"modified":"2014-09-09T13:34:19","modified_gmt":"2014-09-09T13:34:19","slug":"declaracion-34-2014","status":"publish","type":"post","link":"https:\/\/coworkdigital.com.ar\/hcd\/declaracion-34-2014\/","title":{"rendered":"Declaraci\u00f3n 34-2014"},"content":{"rendered":"<p style=\"text-align: center;\"><strong><img fetchpriority=\"high\" decoding=\"async\" class=\"wp-image-1054 aligncenter\" src=\"http:\/\/rd.gov.ar\/wp4\/wp-content\/uploads\/2017\/02\/encabezado-300x60.jpg\" alt=\"\" width=\"669\" height=\"134\" \/><\/strong><\/p>\n<p style=\"text-align: center;\"><strong>DECLARACION N\u00ba 034<\/strong><\/p>\n<p style=\"text-align: justify;\"><strong>VISTO:<br \/>\n<\/strong>El Centenario de vida institucional que cumple este a\u00f1o la Escuela N\u00ba 1-107 \u201cGenoveva Villanueva\u201d, de La Reducci\u00f3n (1914-2014), y<\/p>\n<p style=\"text-align: justify;\"><strong>CONSIDERANDO:<\/strong><br \/>\nQue dicho acontecimiento, se suma al de otros establecimientos escolares que vienen celebrando en estos \u00faltimos tiempos sus cien a\u00f1os de existencia en nuestro Departamento, y contribuyen con su loable labor extendida en el tiempo y en el espacio a cimentar la historia educacional de Rivadavia.<br \/>\nCorr\u00eda el a\u00f1o 1913 cuando el Director General de Escuelas, se\u00f1or Felipe De Rosas dictara la Resoluci\u00f3n N\u00ba 160 mediante la cual creaba este establecimiento escolar en La Reducci\u00f3n. En ese entonces, gobernaba la provincia de Mendoza Don Francisco S. Alvarez y era Intendente de Rivadavia, el se\u00f1or Saturnino Alvarez.<br \/>\nEn 1914 comenz\u00f3 a funcionar como Escuela N\u00ba 11 en un local alquilado al se\u00f1or Jes\u00fas Acevedo en la calle Reducci\u00f3n de ese Distrito, atendi\u00e9ndo atendiendo a 30 varones y 24 mujeres en Primer Grado.\u00a0 Fu\u00e9 su primera <strong>Directora Teresa G. de Lapenna<\/strong>.<br \/>\nEn 1915 cambi\u00f3 su nomenclatura a N\u00ba 2. En 1918 se abri\u00f3 la Secci\u00f3n de Segundo Grado y en 1920 la de Tercero.<br \/>\nAl pasar el tiempo, y debido a la falta de acondicionamiento del viejo caser\u00f3n, la escuela fue trasladada a otro local cercano de la misma calle, propiedad del se\u00f1or Carlos Merino (luego del se\u00f1or Jos\u00e9 S\u00e1nchez y luego del se\u00f1or Nazer).<br \/>\nEn 1944 fue creada la Secci\u00f3n de Cuarto Grado; en 1953 Quinto Grado; en 1954 Sexto Grado y en 1986 comenz\u00f3 a prestar el servicio de Jard\u00edn de Infantes, gestionado por la Directora\u00a0 de la Escuela, en ese entonces,\u00a0 se\u00f1ora Sof\u00eda Elena Sosa Baigorria.<br \/>\nCuando la Entidad cumpli\u00f3 sus 50 a\u00f1os en 1964, ese Aniversario fue celebrado el 8 de agosto de ese a\u00f1o y fue tomado como d\u00eda para celebrar sus siguientes anivesarios.<br \/>\nCambi\u00f3 varias veces su n\u00famero administrativo, y desde 1959 ostenta su actual nombre <strong>\u201cGenoveva Villanueva\u201d<\/strong>. En 1967 ocup\u00f3 su nuevo y actual edificio, en calle Oz\u00e1n s\/n del mismo Distrito.<br \/>\nEntre los Directores de la Instituci\u00f3n que se desempe\u00f1aron durante varios a\u00f1os podemos destacar, a Manuel Leiva Orellano, Edith Mart\u00ednez de Gonz\u00e1lez, Alfredo Juan Carrizo y Sof\u00eda Elena Sosa Baigorria.<br \/>\nActualmente, es su Directora la Profesora Adriana Abraham. La Escuela cuenta con una matr\u00edcula de 55 alumnos que asisten durante el turno ma\u00f1ana y tarde bajo el Programa Jornada Extendida; y tambi\u00e9n\u00a0 presta el servicio de Comedor. Integra la Secci\u00f3n Escolar N\u00ba 26 que est\u00e1 bajo la Supervisi\u00f3n de la Profesora Estela Villalba.<br \/>\n<strong>\u00bfQuien fue Genoveva Villanueva?.<\/strong> Siguiendo la rese\u00f1a hist\u00f3rica de autor\u00eda de Eileen Cavanagh: <strong>Genoveva Villanueva es la mujer que se anim\u00f3 a resistir la tiran\u00eda de su \u00e9poca<\/strong>.<br \/>\n<em>\u201cGenoveva\u00a0 naci\u00f3 en Mendoza en enero de 1814. Sus padres eran dos mendocinos de pura cepa: Don Jos\u00e9 Villanueva y\u00a0 y Do\u00f1a Josefa Godoy.<\/em><br \/>\n<em>Fue educada en la fe cat\u00f3lica en las \u2018escuelas fiscales\u2019 que exist\u00edan en aquel entonces. Vivi\u00f3 un matrimonio desafortunado, que termin\u00f3 en divorcio, hecho que la conden\u00f3 socialmente, motivo por el cual\u00a0 ella manten\u00eda su vida lejos de reuniones sociales.<\/em><br \/>\n<em>Ten\u00eda vocaci\u00f3n para estudiar medicina, pero su condici\u00f3n de ser mujer le neg\u00f3 el acceso a los claustros; no obstante, esto no le impidi\u00f3 dedicarse a estudios de homeopat\u00eda para lo cual se traslad\u00f3 a Chile. El fin \u00faltimo que la motivaba era hacer una activa ayuda social, dar alivio a los m\u00e1s despose\u00eddos quienes, en aquellos tiempos, no ten\u00edan recursos para aliviar sus dolencias ni ayuda por parte del Estado.<\/em><br \/>\n<em>En ese sentido, Genoveva era muy apreciada y respetada, ya que siempre acudi\u00f3 en auxilio de cualquiera: ya pobre, ya rico, que solicitara sus servicios. Siempre llev\u00f3 una vida sobria y vest\u00eda h\u00e1bito franciscano sin ning\u00fan lujo.<\/em><br \/>\n<em>El caso es que all\u00e1 por 1842, el r\u00e9gimen de Rosas impuso como Gobernador en Mendoza a un fraile \u2013F\u00e9lix Aldao- quien emiti\u00f3 un bando obligando a todos los ciudadanos a usar la divisa punz\u00f3, que era el distintivo\u00a0 impuesto\u00a0 por el gobierno de Buenos Aires como reconocimiento del Partido Federal en oposici\u00f3n a los unitarios.<\/em><br \/>\n<em>La tradici\u00f3n oral cuenta que un d\u00eda domingo, Do\u00f1a Genoveva se present\u00f3 en la misa que se oficiaba en la Iglesia Matriz \u2013donde se reun\u00eda la mayor\u00eda de los mendocinos- sin llevar el consabido distintivo federal.<\/em><br \/>\n<em>Las consecuencias no se hicieron esperar por tal insurrecci\u00f3n: antes de terminar el oficio religioso, la se\u00f1ora fue apresada y confinada en un calabozo con un rid\u00edculo despliegue de efectivos, cual si ella fuera un peligroso delincuente.<\/em><br \/>\n<em>Por orden directa del Gobernador, el jefe de Polic\u00eda Montero dispuso la m\u00e1xima humillaci\u00f3n: pasear a la se\u00f1ora Villanueva atada a viva fuerza sobre un burro con mo\u00f1o de trapo rojo, a modo de divisa punz\u00f3 que le hab\u00eda sido adherido a la cabellera\u00a0 de la insurrecta con brea caliente.<\/em><br \/>\n<em>La valiente Genoveva, apenas le fue aplicado el tormento, arranc\u00f3 sus cabellos y el mo\u00f1o con brea, poniendo la divisa federal en su pie.<\/em><br \/>\n<em>El villorrio que en aquella \u00e9poca era Mendoza no aprob\u00f3 el acto de tortura y las casas cerraron sus puertas, tanto por miedo como por respeto, sin que ning\u00fan transe\u00fante caminara por las calles en se\u00f1al de resistencia y protesta, por lo que la infamia se realiz\u00f3 con la condena social y en la m\u00e1s absoluta soledad.<\/em><br \/>\n<em>La\u00a0 tradicional sociedad mendocina s\u00f3lo toleraba por la fuerza los excesos que desarrollaba un gobernante que hab\u00eda profesado votos religiosos y que, sin embargo, viv\u00eda p\u00fablicamente alejado de ellos, haciendo p\u00fablico su sacrilegio. S\u00f3lo la ligaz\u00f3n con el gobierno de Buenos Aires ero lo que lo manten\u00eda en el poder.<\/em><br \/>\n<em>\u00bfA qu\u00e9 se dedic\u00f3 despu\u00e9s de tan cobarde atentado Genoveva?. Con mayor fuerza se dedic\u00f3 a su acci\u00f3n social y filantr\u00f3pica: fund\u00f3 la Sociedad de Beneficencia ya que en aquel entonces el gobierno no realizaba ninguna acci\u00f3n social. Esta sociedad cre\u00f3 el Asilo de Hu\u00e9rfanos, la Escuela de Caridad, la Misi\u00f3n por los Presos y la Escuela Modelo de Se\u00f1oritas.<\/em><br \/>\n<em>Tambi\u00e9n coste\u00f3 de su propio bolsillo las obras destinadas a construir el templo de San Francisco despu\u00e9s del terremoto de 1861 y don\u00f3 a los Jesuitas toda la manzana sobre calle San Mart\u00edn y Col\u00f3n donde despu\u00e9s se construy\u00f3 el templo y el colegio.<\/em><br \/>\n<em>La familia Villanueva, como recuerdo de un pasado que no deber\u00eda repetirse, guard\u00f3 durante a\u00f1os el mo\u00f1o rojo con la brea y el pelo de Genoveva para despu\u00e9s donarlo al Museo del Pasado Cuyano, donde\u00a0 hoy se exhibe.<\/em><br \/>\n<em>En 1853,\u00a0 el pa\u00eds se sacudi\u00f3 los largos a\u00f1os de tiran\u00eda y obtuvo su Constituci\u00f3n Nacional bajo el sistema representativo, republicano y federal.<\/em><br \/>\n<strong>Genoveva y tantos otros como ella fueron los constructores de la Naci\u00f3n\u201d.<br \/>\n<\/strong>Indudablemente, los actos programados por la Escuela N\u00ba 1-107 \u201cGenoveva Villanueva\u201d para celebrar su primer Centenario de vida institucional, conllevan importancia educacional y destacable valor cultural, por lo que estimamos oportuno y pertinente declarar de Inter\u00e9s Departamental dicha celebraci\u00f3n.<\/p>\n<p style=\"text-align: justify;\"><strong>POR ELLO:<\/strong><br \/>\nEl Honorable Concejo Deliberante de Rivadavia, Mendoza, y en uso de sus facultades<\/p>\n<p style=\"text-align: center;\"><strong>DECLARA<\/strong><\/p>\n<p style=\"text-align: justify;\"><strong>Art\u00edculo 1\u00ba:<\/strong> El Honorable Concejo Deliberante de Rivadavia, Mendoza, declara de Inter\u00e9s Departamental\u00a0 la celebraci\u00f3n del Centenario (1914-2014) de la Escuela N\u00ba 1-107 \u201cGenoveva Villanueva\u201d, de La Reducci\u00f3n.<br \/>\n<strong>Art\u00edculo 2\u00ba:<\/strong> Remitir copia de la presente pieza legal a la Directora General de Escuelas, Profesora Mar\u00eda In\u00e9s Abrille de Vollmer; al Vicepresidente del Honorable Consejo Administrativo de la Ense\u00f1anza P\u00fablica,\u00a0 Se\u00f1or Maximiano Gonz\u00e1lez; al Delegado de la Zona Este de la Direcci\u00f3n General de Escuelas, Profesor Julio Barrera; a la Supervisora de la Secci\u00f3n\u00a0 Escolar N\u00ba26, Profesora Estela Villalba y a la Directora de la Escuela N\u00ba 1-107\u00a0 \u201cGenoveva Villanueva\u201d, Profesora Adriana Abraham, para su conocimiento y dem\u00e1s efectos.<\/p>\n<p style=\"text-align: justify;\"><strong>Art\u00edculo 3\u00b0:<\/strong> Conferir un reconocimiento institucional a dicho establecimiento escolar.<\/p>\n<p style=\"text-align: justify;\"><strong>Art\u00edculo 4\u00ba:<\/strong> Comun\u00edquese al Departamento Ejecutivo a sus efectos e ins\u00e9rtese en el Libro de Declaraciones de este Cuerpo.<\/p>\n<p style=\"text-align: justify;\">Dada en la Sala de Sesiones \u201cBandera Nacional Argentina\u201d del Honorable Concejo Deliberante de Rivadavia, Mendoza, a los 09 d\u00edas del mes de setiembre de 2014.<\/p>\n<table>\n<tbody>\n<tr>\n<td style=\"text-align: center;\">ORLANDO JAVIER RODRIGUEZ<\/td>\n<td style=\"text-align: center;\">FLORINDA SEOANE<\/td>\n<\/tr>\n<tr>\n<td style=\"text-align: center;\">SECRETARIO H.C.D.<\/td>\n<td style=\"text-align: center;\">PRESIDENTA H.C.D.<\/td>\n<\/tr>\n<\/tbody>\n<\/table>\n<p style=\"text-align: right;\">Cpde. Expte. N\u00ba 2014-00193-3<\/p>\n","protected":false},"excerpt":{"rendered":"<p>DECLARACION N\u00ba 034 VISTO: El Centenario de vida institucional que cumple este a\u00f1o la Escuela N\u00ba 1-107 \u201cGenoveva Villanueva\u201d, de La Reducci\u00f3n (1914-2014), y CONSIDERANDO: Que dicho acontecimiento, se suma al de otros establecimientos escolares que vienen celebrando en estos \u00faltimos tiempos sus cien a\u00f1os de existencia en nuestro Departamento, y contribuyen con su loable [&hellip;]<\/p>\n","protected":false},"author":1,"featured_media":4276,"comment_status":"closed","ping_status":"closed","sticky":false,"template":"","format":"standard","meta":{"_acf_changed":false,"footnotes":""},"categories":[66],"tags":[],"class_list":["post-4639","post","type-post","status-publish","format-standard","has-post-thumbnail","hentry","category-declaraciones"],"acf":[],"_links":{"self":[{"href":"https:\/\/coworkdigital.com.ar\/hcd\/wp-json\/wp\/v2\/posts\/4639","targetHints":{"allow":["GET"]}}],"collection":[{"href":"https:\/\/coworkdigital.com.ar\/hcd\/wp-json\/wp\/v2\/posts"}],"about":[{"href":"https:\/\/coworkdigital.com.ar\/hcd\/wp-json\/wp\/v2\/types\/post"}],"author":[{"embeddable":true,"href":"https:\/\/coworkdigital.com.ar\/hcd\/wp-json\/wp\/v2\/users\/1"}],"replies":[{"embeddable":true,"href":"https:\/\/coworkdigital.com.ar\/hcd\/wp-json\/wp\/v2\/comments?post=4639"}],"version-history":[{"count":0,"href":"https:\/\/coworkdigital.com.ar\/hcd\/wp-json\/wp\/v2\/posts\/4639\/revisions"}],"wp:featuredmedia":[{"embeddable":true,"href":"https:\/\/coworkdigital.com.ar\/hcd\/wp-json\/wp\/v2\/media\/4276"}],"wp:attachment":[{"href":"https:\/\/coworkdigital.com.ar\/hcd\/wp-json\/wp\/v2\/media?parent=4639"}],"wp:term":[{"taxonomy":"category","embeddable":true,"href":"https:\/\/coworkdigital.com.ar\/hcd\/wp-json\/wp\/v2\/categories?post=4639"},{"taxonomy":"post_tag","embeddable":true,"href":"https:\/\/coworkdigital.com.ar\/hcd\/wp-json\/wp\/v2\/tags?post=4639"}],"curies":[{"name":"wp","href":"https:\/\/api.w.org\/{rel}","templated":true}]}}