{"id":4641,"date":"2014-09-02T13:50:06","date_gmt":"2014-09-02T13:50:06","guid":{"rendered":"http:\/\/www.rivadaviamendoza.gob.ar\/hcd\/?p=4641"},"modified":"2014-09-02T13:50:06","modified_gmt":"2014-09-02T13:50:06","slug":"declaracion-33-2014","status":"publish","type":"post","link":"https:\/\/coworkdigital.com.ar\/hcd\/declaracion-33-2014\/","title":{"rendered":"Declaraci\u00f3n 33-2014"},"content":{"rendered":"<p style=\"text-align: center;\"><strong><img fetchpriority=\"high\" decoding=\"async\" class=\"wp-image-1054 aligncenter\" src=\"http:\/\/rd.gov.ar\/wp4\/wp-content\/uploads\/2017\/02\/encabezado-300x60.jpg\" alt=\"\" width=\"669\" height=\"134\" \/><\/strong><\/p>\n<p style=\"text-align: center;\"><strong>DECLARACION\u00a0 N\u00ba 33<\/strong><\/p>\n<p><strong>VISTO:<\/strong><br \/>\nLa necesidad de instalar un \u201cHogar de D\u00eda Municipal\u201d, en Rivadavia, y<\/p>\n<p style=\"text-align: justify;\"><strong>CONSIDERANDO:<br \/>\n<\/strong>Que, desde vieja data, existen preceptos universales sobre los \u201cderechos\u201d que les asisten a las personas de la tercera edad, adultos mayores o ancianos, que apuntan a su protecci\u00f3n y promoci\u00f3n de salud. Que no s\u00f3lo la familia es responsable de la calidad de vida de sus mayores, sino el Estado, que es quien debe colaborar con ella gestionando acciones concretas tendientes a que tales derechos sean garantizados.<br \/>\nLa realidad actual nos muestra que d\u00eda a d\u00eda se va incrementando la demanda de servicios orientados a la atenci\u00f3n integral de los adultos mayores, producto de la pasividad, dependencia, aislamiento y marginalidad que padecen, generados por situaciones familiares particulares y sociales -propias de nuestra \u00e9poca- que afectan a esa cada vez m\u00e1s amplia franja de la poblaci\u00f3n.<br \/>\nInstalar un Hogar de D\u00eda, es poder contar con un establecimiento especializado que permita remplazar al \u201chogar\u201d durante la jornada diurna. Es, adem\u00e1s, una alternativa para que los mayores carentes de estimulaci\u00f3n cognitiva, f\u00edsica y social en su domicilio, encuentren un espacio institucional para mejorar su calidad de vida y seguridad personal (cuando quedan solos en su casa).<br \/>\nEl Hogar de D\u00eda <strong>\u201cpermite abrir y ampliar la posibilidad del adulto mayor, fuera de su marco familiar y social \u00edntimo, brindando el merecido alivio a sus cuidadores, sin la sensaci\u00f3n de haber sido abandonados\u201d.<\/strong><br \/>\nAsimismo, en este tipo de establecimientos se tiende a la reinserci\u00f3n social de las personas mayores por medio de la recuperaci\u00f3n productiva y su revalorizaci\u00f3n como trasmisoras de experiencias y portadoras de nuestras historias.<br \/>\nA nadie escapa, entonces, que estamos frente a una iniciativa que nos compromete como representantes del pueblo, habida cuenta del valor que ella conlleva y de la finalidad de la misma.<\/p>\n<p style=\"text-align: justify;\"><strong>POR ELLO:<\/strong><br \/>\nEl Honorable Concejo Deliberante de Rivadavia, Mendoza, y en uso de sus facultades<\/p>\n<p style=\"text-align: center;\"><strong>DECLARA<\/strong><\/p>\n<p style=\"text-align: justify;\"><strong>Art\u00edculo 1\u00ba:<\/strong> Se ver\u00eda con agrado que el Departamento Ejecutivo efectuara los actos \u00fatiles y necesarios tendientes a instalar un Hogar de D\u00eda Municipal en Rivadavia.<\/p>\n<p style=\"text-align: justify;\"><strong>Art\u00edculo 2\u00ba:<\/strong> Comun\u00edquese al Departamento Ejecutivo a sus efectos e ins\u00e9rtese en el Libro de Declaraciones de este Cuerpo.<\/p>\n<p style=\"text-align: justify;\">Dada en la Sala de Sesiones \u201cBandera Nacional Argentina\u201d del Honorable Concejo Deliberante de Rivadavia, Mendoza, a los 02 d\u00edas del mes de setiembre de 2014.<\/p>\n<table>\n<tbody>\n<tr>\n<td style=\"text-align: center;\">ORLANDO JAVIER RODRIGUEZ<\/td>\n<td style=\"text-align: center;\">FLORINDA SEOANE<\/td>\n<\/tr>\n<tr>\n<td style=\"text-align: center;\">SECRETARIO H.C.D.<\/td>\n<td style=\"text-align: center;\">PRESIDENTA H.C.D.<\/td>\n<\/tr>\n<\/tbody>\n<\/table>\n<p style=\"text-align: right;\">Cpde. Expte. N\u00ba 2014-00187-5 H.C.D.<\/p>\n","protected":false},"excerpt":{"rendered":"<p>DECLARACION\u00a0 N\u00ba 33 VISTO: La necesidad de instalar un \u201cHogar de D\u00eda Municipal\u201d, en Rivadavia, y CONSIDERANDO: Que, desde vieja data, existen preceptos universales sobre los \u201cderechos\u201d que les asisten a las personas de la tercera edad, adultos mayores o ancianos, que apuntan a su protecci\u00f3n y promoci\u00f3n de salud. Que no s\u00f3lo la familia [&hellip;]<\/p>\n","protected":false},"author":1,"featured_media":4276,"comment_status":"closed","ping_status":"closed","sticky":false,"template":"","format":"standard","meta":{"_acf_changed":false,"footnotes":""},"categories":[66],"tags":[],"class_list":["post-4641","post","type-post","status-publish","format-standard","has-post-thumbnail","hentry","category-declaraciones"],"acf":[],"_links":{"self":[{"href":"https:\/\/coworkdigital.com.ar\/hcd\/wp-json\/wp\/v2\/posts\/4641","targetHints":{"allow":["GET"]}}],"collection":[{"href":"https:\/\/coworkdigital.com.ar\/hcd\/wp-json\/wp\/v2\/posts"}],"about":[{"href":"https:\/\/coworkdigital.com.ar\/hcd\/wp-json\/wp\/v2\/types\/post"}],"author":[{"embeddable":true,"href":"https:\/\/coworkdigital.com.ar\/hcd\/wp-json\/wp\/v2\/users\/1"}],"replies":[{"embeddable":true,"href":"https:\/\/coworkdigital.com.ar\/hcd\/wp-json\/wp\/v2\/comments?post=4641"}],"version-history":[{"count":0,"href":"https:\/\/coworkdigital.com.ar\/hcd\/wp-json\/wp\/v2\/posts\/4641\/revisions"}],"wp:featuredmedia":[{"embeddable":true,"href":"https:\/\/coworkdigital.com.ar\/hcd\/wp-json\/wp\/v2\/media\/4276"}],"wp:attachment":[{"href":"https:\/\/coworkdigital.com.ar\/hcd\/wp-json\/wp\/v2\/media?parent=4641"}],"wp:term":[{"taxonomy":"category","embeddable":true,"href":"https:\/\/coworkdigital.com.ar\/hcd\/wp-json\/wp\/v2\/categories?post=4641"},{"taxonomy":"post_tag","embeddable":true,"href":"https:\/\/coworkdigital.com.ar\/hcd\/wp-json\/wp\/v2\/tags?post=4641"}],"curies":[{"name":"wp","href":"https:\/\/api.w.org\/{rel}","templated":true}]}}