{"id":4643,"date":"2014-08-26T14:02:39","date_gmt":"2014-08-26T14:02:39","guid":{"rendered":"http:\/\/www.rivadaviamendoza.gob.ar\/hcd\/?p=4643"},"modified":"2014-08-26T14:02:39","modified_gmt":"2014-08-26T14:02:39","slug":"declaracion-32-2014","status":"publish","type":"post","link":"https:\/\/coworkdigital.com.ar\/hcd\/declaracion-32-2014\/","title":{"rendered":"Declaraci\u00f3n 32-2014"},"content":{"rendered":"<p style=\"text-align: center;\"><strong><img fetchpriority=\"high\" decoding=\"async\" class=\"wp-image-1054 aligncenter\" src=\"http:\/\/rd.gov.ar\/wp4\/wp-content\/uploads\/2017\/02\/encabezado-300x60.jpg\" alt=\"\" width=\"669\" height=\"134\" \/><\/strong><\/p>\n<p style=\"text-align: center;\"><strong>DECLARACION\u00a0 N\u00ba 32<\/strong><\/p>\n<p style=\"text-align: justify;\"><strong>VISTO:<br \/>\n<\/strong>La relevancia adquirida por el <strong>Programa \u201cNo Estamos Locos\u201d<\/strong>, que se emite los s\u00e1bados de 09:00 a 13:00 por F.M.Amadeus 91.9, de Rivadavia y<\/p>\n<p style=\"text-align: justify;\"><strong>CONSIDERANDO:<\/strong><br \/>\nQue dicho Programa comenz\u00f3 a emitirse el 17 de de noviembre de 2012. Su formato es de Inter\u00e9s General con la modalidad de entrevistas en vivo o por comunicaci\u00f3n telef\u00f3nica; adem\u00e1s incluye notas, comentarios y sorteos especiales, matizados con m\u00fasica acorde con el programa, con bloques especiales de noticias ins\u00f3litas y m\u00fasica del recuerdo.<br \/>\nEn l\u00edneas generales, los invitados responden a distintas especialidades: desde deportistas hasta profesionales de la salud, docentes, estudiantes, bailarines, profesores de variadas disciplinas, representantes de entidades intermedias, de bien p\u00fablico y artistas de la zona.<br \/>\nEn particular, se emiten Programas Especiales. En su primer a\u00f1o de vida se han realizado especiales para el D\u00eda del Periodista, D\u00eda del Locutor, D\u00eda del Padre Comercial (tercer domingo de junio) y D\u00eda del Padre Mendocino (24 de agosto) y D\u00eda de la Madre.<br \/>\nDesde su nacimiento cuenta con un espacio en\u00a0 Facebook: \u201cNo Estamos Locos\u201d, y un evento creado a trav\u00e9s de la misma red social, permitiendo la interacci\u00f3n\u00a0 durante la semana\u00a0 para anunciar a los invitados que estar\u00e1n en el programa y durante la emisi\u00f3n del mismo.<br \/>\nSu inserci\u00f3n en la audiencia se hace notoria no s\u00f3lo a trav\u00e9s de la red social,\u00a0 sino en la importante cantidad de saludos personales y de reconocimientos de comentarios que se realizan durante el desarrollo del mismo.<br \/>\nOtro aspecto destacable, y para ser tenido en cuenta, es el cremiento de audiencia a trav\u00e9s de internet. El hecho que la emisora cuente con ese v\u00ednculo permite que desde una computadora y hasta de un tel\u00e9fono celular de los denominados \u201cinteligentes\u201d se pueda escuchar.<br \/>\nEl Programa fue invitado especialmente a participar de premiaciones a programas de radio y televisi\u00f3n en el a\u00f1o 2013. Su material fue enviado a la provincia de Neuqu\u00e9n para los premios <strong>\u201cLan\u00edn de Oro\u201d<\/strong>, y a la ciudad de Mar del Plata para los premios <strong>\u201cFaro de Oro\u201d<\/strong>.<br \/>\nEn el caso de los premios <strong>\u201cLan\u00edn de Oro\u201d<\/strong>, las radios AM y F.M. participan por separado, mientras que en los premios <strong>\u201cFaro de Oro\u201d<\/strong> participan todas juntas haciendo que la \u201ccompetencia\u201d sea m\u00e1s exigente y rigurosa.<br \/>\nPara los <strong>\u201cLan\u00edn de Oro 2013\u201d<\/strong>, el Programa fue nominado en los siguientes rubros:<br \/>\n&#8211; Mejor Producci\u00f3n Integral de Radio F.M.<br \/>\n&#8211; Mejor Programa de Inter\u00e9s General de Radio F.M.<br \/>\n&#8211; Mejor Art\u00edstica d e Programa de Radio F.M.<br \/>\n&#8211; Mejor Operador de Radio F.M. (Nicol\u00e1s Molina).<br \/>\n&#8211; Mejor Labor Period\u00edstica de Radio F.M. (H\u00e9ctor Eduardo Freire).<br \/>\n&#8211; Mejor Conducci\u00f3n y Animaci\u00f3n Masculina de Radio F.M. (H\u00e9ctor Eduardo Freire).<br \/>\nLa ceremonia de premiaci\u00f3n se realiz\u00f3 el s\u00e1bado <strong>2 de noviembre de 2013<\/strong>, en el Sal\u00f3n \u201cP\u00f3rtico\u201d de la localidad neuquina de San Mart\u00edn de Los Andes. All\u00ed, el <strong>Programa \u201cNO ESTAMOS LOCOS\u201d, fue premiado en:<br \/>\n&#8211; Mejor Art\u00edstica de Radio F.M.<br \/>\n&#8211; Mejor Producci\u00f3n Integral de Radio F.M.<br \/>\n&#8211; Mejor Conducci\u00f3n y Animaci\u00f3n Masculina de Radio F.M. (H\u00e9ctor Eduardo Freire).<br \/>\n<\/strong>En los<strong> Premios \u201cFaro de Oro\u201d<\/strong> el Programa fue nominado en los siguientes rubros:<br \/>\n&#8211; Mejor Programa de Inter\u00e9s General en Radio.<br \/>\n&#8211; Mejor Producci\u00f3n Integral en Radio.<br \/>\n&#8211; Mejor Operador en Radio (Nicol\u00e1s Molina).<br \/>\n&#8211; Mejor Conducci\u00f3n y Animaci\u00f3n Masculina en Radio (H\u00e9ctor Eduardo Freire).<br \/>\nLa ceremonia de premiaci\u00f3n se realiz\u00f3 el <strong>16 de noviembre de 2013<\/strong> en el Teatro City de la ciudad de Mar del Plata. All\u00ed el <strong>Programa \u201cNo Estamos Locos\u201d, fue premiado en el rubro:<br \/>\n-Mejor Producci\u00f3n Integral en Radio<\/strong>.<br \/>\nEn los Premios <strong>\u201cReina del Plata\u201d<\/strong>, entregados el <strong>s\u00e1bado 26 de julio de 2014<\/strong> en el Hotel \u201cClaridge\u201d en calle Tucum\u00e1n 535 de Capital Federal, el Programa fue nominado en los siguientes rubros:<br \/>\n&#8211; Mejor Operaci\u00f3n T\u00e9cnica (Nicol\u00e1s Molina)<br \/>\n&#8211; Mejor Producci\u00f3n General.<br \/>\n&#8211; Mejor Programa Especial: emitido el 24 de agosto de 2013 en homenaje al \u201cD\u00eda del Padre Mendocino\u201d<br \/>\n&#8211; Mejor Conduccion Masculina (H\u00e9ctor Eduardo Freire).<br \/>\n<strong>El Programa obtuvo tres estatuillas:<br \/>\n&#8211; Mejor Operaci\u00f3n T\u00e9cnica: Nicol\u00e1s Molina.<br \/>\n&#8211; Mejor Produccion General.<br \/>\n&#8211; Mejor programa Especial: El del 24 de agosto de 2013, \u201cD\u00eda del Padre Mendocino\u201d.<br \/>\n<\/strong>En estos momentos, el <strong>Programa \u201cNo Estamos Locos\u201d<\/strong> se encuentra nominado para el\u00a0 Premio <strong>\u201cRa\u00edces\u201d<\/strong> (20 y 21 de setiembre en Capital Federal) en los siguientes rubros:<br \/>\n&#8211; Mejor Producci\u00f3n General.<br \/>\n&#8211; Mejor Programa Especial: 24 de agosto de 2013, \u201cD\u00eda del Padre Mendocino\u201d.<br \/>\n&#8211; Mejor conducci\u00f3n Masculina. (H\u00e9ctor Eduardo Freire).<br \/>\n&#8211; Labor Period\u00edstica Masculina. (H\u00e9ctor Eduardo Freire).<br \/>\nPara el Premio <strong>\u201cFaro de Oro\u201d<\/strong> por realizarse el pr\u00f3ximo 15 de noviembre en Mar del Plata, est\u00e1 nominado en los siguientes rubros:<br \/>\n&#8211; Mejor Producci\u00f3n General.<br \/>\n&#8211; Mejor\u00a0 Programa Especial: 24 de agosto de 2013, \u201cD\u00eda del Padre Mendocino\u201d.<br \/>\n&#8211; Mejor Conducci\u00f3n Masculina (H\u00e9ctor Eduardo Freire).<br \/>\n&#8211; Mejor Programa de Reportajes y Entrevistas.<br \/>\n&#8211; Mejor Art\u00edstica de Radio.<br \/>\nPara el Premio <strong>\u201cLan\u00edn de Oro\u201d<\/strong>, por realizarse el 25 de octubre en la provincia de R\u00edo Negro, el <strong>Programa \u201cNo Estamos Locos\u201d<\/strong> est\u00e1 nominado en los siguientes rubros:<br \/>\n&#8211; Labor period\u00edstica Masculina: H\u00e9ctor Eduardo Freire.<br \/>\n&#8211; Mejor Programa Especial: 24 de agosto de 2013, \u201cD\u00eda del Padre Mendocino\u201d.<br \/>\n&#8211; Mejor Entrevista (Facundo Capelloni y Fernando Ail\u00edn, de CADIM, San Mart\u00edn, Mendoza).<br \/>\nTeniendo en cuenta lo expuesto, evidentemente estamos frente a una actividad cultural rivadaviense que ha trascendido los l\u00edmites departamentales y de nuestra Provincia, alcanzando proyecci\u00f3n nacional.<br \/>\nAdem\u00e1s de ser plausible la actividad por la esencia misma de un quehacer comunicacional, m\u00e1s all\u00e1 de lo com\u00fan en los rubros competidos y por competir,\u00a0 debemos valorar el que corresponde a <strong>\u201cMejor Programa Especial: 24 de agosto, `D\u00eda del Padre Mendocino\u00b4\u201d<\/strong>, puesto que con el mismo, no s\u00f3lo los rivadavienses nos sentimos orgullosos sino todos los comprovincianos, en la firme esperanza que a trav\u00e9s de la acci\u00f3n llevada a cabo por los medios de comunicaci\u00f3n, se geste la iniciativa en el seno del Congreso Nacional para que en un d\u00eda cercano podamos tener la Ley que establezca : <strong>\u201cD\u00eda del Padre\u00a0 Argentino, el 24 de agosto de cada a\u00f1o\u201d<\/strong>.<\/p>\n<p style=\"text-align: justify;\"><strong>POR ELLO:<\/strong><br \/>\nEl Honorable Concejo Deliberante de Rivadavia, Mendoza, y en uso de sus facultades<\/p>\n<p style=\"text-align: center;\"><strong>DECLARA<\/strong><\/p>\n<p style=\"text-align: justify;\"><strong>Art\u00edculo 1\u00ba:<\/strong> Declarar de Inter\u00e9s Cultural Departamental el <strong>Programa \u201cNo Estamos Locos\u201d<\/strong>, que se emite los s\u00e1bados de 09.00 a 13.00 por F.M. Amadeus 91.9, de Rivadavia.<\/p>\n<p style=\"text-align: justify;\"><strong>Art\u00edculo 2\u00ba:<\/strong> Brindar un reconocimiento institucional a los se\u00f1ores H\u00e9ctor Eduardo Freire y Nicol\u00e1s Molina por los premios obtenidos a nivel nacional por el <strong>Programa \u201cNo estamos Locos\u201d<\/strong>.<\/p>\n<p style=\"text-align: justify;\"><strong>Art\u00edculo 3\u00ba:<\/strong> Comun\u00edquese al Departamento Ejecutivo a sus efectos e ins\u00e9rtese en el Libro de Declaraciones de este Cuerpo.<\/p>\n<p style=\"text-align: justify;\">Dada en la Sala de Sesiones \u201cBandera Nacional Argentina\u201d del Honorable Concejo Deliberante de Rivadavia, Mendoza, a los 26 d\u00edas del mes de agosto de 2014.<\/p>\n<table>\n<tbody>\n<tr>\n<td style=\"text-align: center;\">ORLANDO JAVIER RODRIGUEZ<\/td>\n<td style=\"text-align: center;\">FLORINDA SEOANE<\/td>\n<\/tr>\n<tr>\n<td style=\"text-align: center;\">SECRETARIO H.C.D.<\/td>\n<td style=\"text-align: center;\">PRESIDENTA H.C.D.<\/td>\n<\/tr>\n<\/tbody>\n<\/table>\n<p style=\"text-align: right;\">Cpde. Expte. N\u00ba 2014-00176-8<\/p>\n","protected":false},"excerpt":{"rendered":"<p>DECLARACION\u00a0 N\u00ba 32 VISTO: La relevancia adquirida por el Programa \u201cNo Estamos Locos\u201d, que se emite los s\u00e1bados de 09:00 a 13:00 por F.M.Amadeus 91.9, de Rivadavia y CONSIDERANDO: Que dicho Programa comenz\u00f3 a emitirse el 17 de de noviembre de 2012. Su formato es de Inter\u00e9s General con la modalidad de entrevistas en vivo [&hellip;]<\/p>\n","protected":false},"author":1,"featured_media":4276,"comment_status":"closed","ping_status":"closed","sticky":false,"template":"","format":"standard","meta":{"_acf_changed":false,"footnotes":""},"categories":[66],"tags":[],"class_list":["post-4643","post","type-post","status-publish","format-standard","has-post-thumbnail","hentry","category-declaraciones"],"acf":[],"_links":{"self":[{"href":"https:\/\/coworkdigital.com.ar\/hcd\/wp-json\/wp\/v2\/posts\/4643","targetHints":{"allow":["GET"]}}],"collection":[{"href":"https:\/\/coworkdigital.com.ar\/hcd\/wp-json\/wp\/v2\/posts"}],"about":[{"href":"https:\/\/coworkdigital.com.ar\/hcd\/wp-json\/wp\/v2\/types\/post"}],"author":[{"embeddable":true,"href":"https:\/\/coworkdigital.com.ar\/hcd\/wp-json\/wp\/v2\/users\/1"}],"replies":[{"embeddable":true,"href":"https:\/\/coworkdigital.com.ar\/hcd\/wp-json\/wp\/v2\/comments?post=4643"}],"version-history":[{"count":0,"href":"https:\/\/coworkdigital.com.ar\/hcd\/wp-json\/wp\/v2\/posts\/4643\/revisions"}],"wp:featuredmedia":[{"embeddable":true,"href":"https:\/\/coworkdigital.com.ar\/hcd\/wp-json\/wp\/v2\/media\/4276"}],"wp:attachment":[{"href":"https:\/\/coworkdigital.com.ar\/hcd\/wp-json\/wp\/v2\/media?parent=4643"}],"wp:term":[{"taxonomy":"category","embeddable":true,"href":"https:\/\/coworkdigital.com.ar\/hcd\/wp-json\/wp\/v2\/categories?post=4643"},{"taxonomy":"post_tag","embeddable":true,"href":"https:\/\/coworkdigital.com.ar\/hcd\/wp-json\/wp\/v2\/tags?post=4643"}],"curies":[{"name":"wp","href":"https:\/\/api.w.org\/{rel}","templated":true}]}}