{"id":4645,"date":"2014-08-26T14:00:29","date_gmt":"2014-08-26T14:00:29","guid":{"rendered":"http:\/\/www.rivadaviamendoza.gob.ar\/hcd\/?p=4645"},"modified":"2014-08-26T14:00:29","modified_gmt":"2014-08-26T14:00:29","slug":"declaracion-31-2014","status":"publish","type":"post","link":"https:\/\/coworkdigital.com.ar\/hcd\/declaracion-31-2014\/","title":{"rendered":"Declaraci\u00f3n 31-2014"},"content":{"rendered":"<p style=\"text-align: center;\"><strong><img fetchpriority=\"high\" decoding=\"async\" class=\"wp-image-1054 aligncenter\" src=\"http:\/\/rd.gov.ar\/wp4\/wp-content\/uploads\/2017\/02\/encabezado-300x60.jpg\" alt=\"\" width=\"669\" height=\"134\" \/><\/strong><\/p>\n<p style=\"text-align: center;\"><strong>DECLARACI\u00d3N\u00a0 N\u00ba 31-14<\/strong><\/p>\n<p style=\"text-align: justify;\"><strong>VISTO:<br \/>\n<\/strong>Que la Escuela N\u00ba 9-006 \u201cProfesor Francisco Humberto Tolosa\u201d organiza hace dos a\u00f1os consecutivos la <strong>\u201cVendimia de Cuidad de Rivadavia\u201d<\/strong>, siendo \u00e9sta una actividad que ha promovido la participaci\u00f3n y el reconocimiento de la Vendimia por parte de los estudiantes, y<\/p>\n<p style=\"text-align: justify;\"><strong>CONSIDERANDO:<\/strong><br \/>\nQue la actividad econ\u00f3mica principal del departamento de Rivadavia se centra en la vitivinicultura. Tan es as\u00ed, que existen aproximadamente 15.091,00 hect\u00e1reas cultivadas de vid que representan el 11 % del total de hect\u00e1reas cultivadas en la provincia Mendoza.<br \/>\nDebemos tener en cuenta que esta actividad se concentra en los 11 de los 13 Distritos del Departamento y significa una de las principales fuentes de trabajo para la poblaci\u00f3n econ\u00f3micamente activa de Rivadavia.<br \/>\nA nadie escapa que este predominio de dicha actividad ha impactado sustancialmente en las costumbres cotidianas y en el modo de vida de los rivadavienses, trascendiendo lo estrictamente econ\u00f3mico.<br \/>\nSeg\u00fan lo establecido en la Ley N\u00ba 26.206 de Educaci\u00f3n Nacional, que en su Art. 8\u00ba\u00a0 prev\u00e9 que la educaci\u00f3n debe\u00a0 <em>\u201cdesarrollar y fortalecer la formaci\u00f3n integral de las personas a lo largo de toda la vida y promover en cada educando\/a la capacidad de definir su proyecto de vida, basado en los valores de libertad, paz, solidaridad, igualdad, respeto a la diversidad, justicia, responsabilidad y bien com\u00fan\u201d<\/em>, entendemos que la iniciativa de la Escuela Tolosa promueve estos principios.<br \/>\nDe acuerdo con la misma Ley, en relaci\u00f3n con\u00a0 la educaci\u00f3n secundaria, su Art 30\u00ba\u00a0 plantea que <em>\u201ces responsabilidad de la Escuela brindar una formaci\u00f3n \u00e9tica que permita a los\/as estudiantes desempe\u00f1arse como sujetos conscientes de sus derechos y obligaciones, que se preparen para el ejercicio de la ciudadan\u00eda democr\u00e1tica y preserven el patrimonio natural y cultural, adem\u00e1s de formar sujetos responsables, que sean capaces de utilizar el conocimiento como herramienta para comprender y transformar constructivamente su entorno social, econ\u00f3mico, ambiental y cultural, y de situarse como participantes activos\/as en un mundo en permanente cambio\u201d<\/em>.<br \/>\nPor ende, es fundamental que la Escuela, como principal instituci\u00f3n formadora de ciudadan\u00eda, reconozca las implicancias culturales, sociales, econ\u00f3micas y pol\u00edticas que tiene la Vendimia en nuestra sociedad.<br \/>\nEn tal sentido, la Escuela \u201cProfesor Francisco Humberto Tolosa\u201d ha promovido como Proyecto Educativo Institucional, la <strong>Vendimia de Ciudad<\/strong>. Esta iniciativa educacional es transversal a todas las \u00e1reas curriculares, contribuyendo a desarrollar la participaci\u00f3n y el compromiso de estudiantes, docentes, no docentes y equipos t\u00e9cnicos y directivos en la realizaci\u00f3n de una actividad que trasciende las paredes del Establecimiento, y apuesta a fortalecer la matriz productiva del Departamento.<br \/>\nNo nos caben dudas, de que estamos frente a una valiosa iniciativa que merece nuestro reconocimiento y nos mueve, no s\u00f3lo a declararla de inter\u00e9s cultural \u2013 departamental, sino a invitar a los establecimientos educacionales de Rivadavia, a sumarse a la misma.<\/p>\n<p style=\"text-align: justify;\"><strong>POR ELLO:<\/strong><br \/>\nEl Honorable Concejo Deliberante de Rivadavia, Mendoza, y en uso de sus facultades:<\/p>\n<p style=\"text-align: center;\"><strong>DECLARA<\/strong><\/p>\n<p style=\"text-align: justify;\"><strong>Art\u00edculo 1\u00ba:<\/strong> Declarar de inter\u00e9s departamental y cultural, la organizaci\u00f3n de la \u201cVendimia de Ciudad\u201d por parte de la Escuela N\u00ba 9-006 \u201cProfesor Francisco Humberto Tolosa\u201d.<\/p>\n<p style=\"text-align: justify;\"><strong>Art\u00edculo 2\u00ba:<\/strong> Elevar copia de esta pieza legal a las escuelas primarias y secundarias del Departamento, a los efectos de que tan valiosa iniciativa se incluya como actividad en los distintos proyectos educativos institucionales.<\/p>\n<p style=\"text-align: justify;\"><strong>Art\u00edculo 3\u00ba:<\/strong> Remitir copia de la presente pieza legal al Delegado de la zona Este de la Direcci\u00f3n General de Escuelas, Profesor Julio Barrera; a la Rectora de la Escuela N\u00ba 9-006 \u201cProfesor Francisco Humberto Tolosa\u201d, Profesora Patricia Abraham y a la Directora del citado Establecimiento Educacional, Profesora Adriana Mart\u00ednez.<\/p>\n<p style=\"text-align: justify;\"><strong>Art\u00edculo 4\u00ba:<\/strong> Comun\u00edquese al Departamento Ejecutivo a sus efectos e ins\u00e9rtese en el Libro de Declaraciones de este Cuerpo.<\/p>\n<p style=\"text-align: justify;\">Dada en la Sala de Sesiones \u201cBandera Nacional Argentina\u201d del Honorable Concejo Deliberante de Rivadavia, Mendoza, a los 26 d\u00edas del mes de agosto de 2014.<\/p>\n<table>\n<tbody>\n<tr>\n<td style=\"text-align: center;\">ORLANDO JAVIER RODRIGUEZ<\/td>\n<td style=\"text-align: center;\">FLORINDA SEOANE<\/td>\n<\/tr>\n<tr>\n<td style=\"text-align: center;\">SECRETARIO H.C.D.<\/td>\n<td style=\"text-align: center;\">PRESIDENTA H.C.D.<\/td>\n<\/tr>\n<\/tbody>\n<\/table>\n<p style=\"text-align: right;\">Cpde. Expte. N\u00ba 2014-00181-8<\/p>\n","protected":false},"excerpt":{"rendered":"<p>DECLARACI\u00d3N\u00a0 N\u00ba 31-14 VISTO: Que la Escuela N\u00ba 9-006 \u201cProfesor Francisco Humberto Tolosa\u201d organiza hace dos a\u00f1os consecutivos la \u201cVendimia de Cuidad de Rivadavia\u201d, siendo \u00e9sta una actividad que ha promovido la participaci\u00f3n y el reconocimiento de la Vendimia por parte de los estudiantes, y CONSIDERANDO: Que la actividad econ\u00f3mica principal del departamento de Rivadavia [&hellip;]<\/p>\n","protected":false},"author":1,"featured_media":4276,"comment_status":"closed","ping_status":"closed","sticky":false,"template":"","format":"standard","meta":{"_acf_changed":false,"footnotes":""},"categories":[66],"tags":[],"class_list":["post-4645","post","type-post","status-publish","format-standard","has-post-thumbnail","hentry","category-declaraciones"],"acf":[],"_links":{"self":[{"href":"https:\/\/coworkdigital.com.ar\/hcd\/wp-json\/wp\/v2\/posts\/4645","targetHints":{"allow":["GET"]}}],"collection":[{"href":"https:\/\/coworkdigital.com.ar\/hcd\/wp-json\/wp\/v2\/posts"}],"about":[{"href":"https:\/\/coworkdigital.com.ar\/hcd\/wp-json\/wp\/v2\/types\/post"}],"author":[{"embeddable":true,"href":"https:\/\/coworkdigital.com.ar\/hcd\/wp-json\/wp\/v2\/users\/1"}],"replies":[{"embeddable":true,"href":"https:\/\/coworkdigital.com.ar\/hcd\/wp-json\/wp\/v2\/comments?post=4645"}],"version-history":[{"count":0,"href":"https:\/\/coworkdigital.com.ar\/hcd\/wp-json\/wp\/v2\/posts\/4645\/revisions"}],"wp:featuredmedia":[{"embeddable":true,"href":"https:\/\/coworkdigital.com.ar\/hcd\/wp-json\/wp\/v2\/media\/4276"}],"wp:attachment":[{"href":"https:\/\/coworkdigital.com.ar\/hcd\/wp-json\/wp\/v2\/media?parent=4645"}],"wp:term":[{"taxonomy":"category","embeddable":true,"href":"https:\/\/coworkdigital.com.ar\/hcd\/wp-json\/wp\/v2\/categories?post=4645"},{"taxonomy":"post_tag","embeddable":true,"href":"https:\/\/coworkdigital.com.ar\/hcd\/wp-json\/wp\/v2\/tags?post=4645"}],"curies":[{"name":"wp","href":"https:\/\/api.w.org\/{rel}","templated":true}]}}