{"id":4649,"date":"2014-08-06T14:39:18","date_gmt":"2014-08-06T14:39:18","guid":{"rendered":"http:\/\/www.rivadaviamendoza.gob.ar\/hcd\/?p=4649"},"modified":"2014-08-06T14:39:18","modified_gmt":"2014-08-06T14:39:18","slug":"declaracion-29-2014","status":"publish","type":"post","link":"https:\/\/coworkdigital.com.ar\/hcd\/declaracion-29-2014\/","title":{"rendered":"Declaraci\u00f3n 29-2014"},"content":{"rendered":"<p style=\"text-align: center;\"><strong><img fetchpriority=\"high\" decoding=\"async\" class=\"wp-image-1054 aligncenter\" src=\"http:\/\/rd.gov.ar\/wp4\/wp-content\/uploads\/2017\/02\/encabezado-300x60.jpg\" alt=\"\" width=\"669\" height=\"134\" \/><\/strong><\/p>\n<p style=\"text-align: center;\"><strong>DECLARACI\u00d3N\u00a0 N\u00ba 29-14<\/strong><\/p>\n<p style=\"text-align: justify;\"><strong>VISTO:<br \/>\n<\/strong>El Expediente N\u00ba2014-00166-9, caratulado: \u201cBloque U.C.R.-P.S. Solicita Proyecto de Declaraci\u00f3n: Se ver\u00eda con agrado la visita al departamento de Rivadavia del Decano UTN y Anexo Rivadavia\u201d, y<\/p>\n<p style=\"text-align: justify;\"><strong>CONSIDERANDO:<\/strong><br \/>\nLa necesidad de tratar temas relacionados con la Universidad Tecnol\u00f3gica Nacional, y sus carreras dictadas en el Departamento.<br \/>\nQue la Universidad Tecnol\u00f3gica Nacional, Anexo Rivadavia, desarrolla sus actividades\u00a0 desde hace m\u00e1s de 15 a\u00f1os.<br \/>\nEs reconocida la cantidad de alumnos que a\u00f1o a a\u00f1o comienzan y contin\u00faan sus actividades universitarias en el Anexo, provenientes de los departamentos de Santa Rosa, La Paz, Jun\u00edn, San Mart\u00edn y Rivadavia.<br \/>\nCabe destacar que el gasto para el mantenimiento del servicio educacional, prestado en nuestro Departamento y solventado por el Municipio es muy significativo, ya que se provee al Anexo con un edificio para su uso exclusivo, con personal administrativo y de mantenimiento, adem\u00e1s de pagar sueldos a profesores.<br \/>\nQue, a partir del pasado pr\u00f3ximo 21 de julio, la Universidad Tecnol\u00f3gica Nacional dict\u00f3 el preuniversitario de ingreso en las carreras de Ingenier\u00eda Civil, Electr\u00f3nica, Electromec\u00e1nica, Qu\u00edmica y Sistemas. Y el cursado se realizar\u00e1 en la sede de 25 de Mayo 630, del departamento de General San Mart\u00edn.<br \/>\nCabe mencionar que en el Anexo Rivadavia, s\u00f3lo se dictan clases del Preuniversitario: 1\u00ba, 2\u00ba y 3\u00ba a\u00f1os; y en el campus Universitario M\u00faltiple de San Mart\u00edn, se dictar\u00e1 el preuniversitario y todos los a\u00f1os de las carreras.<br \/>\nTeniendo en cuenta que es importante coordinar y unificar las actividades educacionales y, tambi\u00e9n que es necesario que se tome en consideraci\u00f3n que Rivadavia s\u00f3lo ha celebrado convenios con Universidades P\u00fablicas (Universidad Tecnol\u00f3gica Nacional y Universidad Nacional de Cuyo, creemos oportuno tratar temas acad\u00e9micos con las autoridades de esa Alta Casa de Estudios con el se\u00f1or Decano y la se\u00f1ora Delegada departamental.<\/p>\n<p style=\"text-align: justify;\"><strong>POR ELLO:<\/strong><br \/>\nEl Honorable Concejo Deliberante de Rivadavia, Mendoza, y en uso de sus facultades:<\/p>\n<p style=\"text-align: center;\"><strong>DECLARA<\/strong><\/p>\n<p style=\"text-align: justify;\"><strong>Art\u00edculo 1\u00ba:<\/strong> Se ver\u00eda con agrado la visita a este Honorable Concejo Deliberante del Departamento de Rivadavia del Decano de la Universidad Tecnol\u00f3gica Nacional regional Mendoza, Ing. Eduardo Balacco Anexo Rivadavia Coordinadora Administrativa Ing. Claudia Rodr\u00edguez, a fines de tratar temas acad\u00e9micos.<\/p>\n<p style=\"text-align: justify;\"><strong>Art\u00edculo 2\u00ba:<\/strong> Remitir copia de la presente pieza legal al Decano de la Universidad Tecnol\u00f3gica Nacional y a la Coordinadora Administrativa del Anexo Rivadavia.<\/p>\n<p style=\"text-align: justify;\"><strong>Art\u00edculo 3\u00ba:<\/strong> Comun\u00edquese al Departamento Ejecutivo a sus efectos e ins\u00e9rtese en el Libro de Declaraciones de este Cuerpo.<\/p>\n<p style=\"text-align: justify;\">Dada en la Sala de Sesiones \u201cBandera Nacional Argentina\u201d del Honorable Concejo Deliberante de Rivadavia, Mendoza, a los 06 d\u00edas del mes de agosto de 2014.<\/p>\n<table>\n<tbody>\n<tr>\n<td style=\"text-align: center;\">ORLANDO JAVIER RODRIGUEZ<\/td>\n<td style=\"text-align: center;\">FLORINDA SEOANE<\/td>\n<\/tr>\n<tr>\n<td style=\"text-align: center;\">SECRETARIO H.C.D.<\/td>\n<td style=\"text-align: center;\">PRESIDENTA H.C.D.<\/td>\n<\/tr>\n<\/tbody>\n<\/table>\n<p style=\"text-align: right;\">Cpde. Expte. N\u00ba 2014-00166-9<\/p>\n","protected":false},"excerpt":{"rendered":"<p>DECLARACI\u00d3N\u00a0 N\u00ba 29-14 VISTO: El Expediente N\u00ba2014-00166-9, caratulado: \u201cBloque U.C.R.-P.S. Solicita Proyecto de Declaraci\u00f3n: Se ver\u00eda con agrado la visita al departamento de Rivadavia del Decano UTN y Anexo Rivadavia\u201d, y CONSIDERANDO: La necesidad de tratar temas relacionados con la Universidad Tecnol\u00f3gica Nacional, y sus carreras dictadas en el Departamento. Que la Universidad Tecnol\u00f3gica Nacional, [&hellip;]<\/p>\n","protected":false},"author":1,"featured_media":4276,"comment_status":"closed","ping_status":"closed","sticky":false,"template":"","format":"standard","meta":{"_acf_changed":false,"footnotes":""},"categories":[66],"tags":[],"class_list":["post-4649","post","type-post","status-publish","format-standard","has-post-thumbnail","hentry","category-declaraciones"],"acf":[],"_links":{"self":[{"href":"https:\/\/coworkdigital.com.ar\/hcd\/wp-json\/wp\/v2\/posts\/4649","targetHints":{"allow":["GET"]}}],"collection":[{"href":"https:\/\/coworkdigital.com.ar\/hcd\/wp-json\/wp\/v2\/posts"}],"about":[{"href":"https:\/\/coworkdigital.com.ar\/hcd\/wp-json\/wp\/v2\/types\/post"}],"author":[{"embeddable":true,"href":"https:\/\/coworkdigital.com.ar\/hcd\/wp-json\/wp\/v2\/users\/1"}],"replies":[{"embeddable":true,"href":"https:\/\/coworkdigital.com.ar\/hcd\/wp-json\/wp\/v2\/comments?post=4649"}],"version-history":[{"count":0,"href":"https:\/\/coworkdigital.com.ar\/hcd\/wp-json\/wp\/v2\/posts\/4649\/revisions"}],"wp:featuredmedia":[{"embeddable":true,"href":"https:\/\/coworkdigital.com.ar\/hcd\/wp-json\/wp\/v2\/media\/4276"}],"wp:attachment":[{"href":"https:\/\/coworkdigital.com.ar\/hcd\/wp-json\/wp\/v2\/media?parent=4649"}],"wp:term":[{"taxonomy":"category","embeddable":true,"href":"https:\/\/coworkdigital.com.ar\/hcd\/wp-json\/wp\/v2\/categories?post=4649"},{"taxonomy":"post_tag","embeddable":true,"href":"https:\/\/coworkdigital.com.ar\/hcd\/wp-json\/wp\/v2\/tags?post=4649"}],"curies":[{"name":"wp","href":"https:\/\/api.w.org\/{rel}","templated":true}]}}