{"id":4655,"date":"2014-07-29T14:40:35","date_gmt":"2014-07-29T14:40:35","guid":{"rendered":"http:\/\/www.rivadaviamendoza.gob.ar\/hcd\/?p=4655"},"modified":"2014-07-29T14:40:35","modified_gmt":"2014-07-29T14:40:35","slug":"declaracion-26-2014","status":"publish","type":"post","link":"https:\/\/coworkdigital.com.ar\/hcd\/declaracion-26-2014\/","title":{"rendered":"Declaraci\u00f3n 26-2014"},"content":{"rendered":"<p style=\"text-align: center;\"><strong><img fetchpriority=\"high\" decoding=\"async\" class=\"wp-image-1054 aligncenter\" src=\"http:\/\/rd.gov.ar\/wp4\/wp-content\/uploads\/2017\/02\/encabezado-300x60.jpg\" alt=\"\" width=\"669\" height=\"134\" \/><\/strong><\/p>\n<p style=\"text-align: center;\"><strong>DECLARACI\u00d3N\u00a0 N\u00ba 26-14<\/strong><\/p>\n<p style=\"text-align: justify;\"><strong>VISTO:<br \/>\n<\/strong>La pol\u00edtica que est\u00e1 llevando adelante el Estado Nacional en materia de salud, m\u00e1s concretamente en la ampliaci\u00f3n del calendario nacional de vacunaci\u00f3n, y<\/p>\n<p style=\"text-align: justify;\"><strong>CONSIDERANDO:<\/strong><br \/>\nQue es fundamental adherir a la ampliaci\u00f3n del Calendario Nacional de Vacunaci\u00f3n, ya que se han sumado tres vacunas m\u00e1s al mencionado calendario: la del <strong>ROTAVRUS, VARICELA Y MENINGOCOCO<\/strong>.<br \/>\nDicha ampliaci\u00f3n permitir\u00e1 en el futuro prevenir enfermedades que diezman a la poblaci\u00f3n infantil y por ende al futuro de nuestra patria.<br \/>\nSe debe entender que el Gobierno Nacional ha tomado el tema vacunaci\u00f3n como una pol\u00edtica de Estado, ya que\u00a0 observamos constantemente como se ha ido ampliando el calendario de vacunas en la gesti\u00f3n de Presidencia\u00a0 de Cristina Fern\u00e1ndez de Kirchner. Esto implica la toma de conciencia de esta pol\u00edtica de Estado; ya que para algunas personas esto se toma como un gasto y no como una inversi\u00f3n, perdiendo de vista, que cada vida que se pierde y que se puede\u00a0 evitar, se torna discriminatorio hacia los m\u00e1s desprotegidos.<br \/>\nEsta ampliaci\u00f3n comenzar\u00e1 a aplicarse a partir del pr\u00f3ximo a\u00f1os a 1.500.000 ni\u00f1os menores de dos a\u00f1os, y para lograr esta expansi\u00f3n el Estado Nacional aument\u00f3 desde el 2003 en un 1.719 por ciento el presupuesto destinado para lograr este objetivo. Adem\u00e1s, la pol\u00edtica de inmunizaciones del Estado Argentino ha sido reconocida por autoridades sanitarias y expertos internacionales durante la 67\u00aa Asamblea Anual de la Organizaci\u00f3n Mundial de la Salud (O.M.S.), que se realiz\u00f3 en el mes de mayo en Ginebra, (Suiza). Se suma a este reconocimiento el realizado por la revista Lancet, uno de los medios mas prestigiosos a nivel mundial en lo que se refiere a temas de salud, por el cual se reconoce los avances en la disminuci\u00f3n de mortalidad infantil en nuestro pa\u00eds. Asimismo, se espera que mediante esta ampliaci\u00f3n, dicha mortalidad descender\u00e1 en el futuro en un d\u00edgito, es decir que cada mil nacimientos s\u00f3lo 10 infantes fallecer\u00e1n, esto es que estos diez infantes entran en los imponderables o mal formaciones cong\u00e9nitas que en la mayor\u00eda de los casos son inevitables.<br \/>\nCabe aclarar que seg\u00fan datos de la cartera sanitaria nacional, cada a\u00f1o se registran entre 350.000 y 400.000 casos de varicela. Esta enfermedad ocasiona en los reci\u00e9n nacidos lesiones en la piel y \u00f3rganos\u00a0 y tiene una tasa de letalidad del 30%. A partir del 2015\u00a0 vacunar\u00e1 a 750.000 lactantes de hasta 15 meses.<br \/>\nEn el caso del rotavirus hay que tener en cuenta que es la principal causa de diarrea grave en ni\u00f1os menores de cinco a\u00f1os y causa unas 25 muertes por a\u00f1o. Esta enfermedad afecta\u00a0 principalmente a las regiones del noreste y noroeste argentino, y genera m\u00e1s de 290.000 consultas y unas 23.100 hospitalizaciones anuales, por lo que se apunta a vacunar a unos 750.000 lactantes menores de seis meses para disminuir su incidencia y mortalidad.<br \/>\nEn cuanto al meningococo, enfermedad invasiva muy grave, afecta principalmente a ni\u00f1os menores de dos a\u00f1os, causa p\u00e9rdida de la audici\u00f3n, convulsiones, hidrocefalia, retraso madurativo neurol\u00f3gico, insuficiencia renal, amputaciones de miembros y escaras en la piel alrededor del 20% de los pacientes; es de destacar que esta enfermedad en el 2013 caus\u00f3 la muerte de 16 ni\u00f1os, de los cuales el 67% era menor de cinco a\u00f1os. Cabe resaltar que la vacunaci\u00f3n contra esta enfermedad prevista para el segundo semestre de 2015, y estar\u00e1 dirigida a una poblaci\u00f3n de 750.000 lactantes menores de dos a\u00f1os.<\/p>\n<p style=\"text-align: justify;\"><strong>POR ELLO:<\/strong><br \/>\nEl Honorable Concejo Deliberante de Rivadavia, y en uso de sus facultades<\/p>\n<p style=\"text-align: center;\"><strong>DECLARA<\/strong><\/p>\n<p style=\"text-align: justify;\"><strong>Art\u00edculo 1\u00ba:<\/strong> El Honorable Concejo Deliberante de Rivadavia, Mendoza, adhiere a la ampliaci\u00f3n del Calendario Nacional de Vacunaci\u00f3n, llevado a cabo por el Gobierno Nacional, que incorpor\u00f3 tres nuevas vacunas, las del rotavirus, meningococo y varicela.<\/p>\n<p style=\"text-align: justify;\"><strong>Art\u00edculo 2\u00ba:<\/strong> Remitir copia de la presente pieza legal\u00a0 a los Honorables Concejos Deliberantes de la Provincia, y al Ministerio de Salud de Mendoza, para su conocimiento y dem\u00e1s efectos.<\/p>\n<p style=\"text-align: justify;\"><strong>Art\u00edculo 3\u00ba:<\/strong> Comun\u00edquese al Departamento Ejecutivo a sus efectos e ins\u00e9rtese en el Libro de Declaraciones de este Cuerpo.<\/p>\n<p style=\"text-align: justify;\">Dada en la Sala de Sesiones \u201cBandera Nacional Argentina\u201d del Honorable Concejo Deliberante de Rivadavia, Mendoza, a los 29 d\u00edas del mes de julio de 2014.<\/p>\n<table>\n<tbody>\n<tr>\n<td style=\"text-align: center;\">ORLANDO JAVIER RODRIGUEZ<\/td>\n<td style=\"text-align: center;\">FLORINDA SEOANE<\/td>\n<\/tr>\n<tr>\n<td style=\"text-align: center;\">SECRETARIO H.C.D.<\/td>\n<td style=\"text-align: center;\">PRESIDENTA H.C.D.<\/td>\n<\/tr>\n<\/tbody>\n<\/table>\n<p style=\"text-align: right;\">Cpde. Expte. N\u00ba 2014-00119-8 H.C.D.<\/p>\n","protected":false},"excerpt":{"rendered":"<p>DECLARACI\u00d3N\u00a0 N\u00ba 26-14 VISTO: La pol\u00edtica que est\u00e1 llevando adelante el Estado Nacional en materia de salud, m\u00e1s concretamente en la ampliaci\u00f3n del calendario nacional de vacunaci\u00f3n, y CONSIDERANDO: Que es fundamental adherir a la ampliaci\u00f3n del Calendario Nacional de Vacunaci\u00f3n, ya que se han sumado tres vacunas m\u00e1s al mencionado calendario: la del ROTAVRUS, [&hellip;]<\/p>\n","protected":false},"author":1,"featured_media":4276,"comment_status":"closed","ping_status":"closed","sticky":false,"template":"","format":"standard","meta":{"_acf_changed":false,"footnotes":""},"categories":[66],"tags":[],"class_list":["post-4655","post","type-post","status-publish","format-standard","has-post-thumbnail","hentry","category-declaraciones"],"acf":[],"_links":{"self":[{"href":"https:\/\/coworkdigital.com.ar\/hcd\/wp-json\/wp\/v2\/posts\/4655","targetHints":{"allow":["GET"]}}],"collection":[{"href":"https:\/\/coworkdigital.com.ar\/hcd\/wp-json\/wp\/v2\/posts"}],"about":[{"href":"https:\/\/coworkdigital.com.ar\/hcd\/wp-json\/wp\/v2\/types\/post"}],"author":[{"embeddable":true,"href":"https:\/\/coworkdigital.com.ar\/hcd\/wp-json\/wp\/v2\/users\/1"}],"replies":[{"embeddable":true,"href":"https:\/\/coworkdigital.com.ar\/hcd\/wp-json\/wp\/v2\/comments?post=4655"}],"version-history":[{"count":0,"href":"https:\/\/coworkdigital.com.ar\/hcd\/wp-json\/wp\/v2\/posts\/4655\/revisions"}],"wp:featuredmedia":[{"embeddable":true,"href":"https:\/\/coworkdigital.com.ar\/hcd\/wp-json\/wp\/v2\/media\/4276"}],"wp:attachment":[{"href":"https:\/\/coworkdigital.com.ar\/hcd\/wp-json\/wp\/v2\/media?parent=4655"}],"wp:term":[{"taxonomy":"category","embeddable":true,"href":"https:\/\/coworkdigital.com.ar\/hcd\/wp-json\/wp\/v2\/categories?post=4655"},{"taxonomy":"post_tag","embeddable":true,"href":"https:\/\/coworkdigital.com.ar\/hcd\/wp-json\/wp\/v2\/tags?post=4655"}],"curies":[{"name":"wp","href":"https:\/\/api.w.org\/{rel}","templated":true}]}}