{"id":4661,"date":"2014-07-22T15:00:26","date_gmt":"2014-07-22T15:00:26","guid":{"rendered":"http:\/\/www.rivadaviamendoza.gob.ar\/hcd\/?p=4661"},"modified":"2014-07-22T15:00:26","modified_gmt":"2014-07-22T15:00:26","slug":"declaracion-23-2014","status":"publish","type":"post","link":"https:\/\/coworkdigital.com.ar\/hcd\/declaracion-23-2014\/","title":{"rendered":"Declaraci\u00f3n 23-2014"},"content":{"rendered":"<p style=\"text-align: center;\"><strong><img fetchpriority=\"high\" decoding=\"async\" class=\"wp-image-1054 aligncenter\" src=\"http:\/\/rd.gov.ar\/wp4\/wp-content\/uploads\/2017\/02\/encabezado-300x60.jpg\" alt=\"\" width=\"669\" height=\"134\" \/><\/strong><\/p>\n<p style=\"text-align: center;\"><strong>DECLARACION N\u00ba 23-14<\/strong><\/p>\n<p style=\"text-align: justify;\"><strong>VISTO:<\/strong><br \/>\nQue en el distrito Ciudad de Rivadavia funcionan s\u00f3lo dos Jardines Maternales Municipales (Servicios Educativos de Origen Social), Merceditas y Chupetes y Garabatos, que ofrecen educaci\u00f3n integral a m\u00e1s de 100 ni\u00f1os\/as cada uno.<br \/>\nQue en el distrito de El Mirador (B\u00ba La Esperanza, Cooperativa El Mirador, Calle Guillermo Cano) no cuenta con Jard\u00edn Maternal para la atenci\u00f3n de m\u00e1s de 130 ni\u00f1os\/as, que presenten necesidades sociales y educativas.<br \/>\nQue\u00a0 el distrito de Medrano tampoco cuenta con el servicio educativo de origen social que integre a ni\u00f1os desde los 45 d\u00edas hasta los 3 a\u00f1os de edad inclusive, obstaculizando la inserci\u00f3n laboral de sus padres, y<\/p>\n<p style=\"text-align: justify;\"><strong>CONSIDERANDO:<\/strong><br \/>\nEl diagn\u00f3stico realizado y tratando de dar una posible respuesta a las problem\u00e1ticas detectadas se\u00a0 propone ampliar la infraestructura socio-comunitaria del departamento de Rivadavia de gesti\u00f3n estatal y social con el fin de promover el acceso universal a espacios de promoci\u00f3n socioeducativa a la primera infancia.<br \/>\nQue la Declaraci\u00f3n de los Derechos del Ni\u00f1o, recupera la perspectiva integral en la interpretaci\u00f3n de la realidad de los ni\u00f1os\/as y adolescentes, desarrollando condiciones de exigibilidad de los derechos humanos enmarcados en el concepto de \u201cderechos program\u00e1ticos\u201d, vinculados con la persona en el medio social y familiar en relaci\u00f3n con temas tales como:\u00a0 salud,\u00a0 educaci\u00f3n,\u00a0 trabajo,\u00a0 seguridad social, vivienda, ect, que afecten particularmente a la infancia, la adolescencia, la familia y la ancianidad.<br \/>\nQue la Ley N\u00ba 26.061 contempla la Protecci\u00f3n Integral de los Derechos de las Ni\u00f1as, Ni\u00f1os y Adolescentes que se encuentren en el territorio de la Rep\u00fablica Argentina, garantizando el ejercicio y disfrute pleno, efectivo y permanente de aquellos reconocidos en el ordenamiento jur\u00eddico nacional y en los tratados internacionales en los que la Naci\u00f3n sea parte.<br \/>\nQue en el Art. 4, Inc. e, de las Disposiciones Generales de la misma ley\u00a0 establece que se deben propiciar la constituci\u00f3n de organizaciones y organismos para la defensa y protecci\u00f3n de los ni\u00f1os, ni\u00f1as y adolescentes.<br \/>\nQue en el mismo Art\u00edculo, inc. c y d, se\u00f1alan a la gesti\u00f3n asociada de los organismos de gobierno en sus distintos niveles con la sociedad civil y la promoci\u00f3n de redes intersectoriales locales.<br \/>\nQue la Ley de Educaci\u00f3n Nacional 26.206\u00a0 establece que los Servicios Educativos de Gesti\u00f3n Social y Cooperativa integran el Sistema Educativo Nacional.<br \/>\nQue lo anterior se fundamenta en la creaci\u00f3n de los Servicios Educativos de Origen Social del a\u00f1o 1988 y de su institucionalidad educativa a trav\u00e9s de la Direcci\u00f3n de Educaci\u00f3n de Gesti\u00f3n Social de la provincia de Mendoza en el a\u00f1o 2010.<br \/>\nQue de acuerdo a la resoluci\u00f3n\u00a0 2.035\/11 de la DGE, la implementaci\u00f3n de los\u00a0 S.E.O.S., son de vital importancia en t\u00e9rminos de fortalecimiento y consecuci6n de igualdad de oportunidades , equidad y calidad educativa, puesto que durante los primeros a\u00f1os de vida y fundamentalmente en los dos primeros, se constituyen y construyen bases estructurales a nivel cognitivo, afectivo y psicomotriz que garantizaran un \u00f3ptimo desarrollo integral.<br \/>\nQue es importante resaltar la significativa tarea socio educativa de los S.E.O.S y m\u00e1s pertinentemente en los Jardines Maternales, donde se tiende fundamentalmente al logro de los procesos cognitivos fundantes de la capacidad de aprendizaje de los sujetos y\u00a0 por los dem\u00e1s aspectos significativos en la vida del ni\u00f1o\/a\u00a0 como nutrici\u00f3n, salud, recreaci\u00f3n fortaleciendo las condiciones de educabilidad de los mismos.<br \/>\nQue la nueva realidad socioecon\u00f3mica\u00a0 exige a ambos padres insertarse en el mercado laboral con el fin de cubrir las necesidades b\u00e1sicas, en donde los sectores m\u00e1s desfavorecidos requieren de espacios de integraci\u00f3n socioeducativo para el cuidado de sus hijos.<br \/>\nQue en el distrito ciudad existe una mayor demanda de este tipo de servicio socioeducativo visto que por las caracter\u00edsticas ocupacionales de los progenitores y culturales de las familias los ni\u00f1os y las ni\u00f1as entre 1 y 3 a\u00f1os necesitan estas instituciones para el cuidado de los mismos.<br \/>\nQue en la actualidad existen 5 jardines maternales distribuidos de la siguiente manera:2 en zona sureste (Compa\u00f1era Evita y Casa de Los \u00c1ngeles) 1 zona sur oeste (CDIF N\u00b0 8), 2 en zona noreste (Merceditas y Chupetes y Garabatos) de esta manera la zona noroeste queda desprovista de este servicio que integre a la\u00a0 poblaci\u00f3n de los barrios\u00a0 71 Viviendas, Caparroz, Democracia, 9 de Julio, Mutual Cuyo 1 y 2, Jard\u00edn, Carrizales, San Cayetano, Confraternidad.<br \/>\nQue el distrito de Medrano departamento de Rivadavia\u00a0 no cuenta con Jard\u00edn Maternal de origen socioeducativo. Esta situaci\u00f3n implica que no se pueda garantizar derechos fundamentales a la primera infancia.<br \/>\nQue cuenta con una variada oferta educativa: Jard\u00edn Nucleado de 4 y 5 a\u00f1os, Escuela Primaria, Secundaria, CEBJA, CENS, CCT, Educaci\u00f3n Superior y es de fundamental importancia contar con educaci\u00f3n, contenci\u00f3n e integraci\u00f3n socio-educativa en la primera infancia.<br \/>\nQue El Mirador posee 2.419 habitantes distribuidos en una amplia geograf\u00eda, los n\u00facleos poblacionales identificados son B\u00ba La Esperanza, B\u00ba Cooperativa, Viviendas Calle Mart\u00edn, Casco viejo Calle Guillermo Cano, Calle San Juan y viviendas dispersas en grandes fincas de la zona.<br \/>\nHabitantes que s\u00f3lo cuenta con un Jard\u00edn Maternal en el B\u00ba Bermejo ubicado a m\u00e1s de 3 km de la zona propuesta para la creaci\u00f3n del nuevo Jard\u00edn Maternal.<br \/>\nQue la tasa de natalidad se ha incrementado en general en los \u00faltimos a\u00f1os.<br \/>\nQue la necesidad de este servicio es innegable.<\/p>\n<p style=\"text-align: justify;\"><strong>POR ELLO:<\/strong><br \/>\nEl Honorable Concejo Deliberante de Rivadavia,\u00a0 y en uso de sus facultades:<\/p>\n<p style=\"text-align: center;\"><strong>DECLARA<\/strong><\/p>\n<p style=\"text-align: justify;\"><strong>Art\u00edculo 1\u00ba:<\/strong> El Concejo Deliberante de Rivadavia, Mendoza, ver\u00eda con agrado que el Departamento Ejecutivo Municipal, efectuara las gestiones necesarias ante los Organismos Provinciales pertinentes para la construcci\u00f3n y creaci\u00f3n de un Jard\u00edn Maternal (SEOS) en el distrito Ciudad, uno en distrito El Mirador y finalmente crear el primer jard\u00edn maternal en el distrito Medrano, que contemple a la poblaci\u00f3n de 45 d\u00edas a 3 a\u00f1os inclusive a cargo de docentes de Nivel Inicial.<\/p>\n<p style=\"text-align: justify;\"><strong>Art\u00edculo 2\u00ba:<\/strong> Se ver\u00eda con agrado que cada una de estas instituciones deber\u00e1 regirse por los principios mencionados en la legislaci\u00f3n considerada para tal efecto.<\/p>\n<p style=\"text-align: justify;\"><strong>Art\u00edculo 3\u00ba:<\/strong> Se ver\u00eda con agrado que se realicen convenios por los cargos de docentes y lineamientos educativos con la Direcci\u00f3n de Educaci\u00f3n de Gesti\u00f3n Social y Cooperativa.<\/p>\n<p style=\"text-align: justify;\"><strong>Art\u00edculo 4\u00ba:<\/strong> Comun\u00edquese al Departamento Ejecutivo a sus efectos e ins\u00e9rtese en el Libro de Declaraciones de este Cuerpo.<\/p>\n<p style=\"text-align: justify;\">Dada en la Sala de Sesiones \u201cBandera Nacional Argentina\u201d del Honorable Concejo Deliberante de Rivadavia, Mendoza, a los 22 d\u00edas del mes de julio de 2014.<\/p>\n<table>\n<tbody>\n<tr>\n<td style=\"text-align: center;\">ORLANDO JAVIER RODRIGUEZ<\/td>\n<td style=\"text-align: center;\">FLORINDA SEOANE<\/td>\n<\/tr>\n<tr>\n<td style=\"text-align: center;\">SECRETARIO H.C.D.<\/td>\n<td style=\"text-align: center;\">PRESIDENTA H.C.D.<\/td>\n<\/tr>\n<\/tbody>\n<\/table>\n<p style=\"text-align: right;\">Cpde. Expte. N\u00ba 2014-00128-9 H.C.D.<\/p>\n","protected":false},"excerpt":{"rendered":"<p>DECLARACION N\u00ba 23-14 VISTO: Que en el distrito Ciudad de Rivadavia funcionan s\u00f3lo dos Jardines Maternales Municipales (Servicios Educativos de Origen Social), Merceditas y Chupetes y Garabatos, que ofrecen educaci\u00f3n integral a m\u00e1s de 100 ni\u00f1os\/as cada uno. Que en el distrito de El Mirador (B\u00ba La Esperanza, Cooperativa El Mirador, Calle Guillermo Cano) no [&hellip;]<\/p>\n","protected":false},"author":1,"featured_media":4276,"comment_status":"closed","ping_status":"closed","sticky":false,"template":"","format":"standard","meta":{"_acf_changed":false,"footnotes":""},"categories":[66],"tags":[],"class_list":["post-4661","post","type-post","status-publish","format-standard","has-post-thumbnail","hentry","category-declaraciones"],"acf":[],"_links":{"self":[{"href":"https:\/\/coworkdigital.com.ar\/hcd\/wp-json\/wp\/v2\/posts\/4661","targetHints":{"allow":["GET"]}}],"collection":[{"href":"https:\/\/coworkdigital.com.ar\/hcd\/wp-json\/wp\/v2\/posts"}],"about":[{"href":"https:\/\/coworkdigital.com.ar\/hcd\/wp-json\/wp\/v2\/types\/post"}],"author":[{"embeddable":true,"href":"https:\/\/coworkdigital.com.ar\/hcd\/wp-json\/wp\/v2\/users\/1"}],"replies":[{"embeddable":true,"href":"https:\/\/coworkdigital.com.ar\/hcd\/wp-json\/wp\/v2\/comments?post=4661"}],"version-history":[{"count":0,"href":"https:\/\/coworkdigital.com.ar\/hcd\/wp-json\/wp\/v2\/posts\/4661\/revisions"}],"wp:featuredmedia":[{"embeddable":true,"href":"https:\/\/coworkdigital.com.ar\/hcd\/wp-json\/wp\/v2\/media\/4276"}],"wp:attachment":[{"href":"https:\/\/coworkdigital.com.ar\/hcd\/wp-json\/wp\/v2\/media?parent=4661"}],"wp:term":[{"taxonomy":"category","embeddable":true,"href":"https:\/\/coworkdigital.com.ar\/hcd\/wp-json\/wp\/v2\/categories?post=4661"},{"taxonomy":"post_tag","embeddable":true,"href":"https:\/\/coworkdigital.com.ar\/hcd\/wp-json\/wp\/v2\/tags?post=4661"}],"curies":[{"name":"wp","href":"https:\/\/api.w.org\/{rel}","templated":true}]}}