{"id":4663,"date":"2014-06-17T15:46:17","date_gmt":"2014-06-17T15:46:17","guid":{"rendered":"http:\/\/www.rivadaviamendoza.gob.ar\/hcd\/?p=4663"},"modified":"2014-06-17T15:46:17","modified_gmt":"2014-06-17T15:46:17","slug":"declaracion-22-2014","status":"publish","type":"post","link":"https:\/\/coworkdigital.com.ar\/hcd\/declaracion-22-2014\/","title":{"rendered":"Declaraci\u00f3n 22-2014"},"content":{"rendered":"<p style=\"text-align: center;\"><strong><img fetchpriority=\"high\" decoding=\"async\" class=\"wp-image-1054 aligncenter\" src=\"http:\/\/rd.gov.ar\/wp4\/wp-content\/uploads\/2017\/02\/encabezado-300x60.jpg\" alt=\"\" width=\"669\" height=\"134\" \/><\/strong><\/p>\n<p style=\"text-align: center;\"><strong>DECLARACION N\u00ba22-14<\/strong><\/p>\n<p><strong>VISTO:<\/strong><br \/>\nLa necesidad de hacer de nuestro mundo un lugar para todos, y<\/p>\n<p style=\"text-align: justify;\"><strong>CONSIDERANDO:<\/strong><br \/>\nQue, en algunos edificios escolares de Rivadavia existen barreras arquitect\u00f3nicas que impiden el f\u00e1cil acceso y permanencia en ellos de personas con discapacidad, debido a la falta de rampas, de sanitarios adecuados y, en el caso de construcciones de dos plantas, de un ascensor. Al respecto, cabe aclarar, que a todos los niveles y modalidades del servicio de educaci\u00f3n que presta la Direcci\u00f3n General de Escuelas en Rivadavia, suelen concurrir alumnos especiales.<br \/>\nTeniendo en cuenta que existe Legislaci\u00f3n Nacional y Provincial que apuntan a la protecci\u00f3n de personas con capacidades diferentes, ser\u00eda conveniente que la Direcci\u00f3n General de Escuelas, a trav\u00e9s de los Organismos competentes, procediera a dotar a los edificios escolares que de ella dependen, de las instalaciones m\u00ednimas y necesarias para resolver la problem\u00e1tica planteada.<br \/>\nAdem\u00e1s,\u00a0 debemos tener en cuenta que <em>\u201cel concepto de accesibilidad no s\u00f3lo se aplica a personas con capacidades diferentes sino que integra tambi\u00e9n a las distintas etapas del desarrollo humano, como la ni\u00f1ez, el embarazo, la vejez, o a una situaci\u00f3n de reducci\u00f3n temporal de movimiento\u201d<\/em>.<br \/>\nA nadie escapa, entonces, que cuando proponemos un <em>espacio para todos, estamos aspirando a un espacio de inclusi\u00f3n<\/em>.<\/p>\n<p style=\"text-align: justify;\"><strong>POR ELLO:<\/strong><br \/>\nHonorable Concejo Deliberante de Rivadavia,\u00a0 y en uso de sus facultades:<\/p>\n<p style=\"text-align: center;\"><strong>DECLARA<\/strong><\/p>\n<p style=\"text-align: justify;\"><strong>Art\u00edculo 1\u00ba:<\/strong> El Honorable Concejo Deliberante de Rivadavia, Mendoza, ver\u00eda con agrado que la Direcci\u00f3n General de Escuelas, a trav\u00e9s de los Organismos pertinentes, dotara a los edificios escolares existentes en Rivadavia y que de ella dependen, de rampas de acceso, ba\u00f1os y en el caso de estructuras de dos plantas, de ascensor, adaptados para personas con capacidades diferentes.<\/p>\n<p style=\"text-align: justify;\"><strong>Art\u00edculo 2\u00ba:<\/strong> Remitir copia de la presente pieza legal, a la Directora General de Escuelas y al Delegado de la Zona Este de la Direcci\u00f3n General de Escuelas.<\/p>\n<p style=\"text-align: justify;\"><strong>Art\u00edculo 3\u00ba:<\/strong> Comun\u00edquese al Departamento Ejecutivo a sus efectos e ins\u00e9rtese en el Libro de Declaraciones de este Cuerpo.<\/p>\n<p style=\"text-align: justify;\">Dada en la Sala de Sesiones \u201cBandera Nacional Argentina\u201d del Honorable Concejo Deliberante de Rivadavia, Mendoza, a los 17 d\u00edas del mes de junio de 2014.<\/p>\n<table>\n<tbody>\n<tr>\n<td style=\"text-align: center;\">ORLANDO JAVIER RODRIGUEZ<\/td>\n<td style=\"text-align: center;\">FLORINDA SEOANE<\/td>\n<\/tr>\n<tr>\n<td style=\"text-align: center;\">SECRETARIO H.C.D.<\/td>\n<td style=\"text-align: center;\">PRESIDENTA H.C.D.<\/td>\n<\/tr>\n<\/tbody>\n<\/table>\n<p style=\"text-align: right;\">Cpde. Expte. N\u00ba 2014-00108-1 H.C.D.<\/p>\n","protected":false},"excerpt":{"rendered":"<p>DECLARACION N\u00ba22-14 VISTO: La necesidad de hacer de nuestro mundo un lugar para todos, y CONSIDERANDO: Que, en algunos edificios escolares de Rivadavia existen barreras arquitect\u00f3nicas que impiden el f\u00e1cil acceso y permanencia en ellos de personas con discapacidad, debido a la falta de rampas, de sanitarios adecuados y, en el caso de construcciones de [&hellip;]<\/p>\n","protected":false},"author":1,"featured_media":4276,"comment_status":"closed","ping_status":"closed","sticky":false,"template":"","format":"standard","meta":{"_acf_changed":false,"footnotes":""},"categories":[66],"tags":[],"class_list":["post-4663","post","type-post","status-publish","format-standard","has-post-thumbnail","hentry","category-declaraciones"],"acf":[],"_links":{"self":[{"href":"https:\/\/coworkdigital.com.ar\/hcd\/wp-json\/wp\/v2\/posts\/4663","targetHints":{"allow":["GET"]}}],"collection":[{"href":"https:\/\/coworkdigital.com.ar\/hcd\/wp-json\/wp\/v2\/posts"}],"about":[{"href":"https:\/\/coworkdigital.com.ar\/hcd\/wp-json\/wp\/v2\/types\/post"}],"author":[{"embeddable":true,"href":"https:\/\/coworkdigital.com.ar\/hcd\/wp-json\/wp\/v2\/users\/1"}],"replies":[{"embeddable":true,"href":"https:\/\/coworkdigital.com.ar\/hcd\/wp-json\/wp\/v2\/comments?post=4663"}],"version-history":[{"count":0,"href":"https:\/\/coworkdigital.com.ar\/hcd\/wp-json\/wp\/v2\/posts\/4663\/revisions"}],"wp:featuredmedia":[{"embeddable":true,"href":"https:\/\/coworkdigital.com.ar\/hcd\/wp-json\/wp\/v2\/media\/4276"}],"wp:attachment":[{"href":"https:\/\/coworkdigital.com.ar\/hcd\/wp-json\/wp\/v2\/media?parent=4663"}],"wp:term":[{"taxonomy":"category","embeddable":true,"href":"https:\/\/coworkdigital.com.ar\/hcd\/wp-json\/wp\/v2\/categories?post=4663"},{"taxonomy":"post_tag","embeddable":true,"href":"https:\/\/coworkdigital.com.ar\/hcd\/wp-json\/wp\/v2\/tags?post=4663"}],"curies":[{"name":"wp","href":"https:\/\/api.w.org\/{rel}","templated":true}]}}