{"id":4669,"date":"2014-06-17T15:20:03","date_gmt":"2014-06-17T15:20:03","guid":{"rendered":"http:\/\/www.rivadaviamendoza.gob.ar\/hcd\/?p=4669"},"modified":"2014-06-17T15:20:03","modified_gmt":"2014-06-17T15:20:03","slug":"declaracion-22-2014-2","status":"publish","type":"post","link":"https:\/\/coworkdigital.com.ar\/hcd\/declaracion-22-2014-2\/","title":{"rendered":"Declaraci\u00f3n 20-2014"},"content":{"rendered":"<p style=\"text-align: center;\"><strong><img fetchpriority=\"high\" decoding=\"async\" class=\"wp-image-1054 aligncenter\" src=\"http:\/\/rd.gov.ar\/wp4\/wp-content\/uploads\/2017\/02\/encabezado-300x60.jpg\" sizes=\"(max-width: 669px) 100vw, 669px\" srcset=\"http:\/\/www.rivadaviamendoza.gob.ar\/hcd\/wp-content\/uploads\/2017\/02\/encabezado-300x60.jpg 300w, http:\/\/www.rivadaviamendoza.gob.ar\/hcd\/wp-content\/uploads\/2017\/02\/encabezado-768x153.jpg 768w, http:\/\/www.rivadaviamendoza.gob.ar\/hcd\/wp-content\/uploads\/2017\/02\/encabezado-1024x203.jpg 1024w\" alt=\"\" width=\"669\" height=\"134\" \/><\/strong><\/p>\n<p style=\"text-align: center;\"><strong>DECLARACI\u00d3N N\u00ba 020<\/strong><\/p>\n<p style=\"text-align: justify;\"><strong>VISTO:<\/strong><br \/>\nEl Expediente N\u00ba 2014-00115-6, por el cual se solicita la Imposici\u00f3n del Nombre al Jard\u00edn de Infantes Nucleado N\u00ba 0-156 \u201cProfesora Norma Nilda Ca\u00f1adas de Francese\u201d, y<\/p>\n<p style=\"text-align: justify;\"><strong>CONSIDERANDO:<\/strong><br \/>\nQue tal acontecimiento inscribe una p\u00e1gina m\u00e1s en la historia educacional de nuestro Departamento, puesto que este nuevo Jard\u00edn de Infantes Nucleado (J.I.N.)\u00a0 N\u00ba 0-156 es el segundo establecimiento educacional que brinda este servicio en Rivadavia, nucleando al Jard\u00edn de Infantes de la Escuela \u201cClotilde del Valle de \u00dabeda\u201d y al de la Escuela \u201cMaestro Alfonso Do\u00f1a del R\u00edo\u201d. Asimismo, es\u00a0 importante se\u00f1alar que el nombre que se le va a imponer a la Instituci\u00f3n, es el de una docente que fue Maestra y Directora Jardinera, y adem\u00e1s, es rivadaviense.<br \/>\nLa historia de Norma arranca el 20 de mayo de 1933, cuando nace en esta Ciudad. En 1951 egres\u00f3 de la Escuela \u201cProfesor Francisco Humberto Tolosa\u201d con el T\u00edtulo de Maestra Normal Regional.<br \/>\nInici\u00f3 sus tareas educacionales en la misma escuela en un cargo de maestra suplente de Jard\u00edn de Infantes, desde el 1 de abril de 1952 hasta el 1 de junio de 1954. Contin\u00faa desde esta fecha como maestra de grado provisoria hasta el 10 de julio de 1957 en que fue titularizada por Decreto N\u00ba 7.647, del Gobierno Nacional. En este periodo ocupa los cargos de maestra de 5\u00ba y 6\u00ba grados, respectivamente, desarrollando una amplia labor co-program\u00e1tica y peri escolar.<br \/>\nA partir de 1958 ocup\u00f3 el cargo de Maestra de Jard\u00edn de Infantes otorgado mediante permuta de tareas.\u00a0 Desde ese \u00e1mbito form\u00f3 el \u201cTeatro Infantil\u201d,\u00a0 el \u201cTeatro de T\u00edteres\u201d y la \u201cBanda R\u00edtmica\u201d.\u00a0 Adem\u00e1s,\u00a0 busc\u00f3 siempre el perfeccionamiento continuo sobre \u201cJardines de Infantes\u201d. En tal sentido, realiz\u00f3 visitas a diversos Jardines de Infantes \u201cmodelos\u201d con el objeto de intercambiar ideas con profesionales especializadas. A tal efecto, comparti\u00f3 jornadas de trabajo en el Jard\u00edn de Infantes \u201cMerceditas de San Mart\u00edn\u201d (de la Escuela Patricias Mendocinas)\u00a0 y en el Jard\u00edn de la Escuela \u201cTom\u00e1s Godoy Cruz\u201d, ambos de la Ciudad de Mendoza.<br \/>\nPropici\u00f3 la comunicaci\u00f3n \u201cHogar-Jard\u00edn\u201d para constituir un nexo entre la escuela y la familia; organizaba charlas con las madres abordando tem\u00e1ticas inherentes a la edad pre escolar, sociolog\u00eda y conductas infantiles. Durante las mismas, docentes y madres pod\u00edan consultar a m\u00e9dicos pediatras especialmente invitados\u00a0 por Norma a esos encuentros.<br \/>\nEn 1964 organiz\u00f3 el \u201cClub de Madres\u201d a efectos de sumar esfuerzos para el que hacer institucional del Jard\u00edn. Entre otras iniciativas se destaca la construcci\u00f3n de la \u201cCasita de las Mu\u00f1ecas\u201d.<br \/>\nNorma se encarg\u00f3 de la preparaci\u00f3n diaria de la \u201cCopa de Leche\u201d,\u00a0 haci\u00e9ndola servir a los peque\u00f1os para que aprendieran y pusieran en pr\u00e1ctica pautas de higiene, urbanidad y cortes\u00eda\u2026<br \/>\nEstuvo siempre presente en los grandes festejos de Rivadavia con los \u201cJardines Animados\u201d y tambi\u00e9n con carros aleg\u00f3ricos de gran factura, conquistando generalmente los primeros premios.<br \/>\nIncentiv\u00f3 el intercambio de visitas de alumnos, padres y docentes con Jardines de la zona y fuera de ella. Todas las actividades impulsadas desde 1958 son el producto de una estrecha labor entre direcci\u00f3n y maestras jardineras que apuntaban al progreso pedag\u00f3gico y est\u00e9tico de la Instituci\u00f3n.<br \/>\nSeguramente, varias generaciones de rivadavienses pasaron por las salitas del Jard\u00edn de Infantes de la Escuela \u201cProfesor Francisco Humberto Tolosa\u201d, siendo su\u00a0 Maestra o Directora,\u00a0 la Profesora Norma Nilda Ca\u00f1adas de Francese. Guardan de ella el grato recuerdo de un ejemplo\u00a0 de docente, madre y colega que supo granjearse el afecto, consideraci\u00f3n y reconocimiento de quienes compartieron su vida \u201cJardinera\u201d. Esto se ratifica leyendo el contenido de las fojas de su cuaderno de actuaci\u00f3n, de las cuales se desprende claramente que estamos frente a una docente que evidenci\u00f3 <strong>idoneidad profesional, equilibrio emocional y solvencia moral<\/strong>.<br \/>\nPor lo expuesto, ser\u00eda importante, justo y oportuno que este Honorable Concejo Deliberante declare de Inter\u00e9s Educacional Departamental el \u201cActo de Imposici\u00f3n \u00b4Profesora Norma Nilda Ca\u00f1adas de Francese\u00b4\u201d, al Jard\u00edn de Infantes Nucleado N\u00ba 0-156, de esta Ciudad.<\/p>\n<p style=\"text-align: center;\"><strong>DECLARA<\/strong><\/p>\n<p style=\"text-align: justify;\"><strong>Art\u00edculo 1\u00ba:<\/strong> El Honorable Concejo Deliberante de Rivadavia, provincia de Mendoza, declara de Inter\u00e9s Educacional Departamental, el Acto de\u00a0 Imposici\u00f3n\u00a0 del nombre \u201cProfesora Norma Nilda Ca\u00f1adas de Francese\u201d, al Jard\u00edn de Infantes Nucleado N\u00ba 0-156, de esta Ciudad.<\/p>\n<p style=\"text-align: justify;\"><strong>Art\u00edculo 2\u00ba:<\/strong> Hacer llegar un reconocimiento Institucional a la Profesora Norma Nilda Ca\u00f1adas de Francese.<\/p>\n<p style=\"text-align: justify;\"><strong>Art\u00edculo 3\u00ba:<\/strong> Remitir copia de la presente pieza legal a la Supervisora de la Secci\u00f3n N\u00ba 8, Profesora Adriana Rubio, a la Directora del Jard\u00edn de Infantes N\u00ba 0-156, Profesora Rosana Ruiz y a la Profesora Norma Nilda Ca\u00f1adas de Francese.<\/p>\n<p style=\"text-align: justify;\"><strong>Art\u00edculo 4\u00ba:<\/strong> Comun\u00edquese al Departamento Ejecutivo a sus efectos e ins\u00e9rtese el Libro de Declaraciones de este Cuerpo.<\/p>\n<p style=\"text-align: justify;\">Dada en la Sala de Sesiones \u201cBandera Nacional Argentina\u201d del Honorable Concejo Deliberante de Rivadavia, Mendoza, a los 17 d\u00edas del mes de junio de 2014.<\/p>\n<table>\n<tbody>\n<tr>\n<td style=\"text-align: center;\">ORLANDO JAVIER RODRIGUEZ<\/td>\n<td style=\"text-align: center;\">FLORINDA SEOANE<\/td>\n<\/tr>\n<tr>\n<td style=\"text-align: center;\">SECRETARIO H.C.D.<\/td>\n<td style=\"text-align: center;\">PRESIDENTA H.C.D.<\/td>\n<\/tr>\n<\/tbody>\n<\/table>\n<p style=\"text-align: right;\">Cpde. Expte. N\u00ba 2014-00115-6 H.C.D.<\/p>\n","protected":false},"excerpt":{"rendered":"<p>DECLARACI\u00d3N N\u00ba 020 VISTO: El Expediente N\u00ba 2014-00115-6, por el cual se solicita la Imposici\u00f3n del Nombre al Jard\u00edn de Infantes Nucleado N\u00ba 0-156 \u201cProfesora Norma Nilda Ca\u00f1adas de Francese\u201d, y CONSIDERANDO: Que tal acontecimiento inscribe una p\u00e1gina m\u00e1s en la historia educacional de nuestro Departamento, puesto que este nuevo Jard\u00edn de Infantes Nucleado (J.I.N.)\u00a0 [&hellip;]<\/p>\n","protected":false},"author":1,"featured_media":4276,"comment_status":"closed","ping_status":"closed","sticky":false,"template":"","format":"standard","meta":{"_acf_changed":false,"footnotes":""},"categories":[66],"tags":[],"class_list":["post-4669","post","type-post","status-publish","format-standard","has-post-thumbnail","hentry","category-declaraciones"],"acf":[],"_links":{"self":[{"href":"https:\/\/coworkdigital.com.ar\/hcd\/wp-json\/wp\/v2\/posts\/4669","targetHints":{"allow":["GET"]}}],"collection":[{"href":"https:\/\/coworkdigital.com.ar\/hcd\/wp-json\/wp\/v2\/posts"}],"about":[{"href":"https:\/\/coworkdigital.com.ar\/hcd\/wp-json\/wp\/v2\/types\/post"}],"author":[{"embeddable":true,"href":"https:\/\/coworkdigital.com.ar\/hcd\/wp-json\/wp\/v2\/users\/1"}],"replies":[{"embeddable":true,"href":"https:\/\/coworkdigital.com.ar\/hcd\/wp-json\/wp\/v2\/comments?post=4669"}],"version-history":[{"count":0,"href":"https:\/\/coworkdigital.com.ar\/hcd\/wp-json\/wp\/v2\/posts\/4669\/revisions"}],"wp:featuredmedia":[{"embeddable":true,"href":"https:\/\/coworkdigital.com.ar\/hcd\/wp-json\/wp\/v2\/media\/4276"}],"wp:attachment":[{"href":"https:\/\/coworkdigital.com.ar\/hcd\/wp-json\/wp\/v2\/media?parent=4669"}],"wp:term":[{"taxonomy":"category","embeddable":true,"href":"https:\/\/coworkdigital.com.ar\/hcd\/wp-json\/wp\/v2\/categories?post=4669"},{"taxonomy":"post_tag","embeddable":true,"href":"https:\/\/coworkdigital.com.ar\/hcd\/wp-json\/wp\/v2\/tags?post=4669"}],"curies":[{"name":"wp","href":"https:\/\/api.w.org\/{rel}","templated":true}]}}