{"id":4672,"date":"2014-06-10T11:06:38","date_gmt":"2014-06-10T11:06:38","guid":{"rendered":"http:\/\/www.rivadaviamendoza.gob.ar\/hcd\/?p=4672"},"modified":"2014-06-10T11:06:38","modified_gmt":"2014-06-10T11:06:38","slug":"declaracion-19-2014","status":"publish","type":"post","link":"https:\/\/coworkdigital.com.ar\/hcd\/declaracion-19-2014\/","title":{"rendered":"Declaraci\u00f3n 19-2014"},"content":{"rendered":"<p style=\"text-align: center;\"><strong><img fetchpriority=\"high\" decoding=\"async\" class=\"wp-image-1054 aligncenter\" src=\"http:\/\/rd.gov.ar\/wp4\/wp-content\/uploads\/2017\/02\/encabezado-300x60.jpg\" sizes=\"(max-width: 669px) 100vw, 669px\" srcset=\"http:\/\/www.rivadaviamendoza.gob.ar\/hcd\/wp-content\/uploads\/2017\/02\/encabezado-300x60.jpg 300w, http:\/\/www.rivadaviamendoza.gob.ar\/hcd\/wp-content\/uploads\/2017\/02\/encabezado-768x153.jpg 768w, http:\/\/www.rivadaviamendoza.gob.ar\/hcd\/wp-content\/uploads\/2017\/02\/encabezado-1024x203.jpg 1024w\" alt=\"\" width=\"669\" height=\"134\" \/><\/strong><\/p>\n<p style=\"text-align: center;\"><strong>DECLARACION N\u00ba 19-14<\/strong><\/p>\n<p style=\"text-align: justify;\"><strong>VISTO:<\/strong><br \/>\nEl Expediente N\u00ba 2014-00093-5, caratulado APROEM (Asociaci\u00f3n de Productores del Oasis del Este de Mendoza), solicitan se declare de Inter\u00e9s Municipal el Trabajo y Estudio Realizado, por APROEM s \/ Proyecto de Ley Nacional que crea la Comisi\u00f3n Nacional Formadora de Precios Vitivin\u00edcola, y<\/p>\n<p style=\"text-align: justify;\"><strong>CONSIDERANDO:<\/strong><br \/>\nQue la Asociaci\u00f3n de Productores del Oasis Este de Mendoza (APROEM), solicitan a este Cuerpo Deliberativo tenga a bien declarar de Inter\u00e9s Municipal el proyecto de Ley Nacional acompa\u00f1ado a fs. 02\/05 por el cual\u00a0 impulsan la creaci\u00f3n de una Comisi\u00f3n Nacional Formadora de Precios Vitivin\u00edcola.<br \/>\nEl objetivo central de la inciativa consiste en promover un mecanismo institucional de orden Nacional tendiente a estabalecer precios m\u00ednimos, justos y consensuados para todos los productos de la cadena comercial del vino, comenzando por la materia prima uva, prosiguiendo por los vinos a granel, en todas sus variedades e incluyendo al mosto, teniendo en consideraci\u00f3n los costos de producci\u00f3n y rentabilidad en los distintos eslabones de la cadena comercial.<br \/>\nA tal efecto se propone la creaci\u00f3n de una Comisi\u00f3n Nacional Formadora de Precios Vitiniv\u00edcolas, como ente p\u00fablico no estatal; con jurisdicci\u00f3n en todo el territorio nacional, que tendr\u00e1 su sede central en la Provincia de Mendoza, una Delegaci\u00f3n permanente en la Provincia de San Juan y tambi\u00e9n otras Delegaciones en el territorio nacional, seg\u00fan la necesidad y conveniencia de las dem\u00e1s provincias productoras.<br \/>\nEsta Comisi\u00f3n tendr\u00e1 por funci\u00f3n llevar adelante estudios de costos y de rentabilidad respecto a la producci\u00f3n primaria del sector vitivin\u00edcola, la elaboraci\u00f3n, fraccionamiento y comercializac\u00ed\u00f3n, requerir a entidades p\u00fablicas informes estad\u00edsticos,\u00a0 censos y relevamientos en los campos citados, tanto en el mercado interno, como externo; realizar informes t\u00e9cnicos sobre costos de valores de la cadena comercial de la uva, vino y mosto. y principalmente determinar en forma semestralmente precios m\u00ednimos para la uva, el vino a\u00a0 granel y el mosto, de acuerdo al procedimiento que indica en el proyecto, en conjunto con la totalidad de referentes de los sectores que integran la Comisi\u00f3n.<br \/>\nLa Comsi\u00f3n estar\u00e1 integrada por 17 miembros a saber, un representante del PEN,\u00a0 tres representantes por las 13 provincias vitivin\u00edcolas del Pa\u00eds (un representante por Mendoza, un representante por San Juan y otro por el resto de las provincias vitin\u00edcolas), dos representantes por las bodegas elaboradoras, (trasladistas) sin fraccionamiento, ni comercializaci\u00f3n propia superior a cinco millones de litros; ocho representantes de productores vitivin\u00edcolas, tres por Mendoza, dos por San Juan uno por Salta, uno por la Rioja y uno por el resto de las provincias vitivin\u00edcolas; un representante por ACOVI; un representante de las entidades gremiales de obreros rurales del sector vitivin\u00edcola y un representante de las instituciones que nuclean a los contratistas. El proyecto adem\u00e1s contempla sanciones por infracciones a la presente Ley y establece como autoridad de aplicaci\u00f3n de la norma al INV.<br \/>\nCabe agregar que este proyecto tiene por fundamento, establecer una respuesta apropiada y coherente a la grave crisis que afecta al sector vitivin\u00edcola especialmente al primer y segundo eslab\u00f3n de la cadena de valor, concretamente a productores primarios y bodegas elaboradoras conocidas como trasladistas, las cuales padecen un incremento sostenido de los costos productivos (mano de obra, agroqu\u00edmicos, combustibales, mantenimientos y repuestos de maquinarias, e, insumos productivos, etc.), una creciente y cada vez m\u00e1s amplia presi\u00f3n tributaria, todo ello en el marco de una econom\u00eda inflacionaria acumulativa y con precios del producto que se han mantenido estables e incluso a la baja desde hace cuatro a\u00f1os, con el agravante de haberse prolongado los plazos de pago de las liquidaciones por venta del producto, todo lo cual hace muy dif\u00edcil y en muchos casos inviable el desarrollo vitivin\u00edcola.<br \/>\nDem\u00e1s esta explicar la importancia socio econ\u00f3mica que tiene la actividad agr\u00edcola en nuestro departamento y el impacto negativo en la acci\u00f3n de reparto que conlleva una crisis a todo sector. Una crisis del sector vitin\u00edcola, que no encuentra un horizonte de soluciones en el mediano plazo, y que impacta de lleno en la econom\u00eda provincial de Mendoza, como as\u00ed tambi\u00e9n en las econom\u00edas del resto de las provincias que integran el sector vitivin\u00edcola, atento ser una t\u00edpica econom\u00eda regional que como tal define el perfil productivo de cada provincia, y distribuye el trabajo y la riqueza en el mayor n\u00famero de personas y familias de cada comunidad, de tal modo que una soluci\u00f3n para la defensa del precio del producto: uva, vino, mosto, como la que avala el proyecto en tr\u00e1mite,\u00a0 se impone como pol\u00edtica p\u00fablica de primer orden.<\/p>\n<p style=\"text-align: justify;\"><strong>POR ELLO:<\/strong><br \/>\nEl Honorable Concejo Deliberante de Rivadavia,\u00a0 y en uso de sus facultades:<\/p>\n<p style=\"text-align: center;\"><strong>DECLARA<\/strong><\/p>\n<p style=\"text-align: justify;\"><strong>Art\u00edculo 1\u00ba:<\/strong> El Honorabale Concejo Deliberante de Rivadavia, provincia de Mendoza, declara de Inter\u00e9s Socio-Econ\u00f3mico Departamental el Proyecto de Ley Nacional impulsado por la Asociaci\u00f3n de Productores del Oasis del Este de Mendoza (APROEM), que establece la creaci\u00f3n de una Comisi\u00f3n Nacional Formadora de Precios Vitivin\u00edcolas, cuyo objetivo central consiste en establecer\u00a0 precios m\u00ednimos justos y consensuados para los productos de la cadena comercial del vino, comenzando por la materia prima uva, prosiguiendo por los vinos a granel, en todas sus variedades e incluyendo al mosto, sobre la base de los costos de producci\u00f3n y rentabilidad en los distintos eslabones de la cadena comercial.<\/p>\n<p style=\"text-align: justify;\"><strong>Art\u00edculo 2\u00ba:<\/strong> Remitir copia de la presente pieza legal a ambas C\u00e1maras del Congreso de la Naci\u00f3n, a ambas C\u00e1maras\u00a0 de Legislatura provincial de Mendoza, al INV; al INTA,a la Direcci\u00f3n de Defensa del\u00a0 Consumidor de Mendoza, a APROEM (Asociaci\u00f3n de Productores del Oasis del Este de Mendoza), a la C\u00e1mara Empresaria de Rivadavia y a todos los H.C.D. de la provincia de Mendoza, para su conocimiento y dem\u00e1s efectos.<\/p>\n<p style=\"text-align: justify;\"><strong>Art\u00edculo 3\u00ba:<\/strong> Comun\u00edquese al Departamento Ejecutivo a sus efectos e ins\u00e9rtese en el Libro de Declaraciones de este Cuerpo.<\/p>\n<p style=\"text-align: justify;\">Dada en la Sala de Sesiones \u201cBandera Nacional Argentina\u201d del Honorable Concejo Deliberante de Rivadavia, Mendoza, a los 10 d\u00edas del mes de junio de 2014.<\/p>\n<table>\n<tbody>\n<tr>\n<td style=\"text-align: center;\">ORLANDO JAVIER RODRIGUEZ<\/td>\n<td style=\"text-align: center;\">FLORINDA SEOANE<\/td>\n<\/tr>\n<tr>\n<td style=\"text-align: center;\">SECRETARIO H.C.D.<\/td>\n<td style=\"text-align: center;\">PRESIDENTA H.C.D.<\/td>\n<\/tr>\n<\/tbody>\n<\/table>\n<p style=\"text-align: right;\">Cpde. Expte. N\u00ba 2014-00093-5 H.C.D.<\/p>\n","protected":false},"excerpt":{"rendered":"<p>DECLARACION N\u00ba 19-14 VISTO: El Expediente N\u00ba 2014-00093-5, caratulado APROEM (Asociaci\u00f3n de Productores del Oasis del Este de Mendoza), solicitan se declare de Inter\u00e9s Municipal el Trabajo y Estudio Realizado, por APROEM s \/ Proyecto de Ley Nacional que crea la Comisi\u00f3n Nacional Formadora de Precios Vitivin\u00edcola, y CONSIDERANDO: Que la Asociaci\u00f3n de Productores del [&hellip;]<\/p>\n","protected":false},"author":1,"featured_media":4276,"comment_status":"closed","ping_status":"closed","sticky":false,"template":"","format":"standard","meta":{"_acf_changed":false,"footnotes":""},"categories":[66],"tags":[],"class_list":["post-4672","post","type-post","status-publish","format-standard","has-post-thumbnail","hentry","category-declaraciones"],"acf":[],"_links":{"self":[{"href":"https:\/\/coworkdigital.com.ar\/hcd\/wp-json\/wp\/v2\/posts\/4672","targetHints":{"allow":["GET"]}}],"collection":[{"href":"https:\/\/coworkdigital.com.ar\/hcd\/wp-json\/wp\/v2\/posts"}],"about":[{"href":"https:\/\/coworkdigital.com.ar\/hcd\/wp-json\/wp\/v2\/types\/post"}],"author":[{"embeddable":true,"href":"https:\/\/coworkdigital.com.ar\/hcd\/wp-json\/wp\/v2\/users\/1"}],"replies":[{"embeddable":true,"href":"https:\/\/coworkdigital.com.ar\/hcd\/wp-json\/wp\/v2\/comments?post=4672"}],"version-history":[{"count":0,"href":"https:\/\/coworkdigital.com.ar\/hcd\/wp-json\/wp\/v2\/posts\/4672\/revisions"}],"wp:featuredmedia":[{"embeddable":true,"href":"https:\/\/coworkdigital.com.ar\/hcd\/wp-json\/wp\/v2\/media\/4276"}],"wp:attachment":[{"href":"https:\/\/coworkdigital.com.ar\/hcd\/wp-json\/wp\/v2\/media?parent=4672"}],"wp:term":[{"taxonomy":"category","embeddable":true,"href":"https:\/\/coworkdigital.com.ar\/hcd\/wp-json\/wp\/v2\/categories?post=4672"},{"taxonomy":"post_tag","embeddable":true,"href":"https:\/\/coworkdigital.com.ar\/hcd\/wp-json\/wp\/v2\/tags?post=4672"}],"curies":[{"name":"wp","href":"https:\/\/api.w.org\/{rel}","templated":true}]}}