{"id":4676,"date":"2014-06-03T11:15:08","date_gmt":"2014-06-03T11:15:08","guid":{"rendered":"http:\/\/www.rivadaviamendoza.gob.ar\/hcd\/?p=4676"},"modified":"2014-06-03T11:15:08","modified_gmt":"2014-06-03T11:15:08","slug":"declaracion-17-2014","status":"publish","type":"post","link":"https:\/\/coworkdigital.com.ar\/hcd\/declaracion-17-2014\/","title":{"rendered":"Declaraci\u00f3n 17-2014"},"content":{"rendered":"<p style=\"text-align: center;\"><strong><img fetchpriority=\"high\" decoding=\"async\" class=\"wp-image-1054 aligncenter\" src=\"http:\/\/rd.gov.ar\/wp4\/wp-content\/uploads\/2017\/02\/encabezado-300x60.jpg\" sizes=\"(max-width: 669px) 100vw, 669px\" srcset=\"http:\/\/www.rivadaviamendoza.gob.ar\/hcd\/wp-content\/uploads\/2017\/02\/encabezado-300x60.jpg 300w, http:\/\/www.rivadaviamendoza.gob.ar\/hcd\/wp-content\/uploads\/2017\/02\/encabezado-768x153.jpg 768w, http:\/\/www.rivadaviamendoza.gob.ar\/hcd\/wp-content\/uploads\/2017\/02\/encabezado-1024x203.jpg 1024w\" alt=\"\" width=\"669\" height=\"134\" \/><\/strong><\/p>\n<p style=\"text-align: center;\"><strong>DECLARACI\u00d3N N\u00ba 17<\/strong><\/p>\n<p style=\"text-align: justify;\"><strong>VISTO:<\/strong><br \/>\nEL Expte. N\u00ba 2014-00091-9 presentado por la Esc. N\u00ba 1-009 \u201cCornelio Saavedra\u201d y Licenciado Mario Francick, Director del Liceo Agr\u00edcola \u201cDomingo Faustino Sarmiento\u201d, y<\/p>\n<p style=\"text-align: justify;\"><strong>CONSIDERANDO:<\/strong><br \/>\nQue ambos establecimientos educacionales han encarado un Proyecto de Inclusi\u00f3n Interinstitucional conjuntamente con el I.N.T.A. de Jun\u00edn, el Departamento General de Irrigaci\u00f3n y Bodegas y Vi\u00f1edos Nicol\u00e1s Catena. Que dicho proyecto tiene por objeto \u201cr<em><strong>eactivar la cultura del trabajo, el cuidado del ambiente y el fortalecimiento de la formaci\u00f3n de los alumnos en valores referidos a la protecci\u00f3n de la vida\u201d<\/strong><\/em>; agregan adem\u00e1s, <strong><em>\u201cque se puedan intercambiar saberes, compartir vivencias y, sobre todo, crear lazos de motivaci\u00f3n y encuentro entre las poblaciones escolares\u201d<\/em><\/strong>.<br \/>\nSeg\u00fan reza en la nota <strong><em>\u201ceste proyecto necesita la participaci\u00f3n activa del Municipio, como el ente natural de la recepci\u00f3n de las necesidades de la comunidad y de buscar las estrategias v\u00e1lidas conducentes a la satisfacci\u00f3n de las mismas\u201d<\/em><\/strong>.<br \/>\nCabe aclarar, que la Municipalidad de Rivadavia viene llevando adelante interesantes iniciativas que apuntan al desarrollo\u00a0 e intercambio de vivencias interescolares a trav\u00e9s de su Consejo de Ni\u00f1ez y Adolescencia, desde cuyo seno surgen variadas propuestas efectuadas por alumnos\u00a0 que se van concretando en acciones posibles de llevar a cabo. Adem\u00e1s, el a\u00f1o pasado se lanz\u00f3 el Programa Educativo Municipal de Reciclado, abierto a todas las comunidades educacionales del Departamento, con la finalidad de despertar en nuestra sociedad la conciencia ambiental. Esta realidad, seguramente conllevar\u00e1 a estrechar la inclusi\u00f3n interinstitucional y al logro de los objetivos propuestos\u00a0 por las Entidades Responsables del Proyecto que se nos comunica.<br \/>\nHabida cuenta de lo expuesto,\u00a0 este Honorable Concejo Deliberante ve con agrado la iniciativa de la Escuela \u201cCornelio Saavedra\u201d y del Liceo Agr\u00edcola, puesto que la misma forma parte de sus respectivos\u00a0 P.E.I. (Proyecto Educativo Institucional) y tienen previsto que su desarrollo tenga continuidad en el tiempo. Tal compromiso en un quehacer educacional relevante, redundar\u00e1 no s\u00f3lo en beneficio\u00a0 de los alumnos\u00a0 y docentes involucrados,\u00a0 sino en beneficio del desarrollo socio econ\u00f3mico departamental, puesto que sus objetivos apuntan a formar desde el \u00e1mbito escolar y familiar, recursos humanos anclados en valores sociales fundamentales que se evidencian cuando nos proponemos <strong><em>\u201cconocer, comprender y compartir el Mundo\u201d<\/em><\/strong>.<\/p>\n<p style=\"text-align: justify;\"><strong>POR ELLO:<\/strong><br \/>\nEl Honorable Concejo Deliberante de Rivadavia,\u00a0 y en uso de sus facultades:<\/p>\n<p style=\"text-align: center;\"><strong>DECLARA<\/strong><\/p>\n<p style=\"text-align: justify;\"><strong>Art\u00edculo 1\u00ba:<\/strong> El Honorable Concejo Deliberante de Rivadavia, provincia de Mendoza, declara de Inter\u00e9s Departamental, el Proyecto de Inclusi\u00f3n Interinstitucional organizado por la Escuela N\u00ba 1-009 \u201cCornelio Saavedra\u201d y el Liceo Agr\u00edcola \u201cDomingo Faustino Sarmiento\u201d, de la UNCuyo, con la colaboraci\u00f3n del I.N.T.A. Jun\u00edn, del Departamento General de Irrigaci\u00f3n y de Bodega y Vi\u00f1edos Nicol\u00e1s Catena.<\/p>\n<p style=\"text-align: justify;\"><strong>Art\u00edculo 2\u00ba:<\/strong> Remitir copia de la presente pieza legal a las Instituciones mencionadas en el art\u00edculo precedente.<\/p>\n<p style=\"text-align: justify;\"><strong>Art\u00edculo 3\u00ba:<\/strong> Comun\u00edquese al Departamento Ejecutivo a sus efectos e ins\u00e9rtese en el Libro de Declaraciones de este Cuerpo.<\/p>\n<p style=\"text-align: justify;\">Dada en la Sala de Sesiones \u201cBandera Nacional Argentina\u201d del Honorable Concejo Deliberante de Rivadavia, Mendoza, a los 03 d\u00edas del mes de junio\u00a0 de 2014.<\/p>\n<table>\n<tbody>\n<tr>\n<td style=\"text-align: center;\">ORLANDO JAVIER RODRIGUEZ<\/td>\n<td style=\"text-align: center;\">FLORINDA SEOANE<\/td>\n<\/tr>\n<tr>\n<td style=\"text-align: center;\">SECRETARIO H.C.D.<\/td>\n<td style=\"text-align: center;\">PRESIDENTA H.C.D.<\/td>\n<\/tr>\n<\/tbody>\n<\/table>\n<p style=\"text-align: right;\">Cpde. Expte. N\u00ba 2014-0091-9 H.C.D.<\/p>\n","protected":false},"excerpt":{"rendered":"<p>DECLARACI\u00d3N N\u00ba 17 VISTO: EL Expte. N\u00ba 2014-00091-9 presentado por la Esc. N\u00ba 1-009 \u201cCornelio Saavedra\u201d y Licenciado Mario Francick, Director del Liceo Agr\u00edcola \u201cDomingo Faustino Sarmiento\u201d, y CONSIDERANDO: Que ambos establecimientos educacionales han encarado un Proyecto de Inclusi\u00f3n Interinstitucional conjuntamente con el I.N.T.A. de Jun\u00edn, el Departamento General de Irrigaci\u00f3n y Bodegas y Vi\u00f1edos [&hellip;]<\/p>\n","protected":false},"author":1,"featured_media":4276,"comment_status":"closed","ping_status":"closed","sticky":false,"template":"","format":"standard","meta":{"_acf_changed":false,"footnotes":""},"categories":[66],"tags":[],"class_list":["post-4676","post","type-post","status-publish","format-standard","has-post-thumbnail","hentry","category-declaraciones"],"acf":[],"_links":{"self":[{"href":"https:\/\/coworkdigital.com.ar\/hcd\/wp-json\/wp\/v2\/posts\/4676","targetHints":{"allow":["GET"]}}],"collection":[{"href":"https:\/\/coworkdigital.com.ar\/hcd\/wp-json\/wp\/v2\/posts"}],"about":[{"href":"https:\/\/coworkdigital.com.ar\/hcd\/wp-json\/wp\/v2\/types\/post"}],"author":[{"embeddable":true,"href":"https:\/\/coworkdigital.com.ar\/hcd\/wp-json\/wp\/v2\/users\/1"}],"replies":[{"embeddable":true,"href":"https:\/\/coworkdigital.com.ar\/hcd\/wp-json\/wp\/v2\/comments?post=4676"}],"version-history":[{"count":0,"href":"https:\/\/coworkdigital.com.ar\/hcd\/wp-json\/wp\/v2\/posts\/4676\/revisions"}],"wp:featuredmedia":[{"embeddable":true,"href":"https:\/\/coworkdigital.com.ar\/hcd\/wp-json\/wp\/v2\/media\/4276"}],"wp:attachment":[{"href":"https:\/\/coworkdigital.com.ar\/hcd\/wp-json\/wp\/v2\/media?parent=4676"}],"wp:term":[{"taxonomy":"category","embeddable":true,"href":"https:\/\/coworkdigital.com.ar\/hcd\/wp-json\/wp\/v2\/categories?post=4676"},{"taxonomy":"post_tag","embeddable":true,"href":"https:\/\/coworkdigital.com.ar\/hcd\/wp-json\/wp\/v2\/tags?post=4676"}],"curies":[{"name":"wp","href":"https:\/\/api.w.org\/{rel}","templated":true}]}}