{"id":4680,"date":"2014-05-22T11:39:17","date_gmt":"2014-05-22T11:39:17","guid":{"rendered":"http:\/\/www.rivadaviamendoza.gob.ar\/hcd\/?p=4680"},"modified":"2014-05-22T11:39:17","modified_gmt":"2014-05-22T11:39:17","slug":"declaracion-15-2014","status":"publish","type":"post","link":"https:\/\/coworkdigital.com.ar\/hcd\/declaracion-15-2014\/","title":{"rendered":"Declaraci\u00f3n 15-2014"},"content":{"rendered":"<p style=\"text-align: center;\"><strong><img fetchpriority=\"high\" decoding=\"async\" class=\"wp-image-1054 aligncenter\" src=\"http:\/\/rd.gov.ar\/wp4\/wp-content\/uploads\/2017\/02\/encabezado-300x60.jpg\" sizes=\"(max-width: 669px) 100vw, 669px\" srcset=\"http:\/\/www.rivadaviamendoza.gob.ar\/hcd\/wp-content\/uploads\/2017\/02\/encabezado-300x60.jpg 300w, http:\/\/www.rivadaviamendoza.gob.ar\/hcd\/wp-content\/uploads\/2017\/02\/encabezado-768x153.jpg 768w, http:\/\/www.rivadaviamendoza.gob.ar\/hcd\/wp-content\/uploads\/2017\/02\/encabezado-1024x203.jpg 1024w\" alt=\"\" width=\"669\" height=\"134\" \/><\/strong><\/p>\n<p style=\"text-align: center;\"><strong>DECLARACI\u00d3N N\u00ba15<\/strong><\/p>\n<p style=\"text-align: justify;\"><strong>VISTO:<br \/>\n<\/strong>Que existe una notable preocupaci\u00f3n social sobre la comisi\u00f3n de delitos en el Departamento que afectan el derecho de propiedad\u00a0 e integridad f\u00edsica de las personas y un reclamo al Estado sobre la necesidad de frenar los mismos o en su caso obtener una respuesta que contenga a las v\u00edctimas y;<\/p>\n<p style=\"text-align: justify;\"><strong>CONSIDERANDO:<\/strong><br \/>\nQue si bien\u00a0 la problem\u00e1tica de la seguridad es competencia del Estado Provincial, encargada de\u00a0 la organizaci\u00f3n del sistema policial y de justicia, las Municipalidades de la Provincia y en este caso Rivadavia,\u00a0 se trata de promover acciones de colaboraci\u00f3n institucional. A modo de ejemplo, esta Comuna\u00a0 con recursos propios,\u00a0 ha construido la Sub Comisaria de La Reducci\u00f3n, el edificio de Destacamento\u00a0 Los Campamentos,\u00a0 la sede de la U.E.P. en esta Ciudad de Rivadavia y el recientemente inaugurado Destacamento de Santa Mar\u00eda de Oro.\u00a0 Por otra parte hay acciones concretas que son competencia Comunal como la limpieza de bald\u00edos\u00a0 para evitar que sirvan de escondite para maleantes, la buena iluminaci\u00f3n de calles y rutas para mejorar las condiciones de seguridad en el tr\u00e1nsito, arreglo de m\u00f3viles policiales cuando fuere necesario, medidas de acci\u00f3n social que tiendan a satisfacer necesidades primarias y b\u00e1sicas de grupos familiares a fin que se encuentren contenidos y no tengan la necesidad de ingresar en malas formas de vida como sost\u00e9n familiar, es decir que existe una profusa colaboraci\u00f3n entre estas dos instituciones con el objeto de mejorar la respuesta policial,\u00a0 prevenir la comisi\u00f3n de il\u00edcitos y mejorar la calidad de vida de nuestros vecinos.<br \/>\nQue desde el \u00e1mbito pol\u00edtico, resulta necesario aportar todas las herramientas que se consideren oportunas para solucionar esta problem\u00e1tica, y como en este proyecto de declaraci\u00f3n,\u00a0 propiciar la formaci\u00f3n de consensos y medidas administrativas que mejoren el servicio policial.<br \/>\nSe puede observar que en los \u00faltimos a\u00f1os se orient\u00f3 la pol\u00edtica de seguridad del Gobierno Provincial en incrementar la presencia policial en las calles a fin de prevenir o evitar la comisi\u00f3n de delitos. Tambi\u00e9n resulta de poco andar, la implementaci\u00f3n del nuevo C\u00f3digo Procesal Penal,\u00a0 que ha incorporado importantes modificaciones. As\u00ed se ha dispuesto que la etapa t\u00e9cnica investigativa se encuentra dentro de la\u00a0 \u00f3rbita de las Fiscal\u00edas Judiciales competentes y la\u00a0 Polic\u00eda Cient\u00edfica depende t\u00e9cnicamente de ellas, encontr\u00e1ndose en estudio la creaci\u00f3n de la Polic\u00eda Judicial en el \u00e1mbito Provincial.<br \/>\nQue es obligaci\u00f3n del Estado Provincial brindar una respuesta a la problem\u00e1tica\u00a0 de la inseguridad, no solo desde la etapa de la prevenci\u00f3n sino tambi\u00e9n tomar las medidas que resulten necesarias para el mejor funcionamiento de la justicia, en el caso de esta propuesta, tomar medidas para el esclarecimiento de hechos delictivos.<br \/>\nEn este sentido durante la pasada elecci\u00f3n Legislativa del a\u00f1o 2013 se pudieron escuchar diferentes propuestas de candidatos a legisladores, que tend\u00edan a endurecer penas o sanciones, otros que pretenden disminuirlas y otros que proponen disolver la Instituci\u00f3n Policial y reemplazarla por otra fuerza sin explicar cual, con que objetivo y personal. Entendemos que la Seguridad debe ser una Pol\u00edtica de Estado Provincial, no objeto de una campa\u00f1a,\u00a0 motivada por el incremento de los hechos delictivos y la aflicci\u00f3n de la poblaci\u00f3n en general por esta situaci\u00f3n actual. En consecuencia m\u00e1s all\u00e1 de la posici\u00f3n de cada partido o candidato, entendemos\u00a0 la necesidad de definir pol\u00edticas de Estado en esta materia, y una de ellas, no la \u00fanica, es mejorar el funcionamiento del sistema judicial y policial tendiente a la investigaci\u00f3n, capacitar a la fuerza policial y proveer los medios t\u00e9cnicos necesarios para el esclarecimiento de la mayor cantidad posible o de todos y cada uno de los delitos cometidos.\u00a0 Es un principio b\u00e1sico de justicia, es un pedido de la Comunidad, que cuando se ve afectada por ejemplo por un robo reclama que el responsable tenga la sanci\u00f3n que determine la Ley, pero que haya una sanci\u00f3n.<br \/>\nQue para la Zona Este de la Provincia existe insuficiente movilidad y recursos humanos\u00a0 capacitados para desempe\u00f1arse como Polic\u00eda Cient\u00edfica, \u00e1rea que toma inmediata\u00a0 intervenci\u00f3n junto con una Fiscal\u00eda ante el acaecimiento de un hecho il\u00edcito, sea un accidente de tr\u00e1nsito, un robo o delito que se tratare.<br \/>\nEsta insuficiencia de recursos trae aparejado un recargo de trabajo en el personal policial, demoras y la imposibilidad de efectuar una tarea efectiva\u00a0 de investigaci\u00f3n que permita el esclarecimiento de un hecho y la determinaci\u00f3n en cada caso concreto de la verdad real,\u00a0 es decir identificar sus responsables a fin que reciban la sanci\u00f3n prevista en la ley.\u00a0 Como consecuencia, entendemos resulta afectado\u00a0 el buen funcionamiento de la Justicia y la Ley Penal pierde un elemento esencial\u00a0 que es la coerci\u00f3n, es decir el conocimiento que tienen todos los ciudadanos, que si realizan un acto previsto en el C\u00f3digo Penal como delito, se recibir\u00e1 efectivamente la sanci\u00f3n establecida en la Ley.<br \/>\nEn menor grado, perjudica esta escasez de recursos las tareas de investigaci\u00f3n de accidentes de tr\u00e1nsito, por cuanto la Polic\u00eda interviene en ellos tomando datos de las personas y veh\u00edculos afectados, del lugar del accidente,\u00a0 estado de veh\u00edculos de calzada, y de los da\u00f1os producidos, pero\u00a0 suele suceder que se vea afectado el tr\u00e1nsito y las personas\u00a0 deban esperar un tiempo importante para poder mover los veh\u00edculos hasta que sean relevados los datos del siniestro.<br \/>\nQue, con el presente proyecto de declaraci\u00f3n se solicita a los organismos t\u00e9cnicos estatales competentes la toma de medidas administrativas tendientes a formar polic\u00edas en funciones de investigaci\u00f3n y t\u00e9cnicas forenses a fin de\u00a0 obtener los medios de pruebas necesarios para el esclarecimiento de la mayor cantidad de hechos delictivos posibles que permitan la aplicaci\u00f3n en cada caso de las\u00a0 sanciones legales que correspondan y que en definitiva mejoraran el funcionamiento de la Justicia Provincial.<\/p>\n<p style=\"text-align: justify;\"><strong>POR ELLO:<\/strong><br \/>\nEl Honorable Concejo Deliberante de Rivadavia,\u00a0 y en uso de sus facultades:<\/p>\n<p style=\"text-align: center;\"><strong>DECLARA<\/strong><\/p>\n<p style=\"text-align: justify;\"><strong>Art\u00edculo 1\u00ba:<\/strong> Solicitar a la Suprema Corte de Justicia de la provincia de Mendoza, a la Direcci\u00f3n del Instituto Superior de Seguridad P\u00fablica y de la Polic\u00eda de Mendoza, tomen las medidas administrativas necesarias para que a la brevedad posible, se capacite personal policial en tareas de investigaci\u00f3n y con ello comience a funcionar en el departamento de Rivadavia el \u00c1rea de Polic\u00eda Cient\u00edfica.<\/p>\n<p style=\"text-align: justify;\"><strong>Art\u00edculo 2\u00ba:<\/strong> Remitir copia de la presente pieza legal a la Suprema Corte de Justicia de la Provincia, al Ministerio de Seguridad de Mendoza, a la Direcci\u00f3n del Instituto Superior de Seguridad P\u00fablica, a ambas C\u00e1maras de la Legislatura de la Provincia y a los Concejos Deliberantes de General San Mart\u00edn, Jun\u00edn, Santa Rosa y La Paz.<\/p>\n<p style=\"text-align: justify;\"><strong>Art\u00edculo 3\u00ba:<\/strong> Comun\u00edquese al Departamento Ejecutivo a sus efectos e ins\u00e9rtese en el Libro de Declaraciones de este Cuerpo.<\/p>\n<p style=\"text-align: justify;\">Dada en la Sala de Sesiones \u201cBandera Nacional Argentina\u201d del Honorable Concejo Deliberante de Rivadavia, Mendoza, a los 22 d\u00edas del mes de mayo\u00a0 de 2014.<\/p>\n<table>\n<tbody>\n<tr>\n<td style=\"text-align: center;\">ORLANDO JAVIER RODRIGUEZ<\/td>\n<td style=\"text-align: center;\">FLORINDA SEOANE<\/td>\n<\/tr>\n<tr>\n<td style=\"text-align: center;\">SECRETARIO H.C.D.<\/td>\n<td style=\"text-align: center;\">PRESIDENTA H.C.D.<\/td>\n<\/tr>\n<\/tbody>\n<\/table>\n<p style=\"text-align: right;\">Cpde. Expte. N\u00ba 2014-00066-1 H.C.D.<\/p>\n","protected":false},"excerpt":{"rendered":"<p>DECLARACI\u00d3N N\u00ba15 VISTO: Que existe una notable preocupaci\u00f3n social sobre la comisi\u00f3n de delitos en el Departamento que afectan el derecho de propiedad\u00a0 e integridad f\u00edsica de las personas y un reclamo al Estado sobre la necesidad de frenar los mismos o en su caso obtener una respuesta que contenga a las v\u00edctimas y; CONSIDERANDO: [&hellip;]<\/p>\n","protected":false},"author":1,"featured_media":4276,"comment_status":"closed","ping_status":"closed","sticky":false,"template":"","format":"standard","meta":{"_acf_changed":false,"footnotes":""},"categories":[66],"tags":[],"class_list":["post-4680","post","type-post","status-publish","format-standard","has-post-thumbnail","hentry","category-declaraciones"],"acf":[],"_links":{"self":[{"href":"https:\/\/coworkdigital.com.ar\/hcd\/wp-json\/wp\/v2\/posts\/4680","targetHints":{"allow":["GET"]}}],"collection":[{"href":"https:\/\/coworkdigital.com.ar\/hcd\/wp-json\/wp\/v2\/posts"}],"about":[{"href":"https:\/\/coworkdigital.com.ar\/hcd\/wp-json\/wp\/v2\/types\/post"}],"author":[{"embeddable":true,"href":"https:\/\/coworkdigital.com.ar\/hcd\/wp-json\/wp\/v2\/users\/1"}],"replies":[{"embeddable":true,"href":"https:\/\/coworkdigital.com.ar\/hcd\/wp-json\/wp\/v2\/comments?post=4680"}],"version-history":[{"count":0,"href":"https:\/\/coworkdigital.com.ar\/hcd\/wp-json\/wp\/v2\/posts\/4680\/revisions"}],"wp:featuredmedia":[{"embeddable":true,"href":"https:\/\/coworkdigital.com.ar\/hcd\/wp-json\/wp\/v2\/media\/4276"}],"wp:attachment":[{"href":"https:\/\/coworkdigital.com.ar\/hcd\/wp-json\/wp\/v2\/media?parent=4680"}],"wp:term":[{"taxonomy":"category","embeddable":true,"href":"https:\/\/coworkdigital.com.ar\/hcd\/wp-json\/wp\/v2\/categories?post=4680"},{"taxonomy":"post_tag","embeddable":true,"href":"https:\/\/coworkdigital.com.ar\/hcd\/wp-json\/wp\/v2\/tags?post=4680"}],"curies":[{"name":"wp","href":"https:\/\/api.w.org\/{rel}","templated":true}]}}