{"id":4686,"date":"2014-05-06T12:00:41","date_gmt":"2014-05-06T12:00:41","guid":{"rendered":"http:\/\/www.rivadaviamendoza.gob.ar\/hcd\/?p=4686"},"modified":"2014-05-06T12:00:41","modified_gmt":"2014-05-06T12:00:41","slug":"declaracion-12-2014","status":"publish","type":"post","link":"https:\/\/coworkdigital.com.ar\/hcd\/declaracion-12-2014\/","title":{"rendered":"Declaraci\u00f3n 12-2014"},"content":{"rendered":"<p style=\"text-align: center;\"><strong><img fetchpriority=\"high\" decoding=\"async\" class=\"wp-image-1054 aligncenter\" src=\"http:\/\/rd.gov.ar\/wp4\/wp-content\/uploads\/2017\/02\/encabezado-300x60.jpg\" sizes=\"(max-width: 669px) 100vw, 669px\" srcset=\"http:\/\/www.rivadaviamendoza.gob.ar\/hcd\/wp-content\/uploads\/2017\/02\/encabezado-300x60.jpg 300w, http:\/\/www.rivadaviamendoza.gob.ar\/hcd\/wp-content\/uploads\/2017\/02\/encabezado-768x153.jpg 768w, http:\/\/www.rivadaviamendoza.gob.ar\/hcd\/wp-content\/uploads\/2017\/02\/encabezado-1024x203.jpg 1024w\" alt=\"\" width=\"669\" height=\"134\" \/><\/strong><\/p>\n<p style=\"text-align: center;\"><strong>DECLARACI\u00d3N N\u00ba12<\/strong><\/p>\n<p style=\"text-align: justify;\"><strong>VISTO:<\/strong><br \/>\nQue el 9 de mayo pr\u00f3ximo, el Instituto \u201cCasa de Mar\u00eda Madre de la Misericordia\u201d celebra el 50\u00ba Aniversario de la Fundaci\u00f3n de su Nivel Secundario, y<\/p>\n<p style=\"text-align: justify;\"><strong>CONSIDERANDO:<\/strong><br \/>\nQue dicho acontecimiento\u00a0 constituye un hecho importante para el \u00e1mbito educacional de Rivadavia, puesto que inscribe una p\u00e1gina m\u00e1s en nuestra historia socio cultural departamental.<br \/>\n\u201cCasa de Mar\u00eda\u201d, guarda una vasta y comprometida labor en favor de nuestra Comunidad local\u2026 <em><strong>\u201cCorr\u00eda el a\u00f1o 1939 cuando llega a la Villa de Rivadavia un grupo de entusiastas Religiosas provenientes de la Casa de Mar\u00eda fundada en Santiago de Chile por el Presb\u00edtero Blas Ca\u00f1as en 1856\u2026 hab\u00eda llegado el tiempo destinado a establecer una nueva Casa y a extender as\u00ed la sublime obra de la educaci\u00f3n e instrucci\u00f3n de la ni\u00f1ez so\u00f1ada por su Santo Fundador\u2026\u201d<\/strong><\/em>. Se instalaron las Hermanas en un viejo caser\u00f3n ubicado en calle San Isidro, a pocos metros de calle del Medio (hoy Juan XXIII).<br \/>\nEl 3 de febrero de 1943 fue inaugurado el Colegio, y desde el 22 de marzo de ese a\u00f1o se inician las clases atendiendo de 1\u00ba a 4\u00ba Grados, con una matr\u00edcula de 36 alumnas. Tres grados funcionaban por la ma\u00f1ana y dos por la tarde, bajo la Direcci\u00f3n de la Reverenda Madre Superiora Sor Mar\u00eda Vicenta. Tambi\u00e9n fue habilitado un Taller de Labores al que asist\u00edan 15 alumnas. En 1944 se incorporaron el 5\u00ba Grado y el Jard\u00edn de Infantes.<br \/>\nA trav\u00e9s de un pedido de las Autoridades del Colegio, el 23 de octubre de 1948 la Direcci\u00f3n General de Escuelas de Mendoza dicta la Resoluci\u00f3n N\u00ba 363 mediante la cual acord\u00f3 dar de alta y autorizar a las docentes religiosas a continuar actuando en Rivadavia.\u00a0 En febrero de 1949 se le adjudic\u00f3 el n\u00famero P-32 en el ordenamiento de establecimientos educacionales \u201cincorporados\u201d.<br \/>\nAnte la incomodidad que presentaban las instalaciones del primitivo edificio para el desarrollo del quehacer educacional, las Religiosas vendieron\u00a0 6 hect\u00e1reas de su amplia propiedad \u2013 lugar que por aquel entonces se lo conoc\u00eda como \u201cEl Barrio de las Monjitas\u201d- cuyo importe lo destinaron a la construcci\u00f3n de un local nuevo.<br \/>\nCon el correr de los a\u00f1os, la Instituci\u00f3n fue creciendo merced a la labor tesonera de las Hermanas y al acompa\u00f1amiento de entusiasmados vecinos, padres y familias que se acercaban a colaborar con tan noble tarea. Fue as\u00ed que en 1947 se form\u00f3 la Asociaci\u00f3n Cooperadora dirigida por la Reverenda Madre Mar\u00eda Concepci\u00f3n, e integrada por un nutrido grupo de mujeres de nuestro Departamento.<br \/>\nEl 11 de marzo de 1953 se agrega al Colegio la Escuela del Hogar y Artes Femeninas, con el claro objetivo de preparar a las j\u00f3venes en cursos de bordados a mano y a m\u00e1quina; en corte y confecci\u00f3n, y en econom\u00eda dom\u00e9stica.<br \/>\nEn marzo de 1963, a pedido de los padres de las alumnas se cre\u00f3 el Nivel Secundario (que dependi\u00f3 en aquel tiempo y hasta 1992, del Ministerio de Justicia e Instrucci\u00f3n P\u00fablica de la Naci\u00f3n). Este Nivel comenz\u00f3 su tarea con 42 alumnas y 13 profesores. A partir de entonces se denomin\u00f3 \u201cColegio Casa de Mar\u00eda\u201d, al Nivel Primario, e \u201cInstituto Casa de Mar\u00eda\u201d, al Nivel Secundario.<br \/>\nDurante varios a\u00f1os funcion\u00f3 en la Instituci\u00f3n el r\u00e9gimen de alumnas \u201cpupilas\u201d: ni\u00f1as que permanec\u00edan internadas en el Colegio los d\u00edas de clase y el fin de semana volv\u00edan a sus hogares.<br \/>\nEn 1977 el Colegio adopt\u00f3 el r\u00e9gimen de educaci\u00f3n mixta en el Nivel Primario. En el a\u00f1o 2000 hizo lo propio con el Nivel Secundario.<br \/>\nEs importante destacar que Casa de Mar\u00eda ha llevado adelante interesantes iniciativas a trav\u00e9s de distintas \u201cComisiones\u201d, cuyos trabajos tienen gran repercusi\u00f3n hacia adentro de la Escuela y hacia diversos espacios de la comunidad rivadaviense, a saber: Comisi\u00f3n Cruz Roja Juvenil; Comisi\u00f3n de Ahorro; Comisi\u00f3n de Biblioteca, Comisi\u00f3n de Cultura; Centro de Ex Alumnos, Brigada Sanitaria; Ropero Escolar; Club Colegial y la Revista \u201cLa Voz del Colegio\u201d. Con el producto obtenido a trav\u00e9s de los proyectos\u00a0 llevados a cabo por esas Comisiones, se fueron concretando varias obras, entre ellas, el \u201cCampo de Deportes\u201d (un magnifico y amplio edificio que permite el desarrollo de variadas actividades, no s\u00f3lo deportivas, sino sociales y culturales).<br \/>\nEn la actualidad asisten al Nivel Secundario 306 alumnos, que tienen como oferta educacional las siguientes modalidades: Humanidades y Ciencias Sociales con Orientaci\u00f3n en Desarrollo Socio-Comunitario y Formaci\u00f3n Profesional en Auxiliar en Relaciones Humanas y Protocolo, y Ciencias Naturales, Salud y Ambiente con Orientaci\u00f3n en Ciencias y Formaci\u00f3n Profesional de Auxiliar en Laboratorio.<br \/>\nAl frente de la Instituci\u00f3n, se encuentra como Representante Legal, la Hermana Mar\u00eda Alejandra Romero. La Direcci\u00f3n de ese Nivel la ejerce la Profesora Estela Tondini, quien por estar de licencia, es reemplazada por la Vice Directora, Profesora Alejandra Zarpell\u00f3n. Adem\u00e1s, fueron Directores del Secundario, la Hermana Mar\u00eda Rosal\u00eda Guzm\u00e1n; la Hermana Norma Flores; la Hermana Josefa Altamirano; la Profesora Cristina Digregorio de Carbonari; la Profesora Gladys Carballo de Llaver; la Hermana Antonieta Vega;\u00a0 la Hermana Mar\u00eda Isabel Del R\u00edo, y\u00a0 la Profesora Viviana Giordano de Pippi.<br \/>\nSeguramente, una numerosa cantidad de ex alumnas, de ex pupilas, de personal docente y no docente que pasaron por el Colegio, al igual que padres, vecinos y autoridades departamentales, recordar\u00e1n con estima y respeto el denodado, perseverante y extendido quehacer de la Hermana Mar\u00eda Rosal\u00eda Guzm\u00e1n, quien durante 60 a\u00f1os ofrend\u00f3 hasta su \u00faltimo aliento y fuerza humana y espiritual en favor de su entra\u00f1able \u201cCasa de Mar\u00eda\u201d. Con mano firme y coraz\u00f3n misericordioso cumpli\u00f3 ampliamente con el ideario fundacional. Debemos recordar tambi\u00e9n que cont\u00f3, para lograr su cometido, con la ferviente colaboraci\u00f3n de la Hermana Buen Pastor, de la\u00a0 Hermana Beatr\u00edz y de la Hermana San Jos\u00e9. Quienes compartieron su notable gesti\u00f3n pueden dar testimonio del bien ganado prestigio de la \u201cMadre Rosal\u00eda\u201d\u2026<br \/>\nHabida cuenta de lo expuesto, no caben dudas de que estamos frente a una destacada p\u00e1gina del quehacer educacional departamental. Y cabe se\u00f1alar, que las puertas de ese Nivel Secundario que hace 50 a\u00f1os se abrieron para prestar su servicio a nuestra Comunidad, fueron las \u00faltimas\u00a0 -de ese nivel- que se abrieron en el distrito Ciudad.<br \/>\nSeria plausible, entonces, que este Honorable Concejo Deliberante se expida en favor de declarar de inter\u00e9s departamental, los Actos Conmemorativos del 50\u00ba Aniversario de la Fundaci\u00f3n del Nivel Secundario del Instituto \u201cCasa de Mar\u00eda Madre de la Misericordia\u201d.<\/p>\n<p style=\"text-align: justify;\"><strong>POR ELLO:<\/strong><br \/>\nLa Presidenta del Honorable Concejo Deliberante de Rivadavia,\u00a0 y en uso de sus facultades:<\/p>\n<p style=\"text-align: center;\"><strong>DECLARA<\/strong><\/p>\n<p style=\"text-align: justify;\"><strong>Art\u00edculo 1\u00ba:<\/strong> El Honorable Concejo Deliberante de Rivadavia, provincia de Mendoza, declara de Inter\u00e9s Departamental, los Actos Conmemorativos del 50\u00ba Aniversario de la Fundaci\u00f3n del Nivel Secundario P.S.32 de \u201cCasa de Mar\u00eda Madre de la Misericordia\u201d, de esta Ciudad.<\/p>\n<p style=\"text-align: justify;\"><strong>Art\u00edculo 2\u00ba:<\/strong> Rem\u00edtase copia de la presente pieza legal, a la Directora General de Escuelas, Profesora Mar\u00eda In\u00e9s Abrile de Vollmer; al Vicepresidente del Honorable Consejo Administrativo de la Ense\u00f1anza P\u00fablica,\u00a0 Se\u00f1or Maximiano Gonz\u00e1lez; a la Directora de Educaci\u00f3n Privada de la Direcci\u00f3n General de Escuelas, Profesora Liliana Jerez;\u00a0\u00a0 y a la Representante Legal del Instituto \u201cCasa de Mar\u00eda\u201d, Hermana Mar\u00eda Alejandra Romero, para su conocimiento y dem\u00e1s efectos.<\/p>\n<p style=\"text-align: justify;\"><strong>Art\u00edculo 3\u00ba:<\/strong> H\u00e1gase llegar un reconocimiento de este Honorable Concejo Deliberante a las Autoridades del mencionado Instituto.<\/p>\n<p style=\"text-align: justify;\"><strong>Art\u00edculo 4\u00ba:<\/strong> Comun\u00edquese al Departamento Ejecutivo a sus efectos e ins\u00e9rtese en el Libro de Declaraciones de este Cuerpo.<\/p>\n<p style=\"text-align: justify;\">Dada en la Sala de Sesiones \u201cBandera Nacional Argentina\u201d del Honorable Concejo Deliberante de Rivadavia, Mendoza, a los 06 d\u00edas del mes de mayo\u00a0 de 2014.<\/p>\n<table>\n<tbody>\n<tr>\n<td style=\"text-align: center;\">ORLANDO JAVIER RODRIGUEZ<\/td>\n<td style=\"text-align: center;\">FLORINDA SEOANE<\/td>\n<\/tr>\n<tr>\n<td style=\"text-align: center;\">SECRETARIO H.C.D.<\/td>\n<td style=\"text-align: center;\">PRESIDENTA H.C.D.<\/td>\n<\/tr>\n<\/tbody>\n<\/table>\n<p style=\"text-align: right;\">Cpde. Expte. N\u00ba 2014-00071-1 H.C.D.<\/p>\n","protected":false},"excerpt":{"rendered":"<p>DECLARACI\u00d3N N\u00ba12 VISTO: Que el 9 de mayo pr\u00f3ximo, el Instituto \u201cCasa de Mar\u00eda Madre de la Misericordia\u201d celebra el 50\u00ba Aniversario de la Fundaci\u00f3n de su Nivel Secundario, y CONSIDERANDO: Que dicho acontecimiento\u00a0 constituye un hecho importante para el \u00e1mbito educacional de Rivadavia, puesto que inscribe una p\u00e1gina m\u00e1s en nuestra historia socio cultural [&hellip;]<\/p>\n","protected":false},"author":1,"featured_media":4276,"comment_status":"closed","ping_status":"closed","sticky":false,"template":"","format":"standard","meta":{"_acf_changed":false,"footnotes":""},"categories":[66],"tags":[],"class_list":["post-4686","post","type-post","status-publish","format-standard","has-post-thumbnail","hentry","category-declaraciones"],"acf":[],"_links":{"self":[{"href":"https:\/\/coworkdigital.com.ar\/hcd\/wp-json\/wp\/v2\/posts\/4686","targetHints":{"allow":["GET"]}}],"collection":[{"href":"https:\/\/coworkdigital.com.ar\/hcd\/wp-json\/wp\/v2\/posts"}],"about":[{"href":"https:\/\/coworkdigital.com.ar\/hcd\/wp-json\/wp\/v2\/types\/post"}],"author":[{"embeddable":true,"href":"https:\/\/coworkdigital.com.ar\/hcd\/wp-json\/wp\/v2\/users\/1"}],"replies":[{"embeddable":true,"href":"https:\/\/coworkdigital.com.ar\/hcd\/wp-json\/wp\/v2\/comments?post=4686"}],"version-history":[{"count":0,"href":"https:\/\/coworkdigital.com.ar\/hcd\/wp-json\/wp\/v2\/posts\/4686\/revisions"}],"wp:featuredmedia":[{"embeddable":true,"href":"https:\/\/coworkdigital.com.ar\/hcd\/wp-json\/wp\/v2\/media\/4276"}],"wp:attachment":[{"href":"https:\/\/coworkdigital.com.ar\/hcd\/wp-json\/wp\/v2\/media?parent=4686"}],"wp:term":[{"taxonomy":"category","embeddable":true,"href":"https:\/\/coworkdigital.com.ar\/hcd\/wp-json\/wp\/v2\/categories?post=4686"},{"taxonomy":"post_tag","embeddable":true,"href":"https:\/\/coworkdigital.com.ar\/hcd\/wp-json\/wp\/v2\/tags?post=4686"}],"curies":[{"name":"wp","href":"https:\/\/api.w.org\/{rel}","templated":true}]}}