{"id":4690,"date":"2014-04-22T12:20:19","date_gmt":"2014-04-22T12:20:19","guid":{"rendered":"http:\/\/www.rivadaviamendoza.gob.ar\/hcd\/?p=4690"},"modified":"2014-04-22T12:20:19","modified_gmt":"2014-04-22T12:20:19","slug":"declaracion-10-2014","status":"publish","type":"post","link":"https:\/\/coworkdigital.com.ar\/hcd\/declaracion-10-2014\/","title":{"rendered":"Declaraci\u00f3n 10-2014"},"content":{"rendered":"<p style=\"text-align: center;\"><strong><img fetchpriority=\"high\" decoding=\"async\" class=\"wp-image-1054 aligncenter\" src=\"http:\/\/rd.gov.ar\/wp4\/wp-content\/uploads\/2017\/02\/encabezado-300x60.jpg\" sizes=\"(max-width: 669px) 100vw, 669px\" srcset=\"http:\/\/www.rivadaviamendoza.gob.ar\/hcd\/wp-content\/uploads\/2017\/02\/encabezado-300x60.jpg 300w, http:\/\/www.rivadaviamendoza.gob.ar\/hcd\/wp-content\/uploads\/2017\/02\/encabezado-768x153.jpg 768w, http:\/\/www.rivadaviamendoza.gob.ar\/hcd\/wp-content\/uploads\/2017\/02\/encabezado-1024x203.jpg 1024w\" alt=\"\" width=\"669\" height=\"134\" \/><\/strong><\/p>\n<p style=\"text-align: center;\"><strong>DECLARACI\u00d3N N\u00ba10<\/strong><\/p>\n<p style=\"text-align: justify;\"><strong>VISTO:<br \/>\n<\/strong>El Expediente N\u00ba2014-00008-3, caratulado Congreso Internacional de Parlamentarios Locales, cursa invitaci\u00f3n, y<\/p>\n<p style=\"text-align: justify;\"><strong>CONSIDERANDO:<\/strong><br \/>\nQue, el Congreso Internacional de Parlamentarios Locales tiene por objetivo poner en valor la tarea de los Concejales en el marco de las nuevas competencias que van adquiriendo los municipios en los diferentes pa\u00edses de Latinoam\u00e9rica.<br \/>\nLas jornadas est\u00e1n auspiciadas por el Consejo Federal de Legisladores Comunales de Argentina (COFELCO), el Comit\u00e9 Latinoamericano de Parlamentos Municipales, la Municipalidad de la Ciudad de Mendoza y la Federaci\u00f3n Latinoamericana de Ciudades, Municipios y Asociaciones (FLACMA), entre otros importantes apoyos.<br \/>\nEl Congreso tiene como objetivos espec\u00edficos:<br \/>\n\u2022 Brindar a los participantes las herramientas que permitan mejorar la tarea del legislador.<br \/>\n\u2022 Compartir conocimientos y experiencias sobre las demandas ciudadanas y el alcance de los legisladores locales.<br \/>\n\u2022 Analizar el rol de los concejales en el marco de la expansi\u00f3n de la competencia de los gobiernos locales.<br \/>\nEste evento singular se dividir\u00e1 en tres jornadas en las que tendr\u00e1n lugar m\u00e1s de cuarenta disertaciones sobre un solo tema: los concejales y su rol en el dise\u00f1o de pol\u00edticas p\u00fablicas locales en el marco del fortalecimiento del gobierno municipal.<br \/>\nDesde esa base, los t\u00f3picos que se abordar\u00e1n son: Los principales desaf\u00edos en la relaci\u00f3n con los ciudadanos, la descentralizaci\u00f3n de los gobiernos: competencias actuales y futuras, calidad en los servicios p\u00fablicos: transparencia y control de gesti\u00f3n, articulaci\u00f3n entre legislaturas locales de los pa\u00edses latinoamericanos y los modelos asociativos de las organizaciones de concejales en los diferentes pa\u00edses, entre otros temas.<br \/>\nEntre los participantes (proyectados en m\u00e1s de 1.000) se cuentan: Concejales, regidores, vereadores, parlamentarios locales, provenientes de Argentina, Colombia, Uruguay, Chile, Per\u00fa, Bolivia, Paraguay, Brasil y otros pa\u00edses de Am\u00e9rica Latina.<\/p>\n<p style=\"text-align: justify;\"><strong>POR ELLO:<\/strong><br \/>\nLa Presidenta del Honorable Concejo Deliberante de Rivadavia,\u00a0 y en uso de sus facultades:<\/p>\n<p style=\"text-align: center;\"><strong>DECLARA<\/strong><\/p>\n<p style=\"text-align: justify;\"><strong>Art\u00edculo 1\u00ba:<\/strong> El Honorable Concejo Deliberante de Rivadavia, provincia de Mendoza, declara de Inter\u00e9s Departamental el \u201cCongreso Internacional de Parlamentarios Locales\u201d, a desarrollarse los d\u00edas 07, 08 y 09 de mayo de 2014, en el Centro de Exposiciones \u00abNave Cultural\u00bb de la Ciudad de Mendoza.<\/p>\n<p style=\"text-align: justify;\"><strong>Art\u00edculo 2\u00ba:<\/strong> Remitir copia de la presente pieza legal, al Consejo Federal de Legisladores Comunales de Argentina (COFELCO), para su conocimiento y dem\u00e1s efectos.<\/p>\n<p style=\"text-align: justify;\"><strong>Art\u00edculo 3\u00ba:<\/strong> Comun\u00edquese al Departamento Ejecutivo a sus efectos e ins\u00e9rtese en el Libro de Declaraciones de este Cuerpo.<\/p>\n<p style=\"text-align: justify;\">Dada en la Sala de Sesiones \u201cBandera Nacional Argentina\u201d del Concejo Deliberante de Rivadavia, Mendoza, a los 22 d\u00edas del mes de abril de 2014.<\/p>\n<table>\n<tbody>\n<tr>\n<td style=\"text-align: center;\">ORLANDO JAVIER RODRIGUEZ<\/td>\n<td style=\"text-align: center;\">FLORINDA SEOANE<\/td>\n<\/tr>\n<tr>\n<td style=\"text-align: center;\">SECRETARIO H.C.D.<\/td>\n<td style=\"text-align: center;\">PRESIDENTA H.C.D.<\/td>\n<\/tr>\n<\/tbody>\n<\/table>\n<p style=\"text-align: right;\">Cpde. Expte. N\u00ba 2014-00008-3-0 H.C.D.<\/p>\n","protected":false},"excerpt":{"rendered":"<p>DECLARACI\u00d3N N\u00ba10 VISTO: El Expediente N\u00ba2014-00008-3, caratulado Congreso Internacional de Parlamentarios Locales, cursa invitaci\u00f3n, y CONSIDERANDO: Que, el Congreso Internacional de Parlamentarios Locales tiene por objetivo poner en valor la tarea de los Concejales en el marco de las nuevas competencias que van adquiriendo los municipios en los diferentes pa\u00edses de Latinoam\u00e9rica. Las jornadas est\u00e1n [&hellip;]<\/p>\n","protected":false},"author":1,"featured_media":4276,"comment_status":"closed","ping_status":"closed","sticky":false,"template":"","format":"standard","meta":{"_acf_changed":false,"footnotes":""},"categories":[66],"tags":[],"class_list":["post-4690","post","type-post","status-publish","format-standard","has-post-thumbnail","hentry","category-declaraciones"],"acf":[],"_links":{"self":[{"href":"https:\/\/coworkdigital.com.ar\/hcd\/wp-json\/wp\/v2\/posts\/4690","targetHints":{"allow":["GET"]}}],"collection":[{"href":"https:\/\/coworkdigital.com.ar\/hcd\/wp-json\/wp\/v2\/posts"}],"about":[{"href":"https:\/\/coworkdigital.com.ar\/hcd\/wp-json\/wp\/v2\/types\/post"}],"author":[{"embeddable":true,"href":"https:\/\/coworkdigital.com.ar\/hcd\/wp-json\/wp\/v2\/users\/1"}],"replies":[{"embeddable":true,"href":"https:\/\/coworkdigital.com.ar\/hcd\/wp-json\/wp\/v2\/comments?post=4690"}],"version-history":[{"count":0,"href":"https:\/\/coworkdigital.com.ar\/hcd\/wp-json\/wp\/v2\/posts\/4690\/revisions"}],"wp:featuredmedia":[{"embeddable":true,"href":"https:\/\/coworkdigital.com.ar\/hcd\/wp-json\/wp\/v2\/media\/4276"}],"wp:attachment":[{"href":"https:\/\/coworkdigital.com.ar\/hcd\/wp-json\/wp\/v2\/media?parent=4690"}],"wp:term":[{"taxonomy":"category","embeddable":true,"href":"https:\/\/coworkdigital.com.ar\/hcd\/wp-json\/wp\/v2\/categories?post=4690"},{"taxonomy":"post_tag","embeddable":true,"href":"https:\/\/coworkdigital.com.ar\/hcd\/wp-json\/wp\/v2\/tags?post=4690"}],"curies":[{"name":"wp","href":"https:\/\/api.w.org\/{rel}","templated":true}]}}