{"id":4692,"date":"2014-04-22T12:10:55","date_gmt":"2014-04-22T12:10:55","guid":{"rendered":"http:\/\/www.rivadaviamendoza.gob.ar\/hcd\/?p=4692"},"modified":"2014-04-22T12:10:55","modified_gmt":"2014-04-22T12:10:55","slug":"declaracion-09-2014","status":"publish","type":"post","link":"https:\/\/coworkdigital.com.ar\/hcd\/declaracion-09-2014\/","title":{"rendered":"Declaraci\u00f3n 09-2014"},"content":{"rendered":"<p style=\"text-align: center;\"><strong><img fetchpriority=\"high\" decoding=\"async\" class=\"wp-image-1054 aligncenter\" src=\"http:\/\/rd.gov.ar\/wp4\/wp-content\/uploads\/2017\/02\/encabezado-300x60.jpg\" sizes=\"(max-width: 669px) 100vw, 669px\" srcset=\"http:\/\/www.rivadaviamendoza.gob.ar\/hcd\/wp-content\/uploads\/2017\/02\/encabezado-300x60.jpg 300w, http:\/\/www.rivadaviamendoza.gob.ar\/hcd\/wp-content\/uploads\/2017\/02\/encabezado-768x153.jpg 768w, http:\/\/www.rivadaviamendoza.gob.ar\/hcd\/wp-content\/uploads\/2017\/02\/encabezado-1024x203.jpg 1024w\" alt=\"\" width=\"669\" height=\"134\" \/><\/strong><\/p>\n<p style=\"text-align: center;\"><strong>DECLARACI\u00d3N N\u00ba09<\/strong><\/p>\n<p style=\"text-align: justify;\"><strong>VISTO:<br \/>\n<\/strong>El Expediente N\u00b0 2014-00013-3, caratulado Grupo de T\u00edteres \u201cLa T\u00eda Tomasa\u201d,\u00a0 solicita\u00a0 se declare de Inter\u00e9s Departamental el Festival Internacional de T\u00edteres La T\u00eda Tomasa 19\u00ba Edici\u00f3n, y<\/p>\n<p style=\"text-align: justify;\"><strong>CONSIDERANDO:<\/strong><br \/>\nLa inquietud planteada por el docente Adolfo Lanzavecchia, organizador del Festival de T\u00edteres \u201cLa T\u00eda Tomasa\u201d:<br \/>\nQue el\u00a0 Festival de T\u00edteres \u201cLa T\u00eda Tomasa\u201d nace en el a\u00f1o 1996 con motivo de festejar el \u201cD\u00eda de los Jardines Maternales\u201d, recordando a la docente pionera en las salas de jard\u00edn, Srta. Rosario Vera Pe\u00f1aloza.<br \/>\nQue este festival con 25 a\u00f1os de trayectoria, ha recorrido escuelas rurales, urbanas, especiales, secundarias y semi urbanas marginales, como tambi\u00e9n el Hogar de Ancianos, en el departamento de Rivadavia y\u00a0 toda la Regi\u00f3n Este de la provincia de Mendoza.<br \/>\nQue, en dicho festival han participado elencos de nuestra Provincia, del Pa\u00eds y de latinoam\u00e9rica, para\u00a0 favorecer\u00a0 el contacto de los ni\u00f1os de Rivadavia con culturas latinoamericanas, y con otras formas est\u00e9ticas y del lenguaje, enriqueciendo la cultura regional y el desarrollo humano.<br \/>\nQue es de suma trascendencia promover el desarrollo y la gesti\u00f3n cultural regional y local, integrando actividades art\u00edsticas, sociales, culturales, pedag\u00f3gicas y reflexivas revalorizando la actividad titiritera.<br \/>\nQue se debe considerar al teatro de t\u00edteres como una herramienta eficaz para atenuar la cultura de la violencia instalada en la sociedad.<br \/>\nQue se deben aprovechar los recursos f\u00edsicos, t\u00e9cnicos y el capital humano que existe en el Departamento para la realizaci\u00f3n de este tipo de actividades.<br \/>\nQue la 19\u00ba Edici\u00f3n del Festival Internacional de T\u00edteres La T\u00eda Tomasa, se llevar\u00e1 a cabo con motivo de los festejos de los Jardines de Infantes, a partir del 26 de mayo y hasta el 09 de junio del corriente a\u00f1o.<\/p>\n<p style=\"text-align: justify;\"><strong>POR ELLO:<\/strong><br \/>\nLa Presidenta del Honorable Concejo Deliberante de Rivadavia, Mendoza, y en uso de sus facultades:<\/p>\n<p style=\"text-align: center;\"><strong>DECLARA<\/strong><\/p>\n<p style=\"text-align: justify;\"><strong>Art\u00edculo 1\u00ba:<\/strong> Decl\u00e1rese de Inter\u00e9s Socio Cultural Departamental la Edici\u00f3n 19\u00aa del\u00a0 Festival Internacional de T\u00edteres \u201cLa T\u00eda Tomasa\u201d, evento que tiene como finalidad fomentar la actividad titiritera como muestra de expresi\u00f3n cultural y art\u00edstica del departamento de Rivadavia, a realizarse desde el d\u00eda 26 de mayo y hasta el 09 de junio del corriente a\u00f1o.<\/p>\n<p style=\"text-align: justify;\"><strong>Art\u00edculo 2\u00ba:<\/strong> Comunicar a la Direcci\u00f3n de Cultura, a los efectos de que esa Direcci\u00f3n considere en sus programas de\u00a0 Agenda Cultural, las funciones del Elenco local de t\u00edteres \u201cLa T\u00eda Tomasa\u201d.<\/p>\n<p style=\"text-align: justify;\"><strong>Art\u00edculo 3\u00ba:<\/strong> Remitir copia de la presente pieza legal al se\u00f1or Adolfo Lanzavecchia, para su conocimiento y dem\u00e1s efectos.<\/p>\n<p style=\"text-align: justify;\"><strong>Art\u00edculo 4\u00ba:<\/strong> Comun\u00edquese al Departamento Ejecutivo a sus efectos e ins\u00e9rtese en el Libro de Declaraciones de este Cuerpo.<\/p>\n<p style=\"text-align: justify;\">Dada en la Sala de Sesiones \u201cBandera Nacional Argentina\u201d del Honorable Concejo Deliberante de Rivadavia, Mendoza, a los 22 d\u00edas del mes de abril de 2014.<\/p>\n<table>\n<tbody>\n<tr>\n<td style=\"text-align: center;\">ORLANDO JAVIER RODRIGUEZ<\/td>\n<td style=\"text-align: center;\">FLORINDA SEOANE<\/td>\n<\/tr>\n<tr>\n<td style=\"text-align: center;\">SECRETARIO H.C.D.<\/td>\n<td style=\"text-align: center;\">PRESIDENTA H.C.D.<\/td>\n<\/tr>\n<\/tbody>\n<\/table>\n<p style=\"text-align: right;\">Cpde. Expte. N\u00ba 2014-00013-3 H.C.D.<\/p>\n","protected":false},"excerpt":{"rendered":"<p>DECLARACI\u00d3N N\u00ba09 VISTO: El Expediente N\u00b0 2014-00013-3, caratulado Grupo de T\u00edteres \u201cLa T\u00eda Tomasa\u201d,\u00a0 solicita\u00a0 se declare de Inter\u00e9s Departamental el Festival Internacional de T\u00edteres La T\u00eda Tomasa 19\u00ba Edici\u00f3n, y CONSIDERANDO: La inquietud planteada por el docente Adolfo Lanzavecchia, organizador del Festival de T\u00edteres \u201cLa T\u00eda Tomasa\u201d: Que el\u00a0 Festival de T\u00edteres \u201cLa T\u00eda [&hellip;]<\/p>\n","protected":false},"author":1,"featured_media":4276,"comment_status":"closed","ping_status":"closed","sticky":false,"template":"","format":"standard","meta":{"_acf_changed":false,"footnotes":""},"categories":[66],"tags":[],"class_list":["post-4692","post","type-post","status-publish","format-standard","has-post-thumbnail","hentry","category-declaraciones"],"acf":[],"_links":{"self":[{"href":"https:\/\/coworkdigital.com.ar\/hcd\/wp-json\/wp\/v2\/posts\/4692","targetHints":{"allow":["GET"]}}],"collection":[{"href":"https:\/\/coworkdigital.com.ar\/hcd\/wp-json\/wp\/v2\/posts"}],"about":[{"href":"https:\/\/coworkdigital.com.ar\/hcd\/wp-json\/wp\/v2\/types\/post"}],"author":[{"embeddable":true,"href":"https:\/\/coworkdigital.com.ar\/hcd\/wp-json\/wp\/v2\/users\/1"}],"replies":[{"embeddable":true,"href":"https:\/\/coworkdigital.com.ar\/hcd\/wp-json\/wp\/v2\/comments?post=4692"}],"version-history":[{"count":0,"href":"https:\/\/coworkdigital.com.ar\/hcd\/wp-json\/wp\/v2\/posts\/4692\/revisions"}],"wp:featuredmedia":[{"embeddable":true,"href":"https:\/\/coworkdigital.com.ar\/hcd\/wp-json\/wp\/v2\/media\/4276"}],"wp:attachment":[{"href":"https:\/\/coworkdigital.com.ar\/hcd\/wp-json\/wp\/v2\/media?parent=4692"}],"wp:term":[{"taxonomy":"category","embeddable":true,"href":"https:\/\/coworkdigital.com.ar\/hcd\/wp-json\/wp\/v2\/categories?post=4692"},{"taxonomy":"post_tag","embeddable":true,"href":"https:\/\/coworkdigital.com.ar\/hcd\/wp-json\/wp\/v2\/tags?post=4692"}],"curies":[{"name":"wp","href":"https:\/\/api.w.org\/{rel}","templated":true}]}}