{"id":4694,"date":"2014-04-15T13:22:42","date_gmt":"2014-04-15T13:22:42","guid":{"rendered":"http:\/\/www.rivadaviamendoza.gob.ar\/hcd\/?p=4694"},"modified":"2014-04-15T13:22:42","modified_gmt":"2014-04-15T13:22:42","slug":"declaracion-08-2014","status":"publish","type":"post","link":"https:\/\/coworkdigital.com.ar\/hcd\/declaracion-08-2014\/","title":{"rendered":"Declaraci\u00f3n 08-2014"},"content":{"rendered":"<p style=\"text-align: center;\"><strong><img fetchpriority=\"high\" decoding=\"async\" class=\"wp-image-1054 aligncenter\" src=\"http:\/\/rd.gov.ar\/wp4\/wp-content\/uploads\/2017\/02\/encabezado-300x60.jpg\" sizes=\"(max-width: 669px) 100vw, 669px\" srcset=\"http:\/\/www.rivadaviamendoza.gob.ar\/hcd\/wp-content\/uploads\/2017\/02\/encabezado-300x60.jpg 300w, http:\/\/www.rivadaviamendoza.gob.ar\/hcd\/wp-content\/uploads\/2017\/02\/encabezado-768x153.jpg 768w, http:\/\/www.rivadaviamendoza.gob.ar\/hcd\/wp-content\/uploads\/2017\/02\/encabezado-1024x203.jpg 1024w\" alt=\"\" width=\"669\" height=\"134\" \/><\/strong><\/p>\n<p style=\"text-align: center;\"><strong>DECLARACI\u00d3N N\u00ba008<\/strong><\/p>\n<p style=\"text-align: justify;\"><strong>VISTO:<br \/>\n<\/strong>Que la Escuela N\u00ba 1-007 \u201cBernardino Rivadavia\u201d, de nuestro Departamento,\u00a0 el pr\u00f3ximo 19 de abril cumple 150 a\u00f1os de vida institucional (1864-2014), y<\/p>\n<p style=\"text-align: justify;\"><strong>CONSIDERANDO:<\/strong><br \/>\nQue dicho acontecimiento suma un eslab\u00f3n m\u00e1s a la rica historia educacional de Rivadavia,\u00a0 de la Provincia y del Pa\u00eds.<br \/>\nLa existencia de la Escuela Bernardino Rivadavia es la m\u00e1s dilatada en el tiempo entre los establecimientos educacionales asentados en nuestro actual territorio departamental. Analizando el texto del\u00a0 Decreto Provincial del 19 de abril de 1864, mediante el cual\u00a0 el Gobernador de Mendoza, Don Carlos Gonz\u00e1lez Pinto, propici\u00f3 la creaci\u00f3n de\u00a0 22 \u201cescuelas fiscales\u201d en la Provincia -de las cuales 3 figuraban en Jun\u00edn: una en Villa El Retamo y dos en Villa San Isidro-,\u00a0 comprobamos que el espacio geogr\u00e1fico que acun\u00f3 su nacimiento oficial, fue nuestra Villa cabecera, aunque por aquel entonces se llamaba \u201cVilla de Jun\u00edn\u201d porque depend\u00eda del departamento hom\u00f3nimo. Ese Departamento fue creado por Decreto emanado del primer Gobernador constitucional de Mendoza, Don Juan Cornelio Moyano, el 18 de enero de 1859. El art\u00edculo tercero de\u00a0 esa pieza legal, establec\u00eda: <strong>\u201cse denominar\u00e1 departamento de Jun\u00edn, teniendo por cabecera la poblaci\u00f3n de San Isidro que en lo sucesivo tomar\u00e1 el nombre de Villa de Jun\u00edn\u201d<\/strong>. Esta denominaci\u00f3n se extendi\u00f3 hasta 1872 en que fue designada lugar de asiento de las autoridades la antigua Villa del Retamo con el nombre de Villa de Jun\u00edn, restituy\u00e9ndosele\u00a0 a nuestra Villa\u00a0 cabecera su primitivo nombre de San Isidro.<br \/>\nNo obstante, m\u00e1s all\u00e1 de las acotaciones hist\u00f3ricas de tiempo y espacio, debemos se\u00f1alar que aquella Escuela Fiscal N\u00ba 1 de varones y N\u00ba 2 de ni\u00f1as establecida en San Isidro, dio origen a nuestra Escuela N\u00ba 1-007 \u201cBernardino Rivadavia\u201d.<br \/>\nIntenso trajinar tuvo que encarar la instituci\u00f3n durante sus primeros a\u00f1os de vida, pues cambi\u00f3 varias veces de nombre y tambi\u00e9n de edificios &#8211; cedidos o alquilados- para llevar adelante su quehacer educacional.\u00a0 La escuela de varones funcionaba en turno ma\u00f1ana y la de ni\u00f1as en turno tarde. Adem\u00e1s, sum\u00f3 a\u00a0 su personal a distinguidas autoridades y docentes de aquella \u00e9poca: a la maestra normal, Se\u00f1ora Clotilde del Valle de \u00dabeda, como Directora de la Escuela Graduada de Ni\u00f1as N\u00ba 2 (desde el 1 de abril de 1889 hasta 1912, a\u00f1o en que se acogi\u00f3 a los beneficios jubilatorios); al Se\u00f1or Manuel Reyes, Director de la Graduada de Varones N\u00ba 1 y al Se\u00f1or Ram\u00f3n Segundo de la Rosa. En 1908 todav\u00eda no funcionaba 5\u00ba Grado; en 1909 se crea ese grado con car\u00e1cter\u00a0 mixto, y en 1912 se fusionan las Escuelas N\u00ba 1 y N\u00ba 2 cre\u00e1ndose el 6\u00ba Grado.<br \/>\nDe su historial podemos rescatar que en 1906, la Escuela N\u00ba 1 de Varones y\u00a0 la N\u00ba 2 de Ni\u00f1as <em><strong>\u201corganizan con fines instructivos y con el objeto de reunir material para el\u00a0\u00a0 \u00b4Museo Escolar\u00b4 un paseo por el entorno\u00a0 local con la asistencia de padres y vecinos\u201d<\/strong><\/em>. Es importante se\u00f1alar que, por iniciativa de la Directora Clotilde del Valle de \u00dabeda, las ni\u00f1as de 2\u00ba y 3\u00ba Grados confeccionaban corbatas con telas por ellas aportadas y las obsequiaban a los varones de la Escuela N\u00ba 1\u2026<br \/>\nAdem\u00e1s de su tarea espec\u00edfica, la Escuela Bernardino supo llevar adelante varias iniciativas\u00a0 orientadas claramente al \u00e1mbito de\u00a0 acci\u00f3n social que involucraron\u00a0 no s\u00f3lo a sus alumnos, docentes y padres, sino a los vecinos y a las fuerzas vivas del Departamento. Le prest\u00f3 gran ayuda y colaboraci\u00f3n extra escolar\u00a0 la \u201cSociedad Protectora\u201d, formada a instancias del Director Ignacio \u00c1lvarez Conde; similar funci\u00f3n despleg\u00f3 la \u201cComisi\u00f3n Protectora\u201d, nacida en 1936 a impulsos de la Direcci\u00f3n de la Escuela y presidida ininterrumpidamente hasta 1945 por el Doctor Carlos Francisco Saporiti.\u00a0 La inestimable ayuda consist\u00eda en apoyar a los ni\u00f1os con asistencia m\u00e9dica, ropa, \u00fatiles y copa de leche.<br \/>\nLa Biblioteca escolar fue iniciada en 1932 y lleva el nombre de \u201cClotilde del Valle de \u00dabeda\u201d. A mediados del siglo pasado, la Instituci\u00f3n era sede de una Agencia Escolar dependiente de la Caja Nacional de Ahorro Postal. M\u00e1s de 600 alumnos de ese entonces pose\u00edan \u201clibretas de ahorro\u201d y pudieron practicar el sano h\u00e1bito del \u201cahorro\u201d.<br \/>\nEn 1943 se forma el Centro de Ex Alumnos, constituido por un numeroso grupo de egresados que re\u00fanen fondos a trav\u00e9s de sus cuotas societarias y del producto de otras interesantes actividades, con el objeto de aportarle a la escuela diversos\u00a0 materiales, premios e instrumentos para el Consultorio M\u00e9dico y Odontol\u00f3gico que funcionaba en el edificio escolar. Ese Centro, tambi\u00e9n se hacia cargo de algunos agasajos especiales a lo largo del a\u00f1o.<br \/>\nFue inaugurado su actual edificio el 14 de mayo de 1944, en momentos en que gobernaba la Provincia el Interventor Federal Coronel Arist\u00f3bulo Vargas Belmonte, y el departamento de Rivadavia, el Comisionado Municipal Se\u00f1or Mario Vitale.<br \/>\nCon motivo de rendirle homenaje a Domingo Faustino Sarmiento, a mediados del siglo pasado, docentes de la Escuela \u201cAmador Rodr\u00edguez\u201d de Santa Rosa viajaron a San Juan a visitar la casa del Maestro de Am\u00e9rica. Recibieron de obsequio varios gajos de la \u201chiguera\u201d de la casa natal del sanjuanino. Por decisi\u00f3n de maestros y alumnos de aquel establecimiento educacional, le hicieron llegar uno de esos gajos a la Escuela Bernardino. Con el correr del tiempo la hermosa higuera\u00a0 fue parte\u00a0 de la postal del \u201cpatio de adelante\u201d\u00a0 de la escuela\u2026<br \/>\nDesde el 17 de abril de 1945, y durante pocos a\u00f1os, funcion\u00f3\u00a0 en el edificio de la Escuela Bernardino, la <strong>\u201cUniversidad Popular de Rivadavia\u201d<\/strong>, cuyos profesores trabajaron ad honorem. Las clases se dictaban de 19.30 a 21.00, horario c\u00f3modo para la asistencia de personas\u00a0 mayores con responsabilidades laborales que\u00a0 quer\u00edan progresar en un oficio o superarse acad\u00e9micamente.<br \/>\nEn ese mismo a\u00f1o, la Direcci\u00f3n General de Escuelas\u00a0 impuls\u00f3 el servicio de Comedor Escolar para atender a los ni\u00f1os de familias carecientes. Actualmente, a los alumnos que lo necesitan se les brinda la copa de leche.<br \/>\nLa Comisi\u00f3n Cooperadora de la Escuela, formada por padres y vecinos comenz\u00f3 su loable tarea a partir de 1946, contribuyendo generosamente con el quehacer educacional, social y cultural de la Instituci\u00f3n y a cooperar con los trabajos propios que demandaba el mantenimiento del edificio. Los integrantes de la actual Comisi\u00f3n Cooperadora contin\u00faan el camino trazado por sus predecesores\u00a0 destinando\u00a0 parte de su tiempo personal para concretar obras y acciones importantes en favor de la comunidad educativa.<br \/>\nEn 1950 naci\u00f3 el Club de Madres de la Escuela. Al poco tiempo, seg\u00fan consta en la Revista del Centenario de la Escuela, <strong>\u201cla directora del establecimiento, Se\u00f1ora Argentina Ag\u00fcero de D\u00edaz convoc\u00f3 a una \u2018Asamblea General de Madres\u2019 con el objeto de organizar definitivamente esta instituci\u00f3n, design\u00e1ndose asesora de la misma a la Vice Directora, Se\u00f1ora Alicia Moyano de Impellizzieri. En esa oportunidad fue elegida Presidenta del Club de Madres, la Se\u00f1ora Juana Neme de Abraham\u201d<\/strong>. Este Club concret\u00f3 valiosas tareas sociales que beneficiaron a los ni\u00f1os y a la escuela.<br \/>\nAdem\u00e1s, en ese mismo a\u00f1o, dicha Directora estableci\u00f3 un <strong>\u201c\u2018Reglamento\u2019 al que se ajust\u00f3 desde entonces la elecci\u00f3n de abanderados y escoltas\u201d<\/strong>.<br \/>\nDurante su gesti\u00f3n,\u00a0 fue inaugurado el busto del Patrono de la Escuela con un acto protocolar realizado el 12 de octubre de 1957. Dicha escultura fue ubicada al costado de la puerta de entrada del establecimiento. Sin embargo, durante estos \u00faltimos a\u00f1os la misma fue blanco\u00a0 de\u00a0 varias acciones vand\u00e1licas, hecho que oblig\u00f3 a los directivos a retirarla de su lugar original.<br \/>\nEl 28 de mayo de 1960 fue creado el Jard\u00edn de Infantes de la Escuela. Funcion\u00f3\u00a0 con dos secciones: \u201cA\u201d (turno ma\u00f1ana) y \u201cB\u201d (turno tarde), hasta el 18 de agosto de 1986 en que la Direcci\u00f3n General de Escuelas resuelve crear con el N\u00ba 0-009 el Jard\u00edn Exclusivo que comenz\u00f3 sus actividades en una casa alquilada, hasta contar con su actual edificio ubicado en calle San Isidro y Manuel Sans, de esta Ciudad, y con la denominaci\u00f3n \u201cMar\u00eda Juana Ciancia de Juliani\u201d.<br \/>\nQuince a\u00f1os tard\u00f3 en ser oficializado el Himno a la Escuela N\u00ba 1-007. Este distintivo musical naci\u00f3 por inspiraci\u00f3n de las docentes Marta Risso y Nelly Mar\u00eda Dalmasso. Cuenta con la Resoluci\u00f3n N\u00ba 0257 de fecha 10 de noviembre de 1995 de la Direcci\u00f3n General de Escuelas. Identifica tambi\u00e9n a la Instituci\u00f3n, su distintivo escolar dise\u00f1ado por la Licenciada Viviana Amad.<br \/>\nHist\u00f3ricamente cont\u00f3 con una numerosa matr\u00edcula; actualmente, asisten al establecimiento escolar m\u00e1s de 800 alumnos: 418 al turno ma\u00f1ana y 413 al turno tarde.<br \/>\nNo podemos dejar de mencionar a los directivos que se sucedieron a lo largo del tiempo dejando huella en el camino del sesquicentenario de la Escuela. A saber:<br \/>\n&#8211; Clotilde del Valle de \u00dabeda (1889-1912). Esc. Graduada de Ni\u00f1as N\u00ba 2.<br \/>\n&#8211; Manuel Reyes (1889). Esc.\u00a0 Graduada de Varones N\u00ba 1.<br \/>\n&#8211; Arturo Gonz\u00e1lez Velasco (1990) Esc. Graduada de Varones N\u00ba 1.<br \/>\n&#8211; Juan J. Villavicencio (\u2026) Esc. Graduada de Varones N\u00ba 1.<br \/>\n&#8211; Hilario Gonz\u00e1lez (\u2026) Esc. Graduada de Varones N\u00ba 1.<br \/>\n&#8211; Domingo P. Cisneros (\u2026) Esc. Graduada de Varones N\u00ba 1.<br \/>\n&#8211; Ram\u00f3n Segundo de la Rosa (1897-1911).<br \/>\n&#8211; Alfredo Lafferrieri (1912-1914).<br \/>\n&#8211; Ventura Andino Ortiz (1914-1915).<br \/>\n&#8211; Ignacio Alvarez Conde (1916-1918).<br \/>\n&#8211; Paz Rivero de Az\u00f3car (1919-1923).<br \/>\n&#8211; Amalia de Fern\u00e1ndez (1924-1925).<br \/>\n&#8211; Napole\u00f3n Calder\u00f3n (1925-1926).<br \/>\n&#8211; Cipriano Arenas (h.) (1927-1937).<br \/>\n&#8211; Mar\u00eda Jes\u00fas Becerra de Costa (1838-1945).<br \/>\n&#8211; Mar\u00eda Cal\u00ed (1945-1946).<br \/>\n&#8211; F\u00e9lix Pesce Scarso (1946-1950)<br \/>\n&#8211; Argentina Ag\u00fcero de D\u00edaz (1950-1966).<br \/>\n&#8211; Hip\u00f3lito Olivares Toranzo (1967-1970).<br \/>\n&#8211; Ang\u00e9lica Margarita Comeglio (1971-1974).<br \/>\n&#8211; Santiago Juan J\u00f3se Cal\u00ed (1974).<br \/>\n&#8211; Luis Alberto Calanoce (1975-1976).<br \/>\n&#8211; Rosa Vida Cifuente de Machado (1977-1979).<br \/>\n&#8211; Santiago Juan Jos\u00e9 Cal\u00ed (1979-1988).<br \/>\n&#8211; Sof\u00eda Elena Sosa (1989).<br \/>\n&#8211; Elidia Ponce de Tondini (1990-1993).<br \/>\nDesde 1993, la Directora titular de la Escuela es la Se\u00f1orita Mar\u00eda Luisa\u00a0 Funes. Desde 2012 hasta la fecha, en car\u00e1cter de suplente, la Direcci\u00f3n est\u00e1 a cargo de la Se\u00f1ora Carina Concatti.<br \/>\nCabe mencionar, tambi\u00e9n, a\u00a0 Ignacio Alvarez Conde; Juan Ram\u00f3n Guti\u00e9rrez Gallardo; Mar\u00eda Cal\u00ed; F\u00e9lix Pesce Scarso y Rayner Gusberti, quienes adem\u00e1s de directivos, en su momento tambi\u00e9n fueron Inspectores. Su actual Supervisora es la Se\u00f1ora Estela Villalba.<br \/>\nA nadie escapa que la aquilatada trayectoria construida durante estos 150 a\u00f1os por nuestra\u00a0 Escuela cabecera, constituye un valioso patrimonio para la historia socio-cultural y educacional de Rivadavia, de Mendoza y de Argentina. Esta potente realidad, nos convoca a declarar de Inter\u00e9s Departamental la celebraci\u00f3n de su Sesquicentenario de vida institucional.<\/p>\n<p style=\"text-align: justify;\"><strong>POR ELLO:<\/strong><br \/>\nEl Honorable Concejo Deliberante de Rivadavia, provincia de Mendoza y en uso de sus facultades:<\/p>\n<p style=\"text-align: center;\"><strong>DECLARA<\/strong><\/p>\n<p style=\"text-align: justify;\"><strong>Art\u00edculo 1\u00ba:<\/strong> El Honorable Concejo Deliberante de Rivadavia, provincia de Mendoza, declara de Inter\u00e9s Departamental, la celebraci\u00f3n del Sesquicentenario de vida institucional de la Escuela N\u00ba 1-007 \u201cBernardino Rivadavia\u201d de esta Ciudad.<\/p>\n<p style=\"text-align: justify;\"><strong>Art\u00edculo 2:<\/strong> Rem\u00edtase copia de la presente pieza legal, a la Directora General de Escuelas, Profesora Mar\u00eda In\u00e9s Abrile de Vollmer; al Vicepresidente del Honorable Consejo Administrativo de la Ense\u00f1anza P\u00fablica,\u00a0 Se\u00f1or Maximiano Gonz\u00e1lez; al Delegado de la Regional Este de la Direcci\u00f3n General de Escuelas, Profesor Julio Barrera;\u00a0 a la Supervisora de la Secci\u00f3n N\u00ba 26, Se\u00f1ora Estela Villalba\u00a0 y a la Directora de la Escuela, Se\u00f1ora Carina Concatti, para su conocimiento y dem\u00e1s efectos.<\/p>\n<p style=\"text-align: justify;\"><strong>Art\u00edculo 3\u00ba:<\/strong> H\u00e1gase llegar un reconocimiento de este Honorable Concejo Deliberante a la Direcci\u00f3n de la mencionada Escuela.<\/p>\n<p style=\"text-align: justify;\"><strong>Art\u00edculo 4\u00ba:<\/strong> Comun\u00edquese al Departamento Ejecutivo a sus efectos e ins\u00e9rtese en el Libro de Declaraciones de este Honorable Concejo Deliberante.<\/p>\n<p style=\"text-align: justify;\">Dada en la Sala de Sesiones \u201cBandera Nacional Argentina\u201d del Honorable Concejo Deliberante de Rivadavia, Mendoza, a los 15 d\u00edas del mes de abril de 2014.<\/p>\n<table>\n<tbody>\n<tr>\n<td style=\"text-align: center;\">ORLANDO JAVIER RODRIGUEZ<\/td>\n<td style=\"text-align: center;\">FLORINDA SEOANE<\/td>\n<\/tr>\n<tr>\n<td style=\"text-align: center;\">SECRETARIO H.C.D.<\/td>\n<td style=\"text-align: center;\">PRESIDENTA H.C.D.<\/td>\n<\/tr>\n<\/tbody>\n<\/table>\n<p style=\"text-align: right;\">Cpde. Expte. N\u00ba 2014-00046-3 H.C.D.<\/p>\n","protected":false},"excerpt":{"rendered":"<p>DECLARACI\u00d3N N\u00ba008 VISTO: Que la Escuela N\u00ba 1-007 \u201cBernardino Rivadavia\u201d, de nuestro Departamento,\u00a0 el pr\u00f3ximo 19 de abril cumple 150 a\u00f1os de vida institucional (1864-2014), y CONSIDERANDO: Que dicho acontecimiento suma un eslab\u00f3n m\u00e1s a la rica historia educacional de Rivadavia,\u00a0 de la Provincia y del Pa\u00eds. La existencia de la Escuela Bernardino Rivadavia es [&hellip;]<\/p>\n","protected":false},"author":1,"featured_media":4276,"comment_status":"closed","ping_status":"closed","sticky":false,"template":"","format":"standard","meta":{"_acf_changed":false,"footnotes":""},"categories":[66],"tags":[],"class_list":["post-4694","post","type-post","status-publish","format-standard","has-post-thumbnail","hentry","category-declaraciones"],"acf":[],"_links":{"self":[{"href":"https:\/\/coworkdigital.com.ar\/hcd\/wp-json\/wp\/v2\/posts\/4694","targetHints":{"allow":["GET"]}}],"collection":[{"href":"https:\/\/coworkdigital.com.ar\/hcd\/wp-json\/wp\/v2\/posts"}],"about":[{"href":"https:\/\/coworkdigital.com.ar\/hcd\/wp-json\/wp\/v2\/types\/post"}],"author":[{"embeddable":true,"href":"https:\/\/coworkdigital.com.ar\/hcd\/wp-json\/wp\/v2\/users\/1"}],"replies":[{"embeddable":true,"href":"https:\/\/coworkdigital.com.ar\/hcd\/wp-json\/wp\/v2\/comments?post=4694"}],"version-history":[{"count":0,"href":"https:\/\/coworkdigital.com.ar\/hcd\/wp-json\/wp\/v2\/posts\/4694\/revisions"}],"wp:featuredmedia":[{"embeddable":true,"href":"https:\/\/coworkdigital.com.ar\/hcd\/wp-json\/wp\/v2\/media\/4276"}],"wp:attachment":[{"href":"https:\/\/coworkdigital.com.ar\/hcd\/wp-json\/wp\/v2\/media?parent=4694"}],"wp:term":[{"taxonomy":"category","embeddable":true,"href":"https:\/\/coworkdigital.com.ar\/hcd\/wp-json\/wp\/v2\/categories?post=4694"},{"taxonomy":"post_tag","embeddable":true,"href":"https:\/\/coworkdigital.com.ar\/hcd\/wp-json\/wp\/v2\/tags?post=4694"}],"curies":[{"name":"wp","href":"https:\/\/api.w.org\/{rel}","templated":true}]}}