{"id":4696,"date":"2014-04-15T13:15:24","date_gmt":"2014-04-15T13:15:24","guid":{"rendered":"http:\/\/www.rivadaviamendoza.gob.ar\/hcd\/?p=4696"},"modified":"2014-04-15T13:15:24","modified_gmt":"2014-04-15T13:15:24","slug":"declaracion-07-2014","status":"publish","type":"post","link":"https:\/\/coworkdigital.com.ar\/hcd\/declaracion-07-2014\/","title":{"rendered":"Declaraci\u00f3n 07-2014"},"content":{"rendered":"<p style=\"text-align: center;\"><strong><img fetchpriority=\"high\" decoding=\"async\" class=\"wp-image-1054 aligncenter\" src=\"http:\/\/rd.gov.ar\/wp4\/wp-content\/uploads\/2017\/02\/encabezado-300x60.jpg\" sizes=\"(max-width: 669px) 100vw, 669px\" srcset=\"http:\/\/www.rivadaviamendoza.gob.ar\/hcd\/wp-content\/uploads\/2017\/02\/encabezado-300x60.jpg 300w, http:\/\/www.rivadaviamendoza.gob.ar\/hcd\/wp-content\/uploads\/2017\/02\/encabezado-768x153.jpg 768w, http:\/\/www.rivadaviamendoza.gob.ar\/hcd\/wp-content\/uploads\/2017\/02\/encabezado-1024x203.jpg 1024w\" alt=\"\" width=\"669\" height=\"134\" \/><\/strong><\/p>\n<p style=\"text-align: center;\"><strong>DECLARACI\u00d3N N\u00ba 07<\/strong><\/p>\n<p><strong>VISTO:<\/strong><br \/>\nQue la Asociaci\u00f3n Espa\u00f1ola de Socorros Mutuos de Rivadavia, el pr\u00f3ximo 12 de abril cumple cien a\u00f1os de vida institucional (1914-2014), y<\/p>\n<p style=\"text-align: justify;\"><strong>CONSIDERANDO:<br \/>\n<\/strong>Que dicho acontecimiento conlleva gran significaci\u00f3n para nuestro Departamento, pues aporta una p\u00e1gina destacada a la historia sociocultural de Rivadavia. Adem\u00e1s, le ofrenda a Espa\u00f1a una muestra cabal de la nobleza e hidalgu\u00eda que sus hijos emigrados hacia estas tierras argentinas, supieron demostrarles con gran fraternidad a nuestras comunidades.<br \/>\nLa Asociaci\u00f3n Espa\u00f1ola de Socorros Mutuos naci\u00f3 en el mes de abril, en el mismo mes en que naci\u00f3 nuestro Departamento y naci\u00f3 la Escuela Bernardino Rivadavia. El 12 de abril de 1914, veintitr\u00e9s espa\u00f1oles provenientes de distintas localidades de la pen\u00ednsula ib\u00e9rica, sellaban con sus firmas y voluntades de asociaci\u00f3n el acta fundacional de la Instituci\u00f3n.<br \/>\nEn menos de siete a\u00f1os de vida ya contaba con m\u00e1s de 700 socios, entre hombres y mujeres. Proven\u00edan ellos de todos los Distritos rivadavienses y de otros lugares vecinos de San Mart\u00edn y Jun\u00edn. Fueron comerciantes, empresarios, agricultores, jornaleros, panaderos, carpinteros, herreros, pintores, alba\u00f1iles, amas de casa, estudiantes y profesionales.<br \/>\nSeguramente, esa realidad inicial fue producto del objeto de la Asociaci\u00f3n, puesto que el mismo-seg\u00fan reza en sus Estatutos-prev\u00e9 lo siguiente:<br \/>\n<strong><em>\u201cCrear un fondo solidario destinado a socorrer a los socios en ella inscriptos en caso de enfermedad o sus consecuencias\u201d.<\/em><\/strong><br \/>\n<strong><em>\u201cEstrechar la uni\u00f3n y fraternidad de todos los espa\u00f1oles, as\u00ed como los hijos y nietos de ellos\u201d.<\/em><\/strong><br \/>\n<strong><em>\u201cEstablecer todo cuanto pueda conducir al perfeccionamiento de los socios\u201d.<\/em><\/strong><br \/>\n<strong><em>\u201cTender a todo bien com\u00fan que no se oponga a su base fundamental: el socorro mutuo, pudiendo establecer y organizar bibliotecas, escuelas, academias de bellas artes, farmacia, clubes y toda clase de instituciones que fueran indicadas a los fines arriba mencionados, siempre que no se haga uso del fondo social\u201d.<\/em><\/strong><br \/>\n<strong><em>\u201cLa Asociaci\u00f3n se mantendr\u00e1 en su car\u00e1cter colectivo, completamente extra\u00f1a a toda cuesti\u00f3n pol\u00edtica o religiosa\u201d.<\/em><\/strong><br \/>\n<strong><em>\u201cConstruir un pante\u00f3n o similar, en el cementerio local cuando el estado econ\u00f3mico de la Asociaci\u00f3n lo permita\u201d.<\/em><\/strong><br \/>\nDurante varios a\u00f1os, estos objetivos se vieron reflejados palmariamente. Podemos comprobarlo leyendo la variada documentaci\u00f3n que guarda la Instituci\u00f3n. Por ejemplo: brindaba a sus socios servicio gratuito de atenci\u00f3n m\u00e9dica, an\u00e1lisis cl\u00ednicos y odontolog\u00eda;\u00a0 provisi\u00f3n de medicamentos; hospitalizaci\u00f3n en la Sociedad Espa\u00f1ola\u00a0 y Hospital Espa\u00f1ol de Mendoza; servicio de sepelio y el derecho a ser sepultado en la \u201cGaler\u00eda de Nichos\u201d del Cementerio local. Dicho pante\u00f3n fue construido alrededor de 1938 en el lado oeste de la primera estructura del actual Cementerio \u201cGerardo No\u00e9 Ferreira\u201d. El espacio fue cedido en 1919 por el Intendente de aquel entonces, Don Jos\u00e9 Loncarich. Digno es de destacar que entre los \u201csocorros\u201d que se prestaban, figuran las <strong>\u201cpensiones\u201d<\/strong> por enfermedad o convalecencia: ascend\u00edan a $1.- o $2.-\u00a0 por d\u00eda (alrededor de $40.-\u00a0 o $50.- actuales).<br \/>\nRecaudaban fondos a trav\u00e9s de la cuota societaria ($1,30 en 1914); venta de acciones; donaciones; contribuciones; alquileres del sal\u00f3n u otras instalaciones y el producido por las fiestas y\u00a0 variadas actividades sociales que sol\u00edan emprender. A partir de 1921, se registran en sus libros contables ingresos de\u00a0 $100.-\u00a0 por\u00a0 mes, por el \u201calquiler del sal\u00f3n al Club Mariano Moreno\u201d, entre otros.<br \/>\nAnte la Asociaci\u00f3n Patri\u00f3tica Espa\u00f1ola, con sede en Buenos Aires, se tramitaban gestiones relacionadas con sus socios, tendientes a obtener el pasaporte, los pasajes para viajar a Espa\u00f1a, repatriar connacionales, etc.<br \/>\nAdem\u00e1s de adquirir la propiedad del inmueble que actualmente ocupa, con frente a la calle San Isidro y a la calle San Mart\u00edn, tambi\u00e9n adquirieron un terreno de 15.000m2 con frente a calle Lamadrid y Constituci\u00f3n. All\u00ed, construyeron el \u201cPrado Espa\u00f1ol\u201d. Es interesante destacar que en una numerosa Asamblea de Socios se conform\u00f3 una \u201cComisi\u00f3n de Financiaci\u00f3n\u201d que tendr\u00eda por cometido la financiaci\u00f3n de los planos para la refacci\u00f3n de la Casa Social ubicada en calle San Isidro y del edificio por construirse en el Prado Espa\u00f1ol. Prueba de tal empresa, podemos demostrarla a trav\u00e9s de algunos registros que constan en el Libro de Donaciones. Por ejemplo: las efectuadas por el socio Juan Jos\u00e9 Guti\u00e9rrez, consistente en <strong><em>\u201c4 plantas de carolinos, 5 de moras y 5 de fresnos con destino al campo social\u201d<\/em><\/strong>;\u00a0 por el socio y directivo Se\u00f1or Jos\u00e9 Blas Pratx: <strong><em>\u201c49 plantas de palmeras y 9 d\u00edas de jornal de sus trabajadores para realizar las tareas necesarias para su implantaci\u00f3n\u201d<\/em><\/strong>; por el Sr. Santiago Cal\u00ed: <strong><em>\u201c35 tapas de \u00e1lamo para resguardo de la acequia de calle Lamadrid\u201d<\/em><\/strong>. Asimismo, la del Se\u00f1or C\u00e9sar Aroma, Notario P\u00fablico que don\u00f3 <strong><em>\u201cel 50% de sus honorarios para escriturar el edificio social y el prado espa\u00f1ol a nombre de la Asociaci\u00f3n\u201d<\/em><\/strong>, y la del Ingeniero Enrique del Castillo que don\u00f3 <strong><em>\u201cel plano para construir\u00a0 3 portones en el citado prado\u201d<\/em><\/strong>.<br \/>\nDe la existencia de este hermoso parque dan cuenta las Se\u00f1oras Mar\u00eda \u00c9lida Rodr\u00edguez Vda. de Suden (hija del que fue socio vitalicio y Presidente de la Instituci\u00f3n, Don Higinio Rodr\u00edguez), y Josefa Elena P\u00e9rez Vda. de Galletti (hija de uno de los fundadores y varias veces Presidente, Don Ram\u00f3n P\u00e9rez) quienes manifiestan que <strong><em>\u201csiendo ni\u00f1as sol\u00edamos pasear con nuestros padres y hermanos alrededor de hermosas plantas y flores en el Prado Espa\u00f1ol\u201d<\/em><\/strong>. Famosas\u00a0 fueron las romer\u00edas, kermeses, carros de flores y verbenas espa\u00f1olas y fiestas de la primavera que la Asociaci\u00f3n realizaba en sus dos sedes. . .\u00a0 hasta algunas corridas de toros se vieron en aquellos tiempos.<br \/>\nA partir de 1933, y luego de haber presidido varios a\u00f1os la Entidad, el se\u00f1or Ram\u00f3n P\u00e9rez fue designado <strong><em>\u201cVista \u2013 Intendente del Prado Espa\u00f1ol\u201d<\/em><\/strong>.<br \/>\nPor aquellos a\u00f1os, la Instituci\u00f3n acept\u00f3 ceder su sal\u00f3n una vez por mes al se\u00f1or Anselmo Albarr\u00e1n para ofrecer Cine \u2013 Teatro a la comunidad. Adem\u00e1s, promovieron la ense\u00f1anza gratuita a socios y vecinos.<br \/>\nEn la propiedad que da frente a calle San Mart\u00edn funcion\u00f3 desde 1933 una cancha de tenis de polvo de ladrillo. Seg\u00fan nos cuenta la Se\u00f1ora Mar\u00eda Elena\u00a0 Papa de Moreno, habiendo llegado ella\u00a0 <strong><em>\u201ccon mis padres a Rivadavia, provenientes de la provincia de San Luis en mayo de 1944, comenc\u00e9 a practicar tenis en dicha cancha junto a otros j\u00f3venes (varones y mujeres), hijos de las familias Vidal, Moharraui, Rini, Serruya, Ronchetti, P\u00e9rez, Da Rold, Rubino, Cazzoli, Gentile, Bittar, y otras\u201d<\/em><\/strong>.<br \/>\nUn espacio f\u00edsico de su casa social,\u00a0 durante algunos a\u00f1os, fue sede de la Alianza Francesa; hubo lugar para desarrollar Talleres de Danzas Espa\u00f1olas. Adem\u00e1s, la instituci\u00f3n form\u00f3 una nutrida Biblioteca con aportes del Consulado Espa\u00f1ol y del Gobierno Espa\u00f1ol, y sus puertas estuvieron y est\u00e1n\u00a0 siempre abiertas al quehacer cultural de los rivadavienses. Desde 1931, hasta su traslado a calle Lavalle, funcion\u00f3 en parte de su edificio de calle San Isidro el \u201cCentro Social Agust\u00edn \u00c1lvarez\u201d.<br \/>\n<strong><em>\u201cEstrechar uni\u00f3n y fraternidad, y tendencia al bien com\u00fan\u201d<\/em><\/strong>, fueron valores que cultiv\u00f3 y practic\u00f3 activamente la Asociaci\u00f3n de Socorros Mutuos de Rivadavia. Las Banderas Espa\u00f1ola y Argentina estuvieron presentes (portadas por sus Directivos o Socios) en Actos y Conmemoraciones organizados por la Municipalidad de Rivadavia. Varias veces las vimos desfilar por nuestras calles principales y estar presentes en la Plaza Departamental, junto a las de las escuelas del Departamento.<br \/>\nEn distintos momentos de nuestra historia local, la Instituci\u00f3n\u00a0 form\u00f3 parte de las fuerzas vivas de Rivadavia; integr\u00f3 Comisiones de Homenajes, tanto Honorarias como Ejecutivas, y acompa\u00f1\u00f3 a entidades rivadavienses cuando la convocaron a participar.<br \/>\nEvidentemente rico y valioso ha sido su quehacer sociocultural durante estos 100 a\u00f1os en Rivadavia. Desde aquella primera Comisi\u00f3n Directiva de 1914 constituida por Francisco Moreno (presidente), Manuel Carro (vicepresidente), F\u00e9lix Fern\u00e1ndez (secretario), Juan J. P\u00e9rez (tesorero), Od\u00f3n de C. Sard\u00e1, Mart\u00edn Gil, Julio Carro, Leonildo Valdivieso y Marcial P\u00e9rez (vocales); pasando por las que a trav\u00e9s de esta centuria presidieron Manuel Cardama, Jos\u00e9 Blas Pratx, Antonio del R\u00edo, Ram\u00f3n P\u00e9rez, Fernando Carrascosa, Arturo Pad\u00edn Castro, Jaime Olivella\u00a0\u00a0 Massana, Francisco P\u00e9rez Terrada, Higinio Rodr\u00edguez, Jos\u00e9 Berm\u00fadez, Vicente S\u00e1nchez, Clemente Seoane Rubio, Esteban Pag\u00e9s, Miguel Fern\u00e1ndez Mart\u00edn,\u00a0 hasta llegar a su actual Consejo Directivo conformado por el Se\u00f1or Pedro Guerreros Gonz\u00e1lez (presidente), Oscar Jaenisch (secretario), Roberto Prospitti (tesorero), Carlos Galiano, Gustavo Guerreros, Manuel Gil, Carlos T. Parissi; Am\u00e9rico Tondini y Adolfo Balderramo (vocales titulares y suplentes), Vicente H. Lombardo, Andr\u00e9s Amaya y Roberto Lara (junta fiscalizadora).<br \/>\nEs justo reconocimiento, entonces, en m\u00e9rito a tan importante trayectoria &#8211; digna de ser imitada por las presentes y futuras generaciones-, que este Honorable Concejo Deliberante se expida declarando de inter\u00e9s departamental las actividades programadas por la Asociaci\u00f3n Espa\u00f1ola de Socorros Mutuos, con motivo de festejar su Centenario (1914-2014).<\/p>\n<p style=\"text-align: justify;\"><strong>POR ELLO:<br \/>\n<\/strong>La Presidenta del Honorable Concejo Deliberante de Rivadavia, Mendoza, y en uso de sus facultades:<\/p>\n<p style=\"text-align: center;\"><strong>DECLARA<\/strong><\/p>\n<p style=\"text-align: justify;\"><strong>Art\u00edculo 1\u00ba:<\/strong> El Honorable Concejo Deliberante de Rivadavia, provincia de Mendoza, declara de Inter\u00e9s Departamental las actividades programadas por la Asociaci\u00f3n Espa\u00f1ola de Socorros Mutuos, con motivo de su Centenario (1914- 12 de abril-2014).<\/p>\n<p style=\"text-align: justify;\"><strong>Art\u00edculo 2\u00ba:<\/strong> Remitir copia de la presente pieza legal al Ministro de Asuntos Exteriores de Espa\u00f1a, Don Jos\u00e9 Manuel Garc\u00eda Margallo; al Se\u00f1or C\u00f3nsul de Espa\u00f1a en Mendoza, Don Manuel Fairen Sanz; a las Asociaciones Espa\u00f1olas de Socorros Mutuos y Colectividades Espa\u00f1olas de nuestra Provincia, y al Se\u00f1or Presidente de Asociaci\u00f3n Espa\u00f1ola de Socorros Mutuos de Rivadavia, Don Pedro Guerreros Gonz\u00e1lez, para su conocimiento y dem\u00e1s efectos.<\/p>\n<p style=\"text-align: justify;\"><strong>Art\u00edculo 3\u00ba:<\/strong> H\u00e1gase llegar un reconocimiento de este Honorable Concejo Deliberante a la Comisi\u00f3n Directiva de dicha Instituci\u00f3n.<\/p>\n<p style=\"text-align: justify;\"><strong>Art\u00edculo 4\u00ba:<\/strong> Comun\u00edquese al Departamento Ejecutivo a sus efectos e ins\u00e9rtese en el Libro de Declaraciones de este Cuerpo.<\/p>\n<p style=\"text-align: justify;\">Dada en la Sala de Sesiones \u201cBandera Nacional Argentina\u201d del Honorable Concejo Deliberante de Rivadavia, Mendoza, a los 15 d\u00edas del mes de abril de 2014.<\/p>\n<table>\n<tbody>\n<tr>\n<td style=\"text-align: center;\">ORLANDO JAVIER RODRIGUEZ<\/td>\n<td style=\"text-align: center;\">FLORINDA SEOANE<\/td>\n<\/tr>\n<tr>\n<td style=\"text-align: center;\">SECRETARIO H.C.D.<\/td>\n<td style=\"text-align: center;\">PRESIDENTA H.C.D.<\/td>\n<\/tr>\n<\/tbody>\n<\/table>\n<p style=\"text-align: right;\">Cpde. Expte. N\u00ba 2014-00045-5 H.C.D.<\/p>\n","protected":false},"excerpt":{"rendered":"<p>DECLARACI\u00d3N N\u00ba 07 VISTO: Que la Asociaci\u00f3n Espa\u00f1ola de Socorros Mutuos de Rivadavia, el pr\u00f3ximo 12 de abril cumple cien a\u00f1os de vida institucional (1914-2014), y CONSIDERANDO: Que dicho acontecimiento conlleva gran significaci\u00f3n para nuestro Departamento, pues aporta una p\u00e1gina destacada a la historia sociocultural de Rivadavia. Adem\u00e1s, le ofrenda a Espa\u00f1a una muestra cabal [&hellip;]<\/p>\n","protected":false},"author":1,"featured_media":4276,"comment_status":"closed","ping_status":"closed","sticky":false,"template":"","format":"standard","meta":{"_acf_changed":false,"footnotes":""},"categories":[66],"tags":[],"class_list":["post-4696","post","type-post","status-publish","format-standard","has-post-thumbnail","hentry","category-declaraciones"],"acf":[],"_links":{"self":[{"href":"https:\/\/coworkdigital.com.ar\/hcd\/wp-json\/wp\/v2\/posts\/4696","targetHints":{"allow":["GET"]}}],"collection":[{"href":"https:\/\/coworkdigital.com.ar\/hcd\/wp-json\/wp\/v2\/posts"}],"about":[{"href":"https:\/\/coworkdigital.com.ar\/hcd\/wp-json\/wp\/v2\/types\/post"}],"author":[{"embeddable":true,"href":"https:\/\/coworkdigital.com.ar\/hcd\/wp-json\/wp\/v2\/users\/1"}],"replies":[{"embeddable":true,"href":"https:\/\/coworkdigital.com.ar\/hcd\/wp-json\/wp\/v2\/comments?post=4696"}],"version-history":[{"count":0,"href":"https:\/\/coworkdigital.com.ar\/hcd\/wp-json\/wp\/v2\/posts\/4696\/revisions"}],"wp:featuredmedia":[{"embeddable":true,"href":"https:\/\/coworkdigital.com.ar\/hcd\/wp-json\/wp\/v2\/media\/4276"}],"wp:attachment":[{"href":"https:\/\/coworkdigital.com.ar\/hcd\/wp-json\/wp\/v2\/media?parent=4696"}],"wp:term":[{"taxonomy":"category","embeddable":true,"href":"https:\/\/coworkdigital.com.ar\/hcd\/wp-json\/wp\/v2\/categories?post=4696"},{"taxonomy":"post_tag","embeddable":true,"href":"https:\/\/coworkdigital.com.ar\/hcd\/wp-json\/wp\/v2\/tags?post=4696"}],"curies":[{"name":"wp","href":"https:\/\/api.w.org\/{rel}","templated":true}]}}