{"id":4698,"date":"2014-04-15T13:11:09","date_gmt":"2014-04-15T13:11:09","guid":{"rendered":"http:\/\/www.rivadaviamendoza.gob.ar\/hcd\/?p=4698"},"modified":"2014-04-15T13:11:09","modified_gmt":"2014-04-15T13:11:09","slug":"declaracion-06-2014","status":"publish","type":"post","link":"https:\/\/coworkdigital.com.ar\/hcd\/declaracion-06-2014\/","title":{"rendered":"Declaraci\u00f3n 06-2014"},"content":{"rendered":"<p style=\"text-align: center;\"><strong><img fetchpriority=\"high\" decoding=\"async\" class=\"wp-image-1054 aligncenter\" src=\"http:\/\/rd.gov.ar\/wp4\/wp-content\/uploads\/2017\/02\/encabezado-300x60.jpg\" sizes=\"(max-width: 669px) 100vw, 669px\" srcset=\"http:\/\/www.rivadaviamendoza.gob.ar\/hcd\/wp-content\/uploads\/2017\/02\/encabezado-300x60.jpg 300w, http:\/\/www.rivadaviamendoza.gob.ar\/hcd\/wp-content\/uploads\/2017\/02\/encabezado-768x153.jpg 768w, http:\/\/www.rivadaviamendoza.gob.ar\/hcd\/wp-content\/uploads\/2017\/02\/encabezado-1024x203.jpg 1024w\" alt=\"\" width=\"669\" height=\"134\" \/><\/strong><\/p>\n<p style=\"text-align: center;\"><strong>DECLARACI\u00d3N N\u00ba 06<\/strong><\/p>\n<p style=\"text-align: justify;\"><strong>VISTO:<\/strong><br \/>\nLa petici\u00f3n formulada en el expediente N\u00b0 2014-00029-9, por numerosos vecinos del Barrio Lencinas, del Distrito Los Campamentos, destinada a que se reinstale la proclamada \u201cMesa de los Jubilados\u201d, hist\u00f3ricamente ubicada en la esquina del carril Florida y calle Hip\u00f3lito Lencinas del Barrio Lencinas, Los Campamentos, lindera al tradicional kiosco de madera de diarios y revistas del Sr. An\u00edbal Fr\u00edas, antes Kiosco Penacho, declar\u00e1ndose a dicho espacio p\u00fablico como sitio de preservaci\u00f3n social, en raz\u00f3n de su \u00edntimo ligamen al patrimonio y costumbres socioculturales del barrio, y<\/p>\n<p style=\"text-align: justify;\"><strong>CONSIDERANDO:<\/strong><br \/>\nQue el patrimonio cultural de los Pueblos, se conforma principalmente por bienes intangibles, como el idioma, la m\u00fasica, la tradici\u00f3n y los usos y costumbres sociales, entre los m\u00e1s significativos. Estos bienes definen la idiosincrasia del lugar, y en innumerables casos, se erigen en el centro de la vida sociocultural cultural del mismo.<br \/>\nEn breves palabras, y seg\u00fan la Unesco <strong><em>el <span style=\"text-decoration: underline;\">patrimonio cultural<\/span> es la herencia cultural propia del pasado de una comunidad, con la que \u00e9sta vive en la actualidad y que transmite a las generaciones presentes y futuras<\/em><\/strong>. 1\u00a0 A los fines de su preservaci\u00f3n, resulta menester identificar y definir los elementos del patrimonio cultural inmaterial presentes en su territorio, con participaci\u00f3n de las comunidades. 2<br \/>\nDicha entidad estima que el patrimonio cultural inmaterial, cumple una inestimable <strong><em>funci\u00f3n como factor de acercamiento, intercambio y entendimiento entre los seres humanos<\/em><\/strong>. Afirma tambi\u00e9n que es parte del <strong><em>contenido de los derechos humanos<\/em><\/strong>. Y sostiene la profunda interdependencia que existe entre el patrimonio cultural inmaterial y el patrimonio material cultural y natural, resaltando la importancia que reviste el patrimonio cultural inmaterial, como crisol de la diversidad cultural y garante del desarrollo sostenible. 3<br \/>\nEs indudable que la autodenominada \u201cMesa de los Jubilados\u201d, ubicada por m\u00e1s de cinco d\u00e9cadas en la esquina del carril Florida y calle Hip\u00f3lito Lencinas del Barrio Lencinas, del Distrito Los Campamentos, de Rivadavia, forma parte del patrimonio cultural de ese hist\u00f3rico barrio distrital, pues ese sitio, ha sido parada y referencia imprescindible para discernir sobre el trascurso del desarrollo social, econ\u00f3mico y cultural de los Distritos del Este del Departamento. Basta con hacer una visita al terminar una jornada de trabajo, o pararse en esa equina un domingo a la ma\u00f1ana, para verificar esa particular pr\u00e1ctica popular.<br \/>\nTestimonios presentes de la historia oral de ese barrio, obtenidos de visitas al lugar, hacen fraguar el contenido vital de este espacio p\u00fablico, a continuaci\u00f3n se transcriben algunos:<br \/>\n\u201cEn este lugar nos juntamos diariamente, hablamos de f\u00fatbol, de pol\u00edtica, del tiempo, de todo. Ocupa un lugar importante en nuestra vida\u201d, dijo el Sr. Santiago Ag\u00fcero.<br \/>\nEs la esquina del diario. Los domingos es costumbre que la gente venga a comprar el diario, al Kiosco de Don Fr\u00edas, y de paso, se queda en la mesa a comentar alguna noticia, o enterarse de las novedades del pueblo.\u201d , refiere don Mario Lezcano.<br \/>\n\u201cAqu\u00ed nos juntamos a conversar desde hace m\u00e1s de 50 a\u00f1os. En la mesa casi todos somos jubilados, aunque tambi\u00e9n se arriman muchachos que les gusta charlar con los viejos. Aqu\u00ed, no se salva nadie, y nadie se quiere ir primero, ya que le quedan coloradas las orejas. Se parece a pol\u00e9mica en el bar\u201d, dice por su parte, Alejabdro Donaire, conocido como el \u201cNegro\u201d.<br \/>\n\u201cAc\u00e1 somos casi todos jubilados, nos gusta venir, juntarnos, conversar y enterarnos de lo que pasa. Es un lugar tranquilo, cerca del carril, donde desfilan todos. Nunca se le ha faltado el respeto a nadie. La mayor\u00eda somos gente mayor, de la campa\u00f1a. A veces alguno compra una cerveza para compartir y pasar el calor, o pasa un compadre y se paga una, por una apuesta, o por una gauchada. Pero nadie se ha pasado de la raya, ni emborrachado nunca. A las diez de la noche ya no queda nadie\u201d\u00a0 relata Don Abelardo Amaya, Presidente de la uni\u00f3n Vecinal del Barrio\u201d<br \/>\n\u201cEn esta esquina, tambi\u00e9n descansan o hacen parada la gente que vive en las fincas, con ni\u00f1os, que vienen al barrio a hacer compras, a veces se reparten y quedan en encontrarse en la esquina, o en la mesa, a la sombra de la mora, que est\u00e1 al lado del kiosquito de madera. Tambi\u00e9n las mujeres nos dejan encargados los bolsos o las bicicletas cuando hacen las compras\u201d relata Don Carlos Maman\u00ed.<br \/>\n\u201cNo sabemos, porque han sacado la mesa, si a nadie molesta, y es un lugar de reuni\u00f3n de los vecinos del barrio, donde a todos nos gusta venir. Es un disparate sacarla, es como si nos quitaran algo nuestro, es un da\u00f1o, una injusticia\u201d, dice Don Armando Palma.<br \/>\n\u201cNos gusta venir aqu\u00ed, somos gente grande, no molestamos, ac\u00e1 conversamos, nos re\u00edmos, discutimos de pol\u00edtica, de f\u00fatbol. Nos cargamos sanamente. Ac\u00e1 nos enteramos de todo, de lo bueno y de lo malo. Sabemos qui\u00e9n se enferm\u00f3, o como va su salud, cuando viene el m\u00e9dico de la sala, donde hay campeonato de bochas, si el hijo o el nieto de tal o cual es promesa del f\u00fatbol, si se va al Poli, o a un equipo de Mendoza, seguimos al Argentino, a las inferiores, hablamos de cuanto se paga el tacho de la criolla y de la fina, cuanto pagaban antes, quien compr\u00f3 o vendi\u00f3 la finca, que se est\u00e1 plantando, como est\u00e1n trabajando en tal propiedad, que obras est\u00e1 haciendo el gobierno, cuales valen la pena, cuales son las cualidades de los candidatos en campa\u00f1a. En fin, hablamos de todo.\u201d, agrega Don Jos\u00e9 Barroso.<br \/>\n\u201cEn esta mesa hemos visto pasar la vida, y hemos hecho muchos amigos. Adem\u00e1s el Flaco Fr\u00edas, que es una bell\u00edsima persona, nos reserva el diario, desde hace m\u00e1s de veinte a\u00f1os\u201d; concluye el Don Juan Alberto Burqui, otro de los m\u00e1s interesados en la defensa de la mesa.<br \/>\nNo caben dudas, que se trata de un parador p\u00fablico, de corte parroquial, de alto arraigo y valor social para sus residentes, donde la democracia real pone en valor aquello que el pueblo siente como bienes p\u00fablicos, es decir aquellos que son reconocidos y valorados por la sociedad, en tanto definen sus formas de convivencia.<br \/>\nDestaco en el pedido, y en particular de los testimonios que lo sostienen, la importancia de la conversaci\u00f3n, el valor del intercambio humano, la fuerza de la costumbre rural de departir, de informarse, de comentar, la significaci\u00f3n de la comunicaci\u00f3n y de la solidaridad en los h\u00e1bitos de convivencia vecinal. Resalto adem\u00e1s el peso hist\u00f3rico del lugar, de una mesa pegada al tradicional kiosco de diarios, revistas y anexos, hoy del Sr. An\u00edbal Fr\u00edas, &#8211; hombre buen\u00edsimo y excelente vecino seg\u00fan afirmaran en voz un\u00e1nime los parroquianos -,\u00a0 ayer del pap\u00e1 del querido Penachito, donde varias generaciones dijeron presente.<br \/>\nCabe agregar, que la Mesa ha sido recientemente ordenada retirar por la Inspecci\u00f3n de Industrias y Comercios, sin embargo, la misma no pertenece a local alguno, sino m\u00e1s bien, es una hito referencial del lugar, conformado por una mesa y bancos\u00a0 improvisados, emplazados desde hace m\u00e1s de 50 a\u00f1os \u2013 seg\u00fan consta de los testimonios recabados &#8211; en un sector de la vereda, que no obstruye el paso peatonal, ni perjudica la vida comercial de los locales linderos, por el contrario auspicia su desenvolvimiento y vida social, siendo un parador p\u00fablico, que es utilizado por los vecinos, especialmente por los parroquianos de la tercera edad como sitio recreativo y vecinal.<br \/>\nPor todo ello, cobra sentido declarar a dicho espacio p\u00fablico de inter\u00e9s vecinal, por ser un sitio \u00edntimamente ligado patrimonio socio-cultural del Barrio Lencinas. que dio origen al expediente N\u00b0 N\u00b0 2014-00029-9.<\/p>\n<p style=\"text-align: justify;\"><strong>POR ELLO:<\/strong><br \/>\nLa Presidenta del Honorable Concejo Deliberante de Rivadavia,\u00a0 y en uso de sus facultades:<\/p>\n<p style=\"text-align: center;\"><strong>DECLARA<\/strong><\/p>\n<p style=\"text-align: justify;\"><strong>Art\u00edculo 1\u00b0:<\/strong> Decl\u00e1rase de Inter\u00e9s Vecinal a \u201cLa Mesa de los Jubilados del Barrio Lencinas\u201d, emplazada en la vereda noroeste de la esquina de carril Florida y calle Hip\u00f3lito Lencinas del Barrio Lencinas, del Distrito Los Campamentos, del Departamento de Rivadavia, Mendoza, junto al tradicional kiosco de madera de diarios y revistas del Sr. An\u00edbal Fr\u00edas, antes Kiosco Penacho, declar\u00e1ndose a dicho espacio p\u00fablico como sitio de preservaci\u00f3n social, por su \u00edntimo ligamen al patrimonio y costumbres socioculturales del barrio.<\/p>\n<p style=\"text-align: justify;\"><strong>Art\u00edculo 2\u00b0:<\/strong> Autor\u00edzase al Departamento Ejecutivo, a trav\u00e9s del \u00e1rea competente, a realizar los actos \u00fatiles y necesarios tendientes a restablecer el emplazamiento material de la \u201cLa Mesa de los Jubilados del Barrio Lencinas\u201d, en el espacio arriba rese\u00f1ado, quedando facultado complementar la reposici\u00f3n del hito citado, con de obras de mejoramiento y en puesta en valor en dicho espacio p\u00fablico, conforme criterios urban\u00edsticos acordes al lugar.<\/p>\n<p style=\"text-align: justify;\"><strong>Art\u00edculo 3\u00b0:<\/strong> D\u00e9jese sin efecto legal, todo acto administrativo que se hubiere labrado al efecto del retiro de la mesa citada.<\/p>\n<p style=\"text-align: justify;\"><strong>Art\u00edculo 4\u00ba:<\/strong> Comun\u00edquese al Departamento Ejecutivo a sus efectos e ins\u00e9rtese en el Libro de Declaraciones de este Cuerpo.<\/p>\n<p style=\"text-align: justify;\">Dada en la Sala de Sesiones Bandera Nacional Argentina del Honorable Concejo Deliberante de Rivadavia, Mendoza, a los 15 d\u00edas del mes de abril de 2014.<\/p>\n<table>\n<tbody>\n<tr>\n<td style=\"text-align: center;\">ORLANDO JAVIER RODRIGUEZ<\/td>\n<td style=\"text-align: center;\">FLORINDA SEOANE<\/td>\n<\/tr>\n<tr>\n<td style=\"text-align: center;\">SECRETARIO H.C.D.<\/td>\n<td style=\"text-align: center;\">PRESIDENTA H.C.D.<\/td>\n<\/tr>\n<\/tbody>\n<\/table>\n<p style=\"text-align: right;\">Cpde. Expte. N\u00ba 2014-00029-9 H.C.D.<\/p>\n<blockquote><p><strong>1<\/strong>\u00a0 Seg\u00fan la definici\u00f3n que brinda la Unesco (United Nations Educational, Scientific and Cultural Organization &#8211; Organizaci\u00f3n de las Naciones Unidas para la Educaci\u00f3n, la Ciencia y la Cultura), en el Art\u00edculo 2 de la <span style=\"text-decoration: underline;\">Convenci\u00f3n para la Salvaguardia del Patrimonio Cultural Inmaterial<\/span>, refiere: A los efectos de la presente Convenci\u00f3n, 1. Se entiende por <strong>\u201cpatrimonio cultural inmaterial\u201d<\/strong> los usos, representaciones, expresiones, conocimientos y t\u00e9cnicas -junto con los instrumentos, objetos, artefactos y espacios culturales que les son inherentes- que las comunidades, los grupos y en algunos casos los individuos reconozcan como parte integrante de su patrimonio cultural. Este patrimonio cultural inmaterial, que se transmite de generaci\u00f3n en generaci\u00f3n, es recreado constantemente por las comunidades y grupos en funci\u00f3n de su entorno, su interacci\u00f3n con la naturaleza y su historia, infundi\u00e9ndoles un sentimiento de identidad y continuidad y contribuyendo as\u00ed a promover el respeto de la diversidad cultural y la creatividad humana. A los efectos de la presente Convenci\u00f3n, se tendr\u00e1 en cuenta \u00fanicamente el patrimonio cultural inmaterial que sea compatible con los instrumentos internacionales de derechos humanos existentes y con los imperativos de respeto mutuo entre comunidades, grupos e individuos y de desarrollo sostenible.<\/p>\n<p>&nbsp;<\/p>\n<p><strong>2<\/strong>\u00a0 A su vez, dice en su Art\u00edculo 11: incumbe a cada Estado Parte: a) adoptar las medidas necesarias para garantizar la salvaguardia del patrimonio cultural inmaterial presente en su territorio; b) entre las medidas de salvaguardia mencionadas en el p\u00e1rrafo 3 del Art\u00edculo 2, identificar y definir los distintos elementos del patrimonio cultural inmaterial presentes en su territorio, con participaci\u00f3n de las comunidades, los grupos y las organizaciones no gubernamentales pertinentes.<\/p>\n<p>&nbsp;<\/p>\n<p><strong>3<\/strong>\u00a0 (Conf. la Recomendaci\u00f3n de la UNESCO sobre la salvaguardia de la cultura tradicional y popular de 1989, y en la Declaraci\u00f3n Universal de la UNESCO sobre la Diversidad Cultural de 2001)<\/p><\/blockquote>\n","protected":false},"excerpt":{"rendered":"<p>DECLARACI\u00d3N N\u00ba 06 VISTO: La petici\u00f3n formulada en el expediente N\u00b0 2014-00029-9, por numerosos vecinos del Barrio Lencinas, del Distrito Los Campamentos, destinada a que se reinstale la proclamada \u201cMesa de los Jubilados\u201d, hist\u00f3ricamente ubicada en la esquina del carril Florida y calle Hip\u00f3lito Lencinas del Barrio Lencinas, Los Campamentos, lindera al tradicional kiosco de [&hellip;]<\/p>\n","protected":false},"author":1,"featured_media":4276,"comment_status":"closed","ping_status":"closed","sticky":false,"template":"","format":"standard","meta":{"_acf_changed":false,"footnotes":""},"categories":[66],"tags":[],"class_list":["post-4698","post","type-post","status-publish","format-standard","has-post-thumbnail","hentry","category-declaraciones"],"acf":[],"_links":{"self":[{"href":"https:\/\/coworkdigital.com.ar\/hcd\/wp-json\/wp\/v2\/posts\/4698","targetHints":{"allow":["GET"]}}],"collection":[{"href":"https:\/\/coworkdigital.com.ar\/hcd\/wp-json\/wp\/v2\/posts"}],"about":[{"href":"https:\/\/coworkdigital.com.ar\/hcd\/wp-json\/wp\/v2\/types\/post"}],"author":[{"embeddable":true,"href":"https:\/\/coworkdigital.com.ar\/hcd\/wp-json\/wp\/v2\/users\/1"}],"replies":[{"embeddable":true,"href":"https:\/\/coworkdigital.com.ar\/hcd\/wp-json\/wp\/v2\/comments?post=4698"}],"version-history":[{"count":0,"href":"https:\/\/coworkdigital.com.ar\/hcd\/wp-json\/wp\/v2\/posts\/4698\/revisions"}],"wp:featuredmedia":[{"embeddable":true,"href":"https:\/\/coworkdigital.com.ar\/hcd\/wp-json\/wp\/v2\/media\/4276"}],"wp:attachment":[{"href":"https:\/\/coworkdigital.com.ar\/hcd\/wp-json\/wp\/v2\/media?parent=4698"}],"wp:term":[{"taxonomy":"category","embeddable":true,"href":"https:\/\/coworkdigital.com.ar\/hcd\/wp-json\/wp\/v2\/categories?post=4698"},{"taxonomy":"post_tag","embeddable":true,"href":"https:\/\/coworkdigital.com.ar\/hcd\/wp-json\/wp\/v2\/tags?post=4698"}],"curies":[{"name":"wp","href":"https:\/\/api.w.org\/{rel}","templated":true}]}}