{"id":4705,"date":"2014-03-25T14:35:01","date_gmt":"2014-03-25T14:35:01","guid":{"rendered":"http:\/\/www.rivadaviamendoza.gob.ar\/hcd\/?p=4705"},"modified":"2014-03-25T14:35:01","modified_gmt":"2014-03-25T14:35:01","slug":"declaracion-03-2014","status":"publish","type":"post","link":"https:\/\/coworkdigital.com.ar\/hcd\/declaracion-03-2014\/","title":{"rendered":"Declaraci\u00f3n 03-2014"},"content":{"rendered":"<p style=\"text-align: center;\"><strong><img fetchpriority=\"high\" decoding=\"async\" class=\"wp-image-1054 aligncenter\" src=\"http:\/\/rd.gov.ar\/wp4\/wp-content\/uploads\/2017\/02\/encabezado-300x60.jpg\" sizes=\"(max-width: 669px) 100vw, 669px\" srcset=\"http:\/\/www.rivadaviamendoza.gob.ar\/hcd\/wp-content\/uploads\/2017\/02\/encabezado-300x60.jpg 300w, http:\/\/www.rivadaviamendoza.gob.ar\/hcd\/wp-content\/uploads\/2017\/02\/encabezado-768x153.jpg 768w, http:\/\/www.rivadaviamendoza.gob.ar\/hcd\/wp-content\/uploads\/2017\/02\/encabezado-1024x203.jpg 1024w\" alt=\"\" width=\"669\" height=\"134\" \/><\/strong><\/p>\n<p style=\"text-align: center;\"><strong>DECLARACION N\u00ba 03-14<\/strong><\/p>\n<p style=\"text-align: justify;\"><strong>VISTO:<\/strong><br \/>\nQue el TGD (Trastorno Generalizado del Desarrollo) del espectro autista es un Trastorno Neurol\u00f3gico que afecta tres \u00e1reas del desarrollo, la Comunicaci\u00f3n (verbal y no\u00a0 verbal), la Sociabilizaci\u00f3n (interacci\u00f3n social) y la Imaginaci\u00f3n Creativa; y que adem\u00e1s el espectro autista se divide en cinco categor\u00edas: Trastorno Autista (Autismo de kanner), S\u00edndrome de Rett, Trastorno Desintegrativo de la Infancia, S\u00edndrome de Asperger y Trastorno Generalizado no Especificado (TGDNE), y<\/p>\n<p style=\"text-align: justify;\"><strong>CONSIDERANDO:<\/strong><br \/>\nQue, dicho trastorno limita a las personas que lo padecen en su integraci\u00f3n social.<br \/>\nQue, este trastorno presenta caracter\u00edsticas particulares dif\u00edcilmente detectables por la sociedad por la falta de informaci\u00f3n.<br \/>\nQue los padres de los ni\u00f1os con TGD \u2013 AUTISMO, no cuentan con una m\u00ednima informaci\u00f3n que los ayude a la detecci\u00f3n temprana, importante en los primeros a\u00f1os de vida.<br \/>\nQue, los diagn\u00f3sticos son tard\u00edos y equ\u00edvocos.<br \/>\nQue, los ni\u00f1os con s\u00edndrome de TGD \u2013 AUTISMO, no han sido diagnosticados certeramente, por lo tanto no han recibido la terapia adecuada conforme a lo que esta condici\u00f3n requiere.<br \/>\nQue, no recibir la terapia adecuada\u00a0 afecta su calidad de vida y la de su entorno (familiar-social) sustancial.<br \/>\nQue, en sus primeros pasos de interacci\u00f3n social (escuela), se lo deriva a Gabinetes Psicopedag\u00f3gicos y se los trata err\u00f3neamente ya que no se cuenta con la preparaci\u00f3n\/informaci\u00f3n necesaria para llevar a cabo una terapia integradora precisa.<br \/>\nQue, las escuelas de ense\u00f1anza com\u00fan no est\u00e1n preparadas para recibir, educar e integrar a ni\u00f1os con TGD-AUTISMO.<br \/>\nQue, es necesario e imprescindible, informar y formar a la sociedad en su conjunto: padres, docentes, profesionales de la salud y a futuros profesionales sobre TGD\u00a0 de Espectro Autista, de all\u00ed el prop\u00f3sito Fundamental de esta CAMPA\u00d1A DE CONCIENTIZACION SOBRE TGD- AUTISMO, para que se tomen los recaudos necesarios respecto al tema en forma\u00a0 URGENTE.<br \/>\nQue, tal urgencia deriva que se han ido aumentando los casos de TGD-AUTISMO, en todo el mundo y nuestro pa\u00eds no ha sido la excepci\u00f3n.<br \/>\nQue, con esta Campa\u00f1a se ver\u00eda posibilitada la detecci\u00f3n de casos, no solo en el Departamento, esto ser\u00eda de gran utilidad para elaborar una estad\u00edstica certera sobre cu\u00e1ntos casos existen en Rivadavia y zonas aleda\u00f1as; y a partir de all\u00ed tomar recaudos necesarios en cuanto a esta tem\u00e1tica.<br \/>\nQue, al tratar el tema TGD (ESPECTRO AUTISTA), dejan de ser vulnerados: Art. N\u00ba 31 de la Constituci\u00f3n Nacional y los art\u00edculos 1\u00ba, 2\u00ba, 5\u00ba, 6\u00ba y 7\u00ba de la Declaraci\u00f3n de los Derechos del Ni\u00f1o y toda la Legislaci\u00f3n y Jurisprudencia y Tratados Internacionales al respecto.<br \/>\nQue, la Declaraci\u00f3n de Inter\u00e9s Departamental, dignar\u00eda de nobleza al Departamento, dando cuenta de la importancia que presenta para nuestra sociedad ser m\u00e1s inclusiva con las personas con TGD-AUTISMO.<\/p>\n<p style=\"text-align: justify;\"><strong>POR ELLO:<\/strong><br \/>\nEl Honorable Concejo Deliberante de Rivadavia, Mendoza, y en uso de sus facultades:<\/p>\n<p style=\"text-align: center;\"><strong>DECLARA<\/strong><\/p>\n<p style=\"text-align: justify;\"><strong>Art\u00edculo 1\u00ba:<\/strong> Decl\u00e1rese de Inter\u00e9s Departamental la Campa\u00f1a de Concientizaci\u00f3n de TGD-AUTISMO.<\/p>\n<p style=\"text-align: justify;\"><strong>Art\u00edculo 2\u00ba:<\/strong> Decl\u00e1rese de Inter\u00e9s Departamental, el d\u00eda 02 de abril \u201cDIA INTERNACIONAL DE LA CONCIENTIZACION DEL AUTISMO\u201d instituido por la Organizaci\u00f3n de las Naciones Unidas (ONU).<\/p>\n<p style=\"text-align: justify;\"><strong>Art\u00edculo 3\u00ba:<\/strong> Inf\u00f3rmese y distrib\u00fayase en todos los medios\u00a0 de comunicaci\u00f3n e instituciones educacionales y de salud, esta Campa\u00f1a.<\/p>\n<p style=\"text-align: justify;\"><strong>Art\u00edculo 4\u00ba:<\/strong> Comun\u00edquese al Departamento Ejecutivo a sus efectos e ins\u00e9rtese en el Libro de Declaraciones de este Cuerpo.<\/p>\n<p style=\"text-align: justify;\">Dada en la Sala de Sesiones \u201cBandera Nacional Argentina\u201d del Honorable Concejo Deliberante de Rivadavia, Mendoza, a los 25 d\u00edas del mes de marzo de 2014.<\/p>\n<table>\n<tbody>\n<tr>\n<td style=\"text-align: center;\">ORLANDO JAVIER RODRIGUEZ<\/td>\n<td style=\"text-align: center;\">FLORINDA SEOANE<\/td>\n<\/tr>\n<tr>\n<td style=\"text-align: center;\">SECRETARIO H.C.D.<\/td>\n<td style=\"text-align: center;\">PRESIDENTA H.C.D.<\/td>\n<\/tr>\n<\/tbody>\n<\/table>\n<p style=\"text-align: right;\">Cpde. Expte. N\u00ba 2013-00142-1 H.C.D.<\/p>\n","protected":false},"excerpt":{"rendered":"<p>DECLARACION N\u00ba 03-14 VISTO: Que el TGD (Trastorno Generalizado del Desarrollo) del espectro autista es un Trastorno Neurol\u00f3gico que afecta tres \u00e1reas del desarrollo, la Comunicaci\u00f3n (verbal y no\u00a0 verbal), la Sociabilizaci\u00f3n (interacci\u00f3n social) y la Imaginaci\u00f3n Creativa; y que adem\u00e1s el espectro autista se divide en cinco categor\u00edas: Trastorno Autista (Autismo de kanner), S\u00edndrome [&hellip;]<\/p>\n","protected":false},"author":1,"featured_media":4276,"comment_status":"closed","ping_status":"closed","sticky":false,"template":"","format":"standard","meta":{"_acf_changed":false,"footnotes":""},"categories":[66],"tags":[],"class_list":["post-4705","post","type-post","status-publish","format-standard","has-post-thumbnail","hentry","category-declaraciones"],"acf":[],"_links":{"self":[{"href":"https:\/\/coworkdigital.com.ar\/hcd\/wp-json\/wp\/v2\/posts\/4705","targetHints":{"allow":["GET"]}}],"collection":[{"href":"https:\/\/coworkdigital.com.ar\/hcd\/wp-json\/wp\/v2\/posts"}],"about":[{"href":"https:\/\/coworkdigital.com.ar\/hcd\/wp-json\/wp\/v2\/types\/post"}],"author":[{"embeddable":true,"href":"https:\/\/coworkdigital.com.ar\/hcd\/wp-json\/wp\/v2\/users\/1"}],"replies":[{"embeddable":true,"href":"https:\/\/coworkdigital.com.ar\/hcd\/wp-json\/wp\/v2\/comments?post=4705"}],"version-history":[{"count":0,"href":"https:\/\/coworkdigital.com.ar\/hcd\/wp-json\/wp\/v2\/posts\/4705\/revisions"}],"wp:featuredmedia":[{"embeddable":true,"href":"https:\/\/coworkdigital.com.ar\/hcd\/wp-json\/wp\/v2\/media\/4276"}],"wp:attachment":[{"href":"https:\/\/coworkdigital.com.ar\/hcd\/wp-json\/wp\/v2\/media?parent=4705"}],"wp:term":[{"taxonomy":"category","embeddable":true,"href":"https:\/\/coworkdigital.com.ar\/hcd\/wp-json\/wp\/v2\/categories?post=4705"},{"taxonomy":"post_tag","embeddable":true,"href":"https:\/\/coworkdigital.com.ar\/hcd\/wp-json\/wp\/v2\/tags?post=4705"}],"curies":[{"name":"wp","href":"https:\/\/api.w.org\/{rel}","templated":true}]}}