{"id":4719,"date":"2013-10-29T15:40:40","date_gmt":"2013-10-29T15:40:40","guid":{"rendered":"http:\/\/www.rivadaviamendoza.gob.ar\/hcd\/?p=4719"},"modified":"2013-10-29T15:40:40","modified_gmt":"2013-10-29T15:40:40","slug":"resolucion-18-2013","status":"publish","type":"post","link":"https:\/\/coworkdigital.com.ar\/hcd\/resolucion-18-2013\/","title":{"rendered":"Resoluci\u00f3n 18-2013"},"content":{"rendered":"<p style=\"text-align: center;\"><strong><img fetchpriority=\"high\" decoding=\"async\" class=\"wp-image-1054 aligncenter\" src=\"http:\/\/rd.gov.ar\/wp4\/wp-content\/uploads\/2017\/02\/encabezado-300x60.jpg\" sizes=\"(max-width: 669px) 100vw, 669px\" srcset=\"http:\/\/www.rivadaviamendoza.gob.ar\/hcd\/wp-content\/uploads\/2017\/02\/encabezado-300x60.jpg 300w, http:\/\/www.rivadaviamendoza.gob.ar\/hcd\/wp-content\/uploads\/2017\/02\/encabezado-768x153.jpg 768w, http:\/\/www.rivadaviamendoza.gob.ar\/hcd\/wp-content\/uploads\/2017\/02\/encabezado-1024x203.jpg 1024w\" alt=\"\" width=\"669\" height=\"134\" \/><\/strong><\/p>\n<p style=\"text-align: center;\"><strong>RESOLUCI\u00d3N N\u00ba018<\/strong><\/p>\n<p style=\"text-align: justify;\"><strong>VISTO:<\/strong><br \/>\nEl Expediente N\u00b0 2013-00271-8, por el que el Jefe de Comisiones de este Cuerpo, informa sobre los Expedientes que se encuentran sin dictamen en las distintas Comisiones de este Cuerpo, y<\/p>\n<p style=\"text-align: justify;\"><strong>CONSIDERANDO:<\/strong><br \/>\nQue el d\u00eda 30 de octubre del corriente a\u00f1o finaliza el periodo de Sesiones Ordinarias.<br \/>\nQue la Ley N\u00b0 1.079, \u201cOrg\u00e1nica de Municipalidades\u201d, en su Art\u00edculo 57\u00b0, modificado por Ley N\u00b0 6.167, establece: \u201c&#8230;el Concejo Deliberante tendr\u00e1 durante el a\u00f1o un per\u00edodo de Sesiones Ordinarias desde el 01 de marzo al 30 de octubre, pudi\u00e9ndose prorrogar sus Sesiones por 30 d\u00edas&#8230;\u201d.<\/p>\n<p style=\"text-align: justify;\"><strong>POR ELLO:<\/strong><br \/>\nEl\u00a0 Honorable Concejo Deliberante de Rivadavia, Mendoza, y en uso de sus facultades:<\/p>\n<p style=\"text-align: center;\"><strong>RESUELVE<\/strong><\/p>\n<p style=\"text-align: justify;\"><strong>Art\u00edculo 1\u00b0:<\/strong> Prorrogase el Per\u00edodo de Sesiones Ordinarias de este Cuerpo por treinta (30) d\u00edas\u00a0 a partir del 01 de noviembre de 2013, de acuerdo a lo establecido en el Art\u00edculo 57\u00b0 de la Ley 1.079 \u201cOrg\u00e1nica de Municipalidades\u201d, modificado por la Ley N\u00b0 6.167.<\/p>\n<p style=\"text-align: justify;\"><strong>Art\u00edculo 2\u00b0:<\/strong> Incl\u00fayase en el Per\u00edodo de Pr\u00f3rroga, para su tratamiento los\u00a0 Expedientes que se encuentran en las siguientes Comisiones y de acuerdo al presente detalle:<\/p>\n<table>\n<tbody>\n<tr>\n<td style=\"text-align: center;\" colspan=\"2\"><strong>PRESUPUESTO Y HACIENDA Y OBRAS P\u00daBLICAS<\/strong><\/td>\n<\/tr>\n<tr>\n<td>Expte. N\u00ba2013-00067-0<\/td>\n<td>B.U.P. Cjal. Pedernera.Proy. Decl. Asfalto de calles y colocaci\u00f3n de Luminarias en Distritos.<\/td>\n<\/tr>\n<tr>\n<td>Expte. N\u00ba2013-00109-0<\/td>\n<td>Coop. de Vivienda \u201cFlor de Retamo\u201d Ltda. Presenta Carpeta T\u00e9cnica.<\/td>\n<\/tr>\n<tr>\n<td>Expte. N\u00ba2013-00117-3<\/td>\n<td>B.N.Kirchner, Cjal Ag\u00fcero Proy. Res. Colocaci\u00f2n de Pianitos o Tachas Refractivas s\/ Calle San Isidro-Maza\u00a0 y San Isidro- Cordoba.<\/td>\n<\/tr>\n<tr>\n<td>Expte. N\u00ba2013-00162-9<\/td>\n<td>Vecinos del Barrio 9 de Julio, exponen problemas de Cloacas.<\/td>\n<\/tr>\n<tr>\n<td>Expte. N\u00ba2013-00173-6<\/td>\n<td>Gustavo Ponce, sol.\u00a0Instalaci\u00f2n de un letrero en calle Lavalle antes de llegar a calle Arist\u00f3bulo del Valle.<\/td>\n<\/tr>\n<tr>\n<td>Expte. N\u00ba2013-00186-8<\/td>\n<td>Vecinos del Distrito La Reducci\u00f3n, sol. conexi\u00f3n de Gas.<\/td>\n<\/tr>\n<tr>\n<td>Expte. N\u00ba2013-00191-8<\/td>\n<td>B.N. K. .Cjal.Aguero, Proy.Res. Trazado de marcaci\u00f3n horizontal en Rutas del Departamento.<\/td>\n<\/tr>\n<tr>\n<td>Expte. N\u00ba2013-00220-5<\/td>\n<td>Dr. Julio Cesar Felici. Autorizaci\u00f3n para asistir a Sesi\u00f3n para exponer Inquietudes.<\/td>\n<\/tr>\n<tr>\n<td>Expte. N\u00ba2013-00222-1<\/td>\n<td>Vecinos Calle Rep. del Libano, Reclamo s\/Expte. N\u00ba 2012-00300-6<\/td>\n<\/tr>\n<tr>\n<td>Expte. N\u00ba2013-00239-5<\/td>\n<td>Vecinos Calle Sargento Cabral, sol. Extensi\u00f3n Red Cloacal.<\/td>\n<\/tr>\n<tr>\n<td>Expte. N\u00ba2013-00244-5<\/td>\n<td>B.U.C.R. Proy. Res. Petici\u00f2n generada\u00a0 por Alumnos y Padres de la Esc. N\u00aa 1.009 \u201cCornelio Saavedra\u201d y vecinos del Distrito de Libertad.<\/td>\n<\/tr>\n<tr>\n<td>Expte. N\u00ba2013-00253-6<\/td>\n<td>Pres. del Concejo Deliberante, eleva Rendici\u00f3n de Caja Chica.<\/td>\n<\/tr>\n<tr>\n<td>Expte. N\u00ba2013-00257-7<\/td>\n<td>B.U.C.R. proy. de Ordenanza,\u00a0construci\u00f3n \u201cComplejo Cultural\u201d.<\/td>\n<\/tr>\n<tr>\n<td>Expte. N\u00ba2013-00261-9<\/td>\n<td>B. F.P.V.Pedido de Informe, Plan Integral de Reparaci\u00f3n de Veredas.<\/td>\n<\/tr>\n<tr>\n<td style=\"text-align: center;\" colspan=\"2\"><strong>LEGISLACI\u00d3N, PETICIONES Y PODERES Y DESARROLLO ECON\u00d3MICO<\/strong><\/td>\n<\/tr>\n<tr>\n<td>Expte. N\u00ba2013-00184-3<\/td>\n<td>B.N.K. Cjal. Aguero, Proy\u00a0 Declaraci\u00f2n;\u00a0 Declarar\u00a0 Inter\u00e9s Educativo Cultural Departamental al Libro \u201c Pajaros al Viento\u201d.<\/td>\n<\/tr>\n<tr>\n<td>Expte. N\u00ba2013-00209-8<\/td>\n<td>Encuentro por\u00a0Rivadavia, presenta Petitorio Consejo de Seguridad.<\/td>\n<\/tr>\n<tr>\n<td>Expte. N\u00ba2013-00217-1<\/td>\n<td>Consejo Empresario Mendocino, Premio \u201c J\u00f3venes\u00a0Mendocinos Destacados Edici\u00f3n 2013\u201d.<\/td>\n<\/tr>\n<tr>\n<td>Expte. N\u00ba2013-00236-1<\/td>\n<td>S.O.E.M. Rivadavia, Presenta Aclatoria-Resuelva.<\/td>\n<\/tr>\n<tr>\n<td>Expte. N\u00ba2013-00238-7<\/td>\n<td>JCI. San Mart\u00ecn Sebasti\u00e1n Barber, sol. Reuni\u00f3n con Concejales<\/td>\n<\/tr>\n<tr>\n<td>Expte. N\u00ba2013-00256-9<\/td>\n<td>B. N.K. Cjal Ag\u00fcero, Proy. Decl. Declarar el D\u00eca 15 de octubre \u201cD\u00eda Internacional de los Bastones Blancos\u201d.<\/td>\n<\/tr>\n<tr>\n<td style=\"text-align: center;\" colspan=\"2\"><strong>HIGIENE MORALIDAD Y SEGURIDAD P\u00daBLICAS y ACCI\u00d3N SOCIAL<\/strong><\/td>\n<\/tr>\n<tr>\n<td>Expte. N\u00ba2013-00140-5<\/td>\n<td>Partido Socialista Rivadavia, Presenta Proy. Programa Provincial de Lucha Contra Hidroarsenicismo Cr\u00f3nico Regional End\u00e9mico(HACRE)<\/td>\n<\/tr>\n<tr>\n<td>Expte. N\u00ba2013-00142-1<\/td>\n<td>B. U.C.R y Coop. Esperanza Palmira, Proy. Decl. Declarar de Inter\u00e9s Departamental Campa\u00f1a de Concientizaci\u00f2n sobre TGD.<\/td>\n<\/tr>\n<tr>\n<td>Expte. N\u00ba2013-00196-7<\/td>\n<td>Aerotec Argentina S.A. expone situaci\u00f2n de Inseguridad.<\/td>\n<\/tr>\n<tr>\n<td>Expte. N\u00ba2013-00231-2<\/td>\n<td>Esc. N\u00ba1-009 \u201cCornelio Saavedra\u201d La Libertad\u00a0 Problem\u00e1tica Vial\u00a0Ruta N\u00ba 62 frente al Establecimiento.<\/td>\n<\/tr>\n<tr>\n<td>Expte. N\u00ba2013-00235-3<\/td>\n<td>B.\u00a0U.C.R. Proy. Decl.\u00a0Cre\u00e1se el Programa \u201cJ\u00f3venes Preventores en Seguridad Vial en Rivadavia.\u201d<\/td>\n<\/tr>\n<tr>\n<td>Expte. N\u00ba2013-00237-9<\/td>\n<td>Delegado U.P.C Mendoza ( Enrique Poblete) Informa la quema de basura por Empleados Municipales y Pasantes.<\/td>\n<\/tr>\n<tr>\n<td>Expte. N\u00ba2013-00246-0<\/td>\n<td>Vencinos de Calle Florida de los Campamentos, exponen situaci\u00f3n de \u00c1rboles de Platanos de m\u00e1s 100 a\u00f1os de edad.<\/td>\n<\/tr>\n<tr>\n<td>Expte. N\u00ba2013-00250-2<\/td>\n<td>Escuela N\u00ba1-192\u00a0 Daniel Barreda, sol. colaboraci\u00f3n<\/td>\n<\/tr>\n<tr>\n<td>Expte. N\u00ba2013-00251-4<\/td>\n<td>Padres de Danzas Aerobicas, sol. colaboracion Viaje.<\/td>\n<\/tr>\n<tr>\n<td>Expte. N\u00ba2013-00254-4<\/td>\n<td>Reservorios Integrados Mendoza S.A. Nulidad por acto Administrivo.<\/td>\n<\/tr>\n<tr>\n<td>Expte. N\u00ba2013-00255-1<\/td>\n<td>Padres de Danzas Aerobicas, solocitan Subsidio.<\/td>\n<\/tr>\n<\/tbody>\n<\/table>\n<p style=\"text-align: justify;\"><strong>Art\u00edculo 3\u00b0:<\/strong> Incl\u00fayanse en el Per\u00edodo de Pr\u00f3rroga los Expedientes que presenten los se\u00f1ores Concejales hasta el d\u00eda 12 de noviembre de 2013, los Expedientes que hayan ingresado a este Cuerpo hasta el d\u00eda 30 de octubre y que no se encuentren incluidos en el Art\u00edculo 2\u00b0 de la presente y todos los Expedientes que remita el Departamento Ejecutivo en el presente per\u00edodo.<\/p>\n<p style=\"text-align: justify;\"><strong>Art\u00edculo 4\u00ba:<\/strong> Comun\u00edquese al Departamento Ejecutivo a sus efectos e ins\u00e9rtese en el Libro de Resoluciones de este Cuerpo.<\/p>\n<p style=\"text-align: justify;\">Dada en la Sala de Sesiones \u201cBandera Nacional Argentina\u201d del Honorable Concejo Deliberante de Rivadavia, Mendoza, a los 29 d\u00edas del mes de octubre de 2013.<\/p>\n<table>\n<tbody>\n<tr>\n<td style=\"text-align: center;\">ORLANDO JAVIER RODRIGUEZ<\/td>\n<td style=\"text-align: center;\">FLORINDA SEOANE<\/td>\n<\/tr>\n<tr>\n<td style=\"text-align: center;\">SECRETARIO H.C.D.<\/td>\n<td style=\"text-align: center;\">PRESIDENTA H.C.D.<\/td>\n<\/tr>\n<\/tbody>\n<\/table>\n<p style=\"text-align: right;\">Cpde. Expte. N\u00ba 2013-00271-8 H.C.D.<\/p>\n","protected":false},"excerpt":{"rendered":"<p>RESOLUCI\u00d3N N\u00ba018 VISTO: El Expediente N\u00b0 2013-00271-8, por el que el Jefe de Comisiones de este Cuerpo, informa sobre los Expedientes que se encuentran sin dictamen en las distintas Comisiones de este Cuerpo, y CONSIDERANDO: Que el d\u00eda 30 de octubre del corriente a\u00f1o finaliza el periodo de Sesiones Ordinarias. Que la Ley N\u00b0 1.079, [&hellip;]<\/p>\n","protected":false},"author":1,"featured_media":1020,"comment_status":"closed","ping_status":"closed","sticky":false,"template":"","format":"standard","meta":{"_acf_changed":false,"footnotes":""},"categories":[65],"tags":[],"class_list":["post-4719","post","type-post","status-publish","format-standard","has-post-thumbnail","hentry","category-resoluciones"],"acf":[],"_links":{"self":[{"href":"https:\/\/coworkdigital.com.ar\/hcd\/wp-json\/wp\/v2\/posts\/4719","targetHints":{"allow":["GET"]}}],"collection":[{"href":"https:\/\/coworkdigital.com.ar\/hcd\/wp-json\/wp\/v2\/posts"}],"about":[{"href":"https:\/\/coworkdigital.com.ar\/hcd\/wp-json\/wp\/v2\/types\/post"}],"author":[{"embeddable":true,"href":"https:\/\/coworkdigital.com.ar\/hcd\/wp-json\/wp\/v2\/users\/1"}],"replies":[{"embeddable":true,"href":"https:\/\/coworkdigital.com.ar\/hcd\/wp-json\/wp\/v2\/comments?post=4719"}],"version-history":[{"count":0,"href":"https:\/\/coworkdigital.com.ar\/hcd\/wp-json\/wp\/v2\/posts\/4719\/revisions"}],"wp:featuredmedia":[{"embeddable":true,"href":"https:\/\/coworkdigital.com.ar\/hcd\/wp-json\/wp\/v2\/media\/1020"}],"wp:attachment":[{"href":"https:\/\/coworkdigital.com.ar\/hcd\/wp-json\/wp\/v2\/media?parent=4719"}],"wp:term":[{"taxonomy":"category","embeddable":true,"href":"https:\/\/coworkdigital.com.ar\/hcd\/wp-json\/wp\/v2\/categories?post=4719"},{"taxonomy":"post_tag","embeddable":true,"href":"https:\/\/coworkdigital.com.ar\/hcd\/wp-json\/wp\/v2\/tags?post=4719"}],"curies":[{"name":"wp","href":"https:\/\/api.w.org\/{rel}","templated":true}]}}