{"id":4732,"date":"2013-06-11T11:28:41","date_gmt":"2013-06-11T11:28:41","guid":{"rendered":"http:\/\/www.rivadaviamendoza.gob.ar\/hcd\/?p=4732"},"modified":"2013-06-11T11:28:41","modified_gmt":"2013-06-11T11:28:41","slug":"resolucion-13-2013","status":"publish","type":"post","link":"https:\/\/coworkdigital.com.ar\/hcd\/resolucion-13-2013\/","title":{"rendered":"Resoluci\u00f3n 13-2013"},"content":{"rendered":"<p style=\"text-align: center;\"><strong><img fetchpriority=\"high\" decoding=\"async\" class=\"wp-image-1054 aligncenter\" src=\"http:\/\/rd.gov.ar\/wp4\/wp-content\/uploads\/2017\/02\/encabezado-300x60.jpg\" sizes=\"(max-width: 669px) 100vw, 669px\" srcset=\"http:\/\/www.rivadaviamendoza.gob.ar\/hcd\/wp-content\/uploads\/2017\/02\/encabezado-300x60.jpg 300w, http:\/\/www.rivadaviamendoza.gob.ar\/hcd\/wp-content\/uploads\/2017\/02\/encabezado-768x153.jpg 768w, http:\/\/www.rivadaviamendoza.gob.ar\/hcd\/wp-content\/uploads\/2017\/02\/encabezado-1024x203.jpg 1024w\" alt=\"\" width=\"669\" height=\"134\" \/><\/strong><\/p>\n<p style=\"text-align: center;\"><strong>RESOLUCI\u00d3N N\u00ba 13<\/strong><\/p>\n<p style=\"text-align: justify;\"><strong>VISTO:<\/strong><br \/>\nLa solicitud presentada por el vecino Juan Carlos Leal (D.N.I. 8.072.491), con el objeto de que \u201cse le haga llegar un reconocimiento por\u00a0 trayectoria a Oscar Mila, Enzo Trefontane y Guillermina Mila\u201d, y<\/p>\n<p style=\"text-align: justify;\"><strong>CONSIDERANDO:<\/strong><br \/>\nQue tal petici\u00f3n se fundamenta en el \u00e9xito alcanzado por el Programa Radial \u201cHola Gente\u201d que se emite todos los s\u00e1bados de 7:00 a 10:00, por FM Sinton\u00eda I, de esta Ciudad. \u201cHola Gente\u201d es un programa integral, social, de informaci\u00f3n general, comentarios, m\u00fasica, entrevistas y concursos; lo conduce el Se\u00f1or Oscar Vicente Mila, periodista de nuestro medio con cuarenta a\u00f1os de trayectoria en los escenarios de la comunicaci\u00f3n social de la Provincia.<br \/>\nEn particular, \u201cHola Gente\u201d lleva diecis\u00e9is a\u00f1os en el aire y\u00a0 a partir de 2012 se sumaron voluntariamente al Conductor del mismo, el ni\u00f1o Enzo Trefontane (de diez a\u00f1os de edad) y Guillermina Sosa Mila (de nueve a\u00f1os de edad y nieta menor de Oscar). Esta atinada decisi\u00f3n de integrar a dos ni\u00f1os que muestran verdadera vocaci\u00f3n de \u201cinformadores sociales\u201d y \u201cpeque\u00f1os periodistas\u201d, ha sido ampliamente reconocida por los oyentes de \u201cHola Gente\u201d. La intervenci\u00f3n de Enzo y Guillermina le generan a dicho espacio radial una atm\u00f3sfera c\u00e1lida, interesante y con matices agradables, marcando diferencias con los t\u00edpicos y habituales programas radiales; es m\u00e1s , se ha comentado en medios prensa de la Provincia que es loable y oportuno que estos ni\u00f1os practiquen\u00a0 la noble funci\u00f3n de \u201cperiodistas\u201d.<br \/>\nCabe destacar, que en el campo educacional de todos los niveles y modalidades se promueven y propician actividades relacionadas con la comunicaci\u00f3n social, verbigracia: \u201cLa Radio de Mi Escuela\u201d; \u201cEl Club de Peque\u00f1os Periodistas\u201d; \u201cMi Escuela en el Aire\u201d; \u201cEl Diario en la Escuela\u201d, y otros tantos. . . .<br \/>\nQue ser\u00eda pertinente y oportuno conferirles a Oscar Vicente Mila, Enzo Trefontane y Guillermina Sosa Mila un reconocimiento Institucional, puesto que estamos frente a una valiosa iniciativa que conjuga, fortalece y promueve experiencias socioeducativas enmarcadas en el campo period\u00edstico de nuestra Comunidad.<\/p>\n<p style=\"text-align: justify;\"><strong>POR ELLO:<\/strong><br \/>\nEl\u00a0 Honorable Concejo Deliberante de Rivadavia, Mendoza, y en uso de sus facultades:<\/p>\n<p style=\"text-align: center;\"><strong>RESUELVE<\/strong><\/p>\n<p style=\"text-align: justify;\"><strong>Art\u00edculo 1\u00ba:<\/strong> Conferir un Reconocimiento Institucional a Oscar Vicente Mila,por\u00a0 sus cuarenta a\u00f1os de trayectoria Period\u00edstica, y a Guillermina Sosa Mila y Enzo Trefontane, por su participaci\u00f3n en el Programa \u201cHola Gente\u201d que se emite por FM Sinton\u00eda I, de esta Ciudad.<\/p>\n<p style=\"text-align: justify;\"><strong>Art\u00edculo 2\u00ba:<\/strong> Remitir copia de la presente pieza legal a los directivos de la citada Radio, para su conocimiento y dem\u00e1s efectos.<\/p>\n<p style=\"text-align: justify;\"><strong>Art\u00edculo 3\u00ba:<\/strong> Comun\u00edquese al Departamento Ejecutivo a sus efectos e ins\u00e9rtese en el Libro de Resoluciones de este Cuerpo.<\/p>\n<p style=\"text-align: justify;\">Dada en la Sala de Sesiones Bandera Nacional Argentina del Honorable Concejo Deliberante de Rivadavia, Mendoza, a los 11 d\u00edas del mes de junio 2013.<\/p>\n<table>\n<tbody>\n<tr>\n<td style=\"text-align: center;\">ORLANDO JAVIER RODRIGUEZ<\/td>\n<td style=\"text-align: center;\">FLORINDA SEOANE<\/td>\n<\/tr>\n<tr>\n<td style=\"text-align: center;\">SECRETARIO H.C.D.<\/td>\n<td style=\"text-align: center;\">PRESIDENTA H.C.D.<\/td>\n<\/tr>\n<\/tbody>\n<\/table>\n<p style=\"text-align: right;\">Cpde. Expte. N\u00ba 2013-00069-6 H.C.D.<\/p>\n","protected":false},"excerpt":{"rendered":"<p>RESOLUCI\u00d3N N\u00ba 13 VISTO: La solicitud presentada por el vecino Juan Carlos Leal (D.N.I. 8.072.491), con el objeto de que \u201cse le haga llegar un reconocimiento por\u00a0 trayectoria a Oscar Mila, Enzo Trefontane y Guillermina Mila\u201d, y CONSIDERANDO: Que tal petici\u00f3n se fundamenta en el \u00e9xito alcanzado por el Programa Radial \u201cHola Gente\u201d que se [&hellip;]<\/p>\n","protected":false},"author":1,"featured_media":1020,"comment_status":"closed","ping_status":"closed","sticky":false,"template":"","format":"standard","meta":{"_acf_changed":false,"footnotes":""},"categories":[65],"tags":[],"class_list":["post-4732","post","type-post","status-publish","format-standard","has-post-thumbnail","hentry","category-resoluciones"],"acf":[],"_links":{"self":[{"href":"https:\/\/coworkdigital.com.ar\/hcd\/wp-json\/wp\/v2\/posts\/4732","targetHints":{"allow":["GET"]}}],"collection":[{"href":"https:\/\/coworkdigital.com.ar\/hcd\/wp-json\/wp\/v2\/posts"}],"about":[{"href":"https:\/\/coworkdigital.com.ar\/hcd\/wp-json\/wp\/v2\/types\/post"}],"author":[{"embeddable":true,"href":"https:\/\/coworkdigital.com.ar\/hcd\/wp-json\/wp\/v2\/users\/1"}],"replies":[{"embeddable":true,"href":"https:\/\/coworkdigital.com.ar\/hcd\/wp-json\/wp\/v2\/comments?post=4732"}],"version-history":[{"count":0,"href":"https:\/\/coworkdigital.com.ar\/hcd\/wp-json\/wp\/v2\/posts\/4732\/revisions"}],"wp:featuredmedia":[{"embeddable":true,"href":"https:\/\/coworkdigital.com.ar\/hcd\/wp-json\/wp\/v2\/media\/1020"}],"wp:attachment":[{"href":"https:\/\/coworkdigital.com.ar\/hcd\/wp-json\/wp\/v2\/media?parent=4732"}],"wp:term":[{"taxonomy":"category","embeddable":true,"href":"https:\/\/coworkdigital.com.ar\/hcd\/wp-json\/wp\/v2\/categories?post=4732"},{"taxonomy":"post_tag","embeddable":true,"href":"https:\/\/coworkdigital.com.ar\/hcd\/wp-json\/wp\/v2\/tags?post=4732"}],"curies":[{"name":"wp","href":"https:\/\/api.w.org\/{rel}","templated":true}]}}