{"id":4738,"date":"2013-06-04T11:40:18","date_gmt":"2013-06-04T11:40:18","guid":{"rendered":"http:\/\/www.rivadaviamendoza.gob.ar\/hcd\/?p=4738"},"modified":"2013-06-04T11:40:18","modified_gmt":"2013-06-04T11:40:18","slug":"resolucion-10-2013","status":"publish","type":"post","link":"https:\/\/coworkdigital.com.ar\/hcd\/resolucion-10-2013\/","title":{"rendered":"Resoluci\u00f3n 10-2013"},"content":{"rendered":"<p style=\"text-align: center;\"><strong><img fetchpriority=\"high\" decoding=\"async\" class=\"wp-image-1054 aligncenter\" src=\"http:\/\/rd.gov.ar\/wp4\/wp-content\/uploads\/2017\/02\/encabezado-300x60.jpg\" sizes=\"(max-width: 669px) 100vw, 669px\" srcset=\"http:\/\/www.rivadaviamendoza.gob.ar\/hcd\/wp-content\/uploads\/2017\/02\/encabezado-300x60.jpg 300w, http:\/\/www.rivadaviamendoza.gob.ar\/hcd\/wp-content\/uploads\/2017\/02\/encabezado-768x153.jpg 768w, http:\/\/www.rivadaviamendoza.gob.ar\/hcd\/wp-content\/uploads\/2017\/02\/encabezado-1024x203.jpg 1024w\" alt=\"\" width=\"669\" height=\"134\" \/><\/strong><\/p>\n<p style=\"text-align: center;\"><strong>RESOLUCION N\u00ba 010\/13<\/strong><\/p>\n<p style=\"text-align: justify;\"><strong>VISTO:<\/strong><br \/>\nQue el pr\u00f3ximo 13 de junio la Escuela N\u00ba 1-179 \u201cBautista Ger\u00f3nimo Gargantini\u201d, del distrito Los Campamentos, cumple su primer Centenario de vida Institucional (1913-2013)\u201d, y<\/p>\n<p style=\"text-align: justify;\"><strong>CONSIDERANDO:<\/strong><br \/>\nQue dicho acontecimiento planta un jal\u00f3n m\u00e1s en la historia de la educaci\u00f3n de Rivadavia, de la provincia de Mendoza y de la Argentina, si tenemos en cuenta que la Escuela Gargantini naci\u00f3 como establecimiento educacional creado por el Gobierno de Mendoza; luego pas\u00f3 a la \u00f3rbita nacional como Escuela N\u00ba 90 de Gargantini, dependiendo del Consejo Nacional de Educaci\u00f3n hasta el mes de julio de 1978, momento en que volvi\u00f3 al seno del Ministerio de Cultura y Educaci\u00f3n de nuestra Provincia. A partir de entonces, cobra administrativamente la denominaci\u00f3n N\u00ba 1-179 \u201cBautista Ger\u00f3nimo Gargantini\u201d.<br \/>\nActualmente, desarrolla sus actividades en un moderno y c\u00f3modo edificio nuevo\u00a0 inaugurado el 10 de setiembre de 2008 y ubicado en calle Juan Manuel Fangio s\/n, del Barrio Tittarelli, de Los Campamentos. Hasta dicha fecha, y durante varios a\u00f1os, prest\u00f3 su servicio educacional en un edificio erigido para tal fin, sobre carril Florida, en un predio perteneciente a una de las empresas m\u00e1s pujantes del Pa\u00eds en el siglo pasado: Bodegas y Vi\u00f1edos Gargantini.<br \/>\nLa familia Gargantini no s\u00f3lo se destac\u00f3 por el notable quehacer de su establecimiento vitivin\u00edcola y oliv\u00edcola con proyecci\u00f3n local, nacional e internacional, sino por su generoso y desinteresado compromiso con la comunidad de toda la comarca rivadaviense y mendocina. Supo brindar envidiable y ejemplar contenci\u00f3n, atenci\u00f3n y promoci\u00f3n a sus obreros y empleados en todos los \u00f3rdenes de sus vidas: tanto en lo laboral como asistencial y sanitario, social, habitacional, cultural, deportivo, religioso y educacional. Fue una de las firmas que puso en marcha, casi cien a\u00f1os atr\u00e1s, lo que modernamente propician como \u201cresponsabilidad social empresarial\u201d. Otro hecho notable que responde a lo expresado, es que a fin de a\u00f1o otorgaba un reconocimiento monetario a cada uno de sus empleados: \u201cun regalo de Navidad\u201d. Con el correr del tiempo, esta iniciativa fue legalmente adoptada por administraciones\u00a0 gubernamentales y privadas.<br \/>\nLa centenaria Instituci\u00f3n creci\u00f3 y gan\u00f3 prestigio acad\u00e9mico en el coraz\u00f3n agroindustrial de Rivadavia. Es uno de los establecimientos educacionales m\u00e1s importantes de la zona rural Departamental. A sus aulas asisten ni\u00f1os provenientes no s\u00f3lo de su vecindad, sino de otros Distritos que la \u201celigen para hacer la primaria\u201d. Tambi\u00e9n, quienes fueron egresando de ella -henchidos de saberes y valores-\u00a0 pudieron recorrer los variados caminos que se proyectan para abrazar distintos oficios y profesiones. Digno ejemplo de lo se\u00f1alado, es el caso de su ex-alumno Diego Javier P\u00e9rez (promoci\u00f3n 1994) que hoy est\u00e1 culminando el Doctorado en F\u00edsica en el Instituto Balseiro, en\u00a0 Bariloche.<br \/>\nEn este a\u00f1o lectivo, la escuela presta servicio educacional a 383 alumnos, en dos turnos (ma\u00f1ana y tarde) agrupados en 19 secciones: dos salas de Jard\u00edn de 4 a\u00f1os de edad; dos salas de Jard\u00edn de 5 a\u00f1os de edad y 15 secciones de Primero a S\u00e9ptimo Grados. Trabaja con modalidad de Jornada Extendida, con Talleres de Teatro y Danza y est\u00e1 poniendo en marcha el Aula Virtual M\u00f3vil (Programa auspiciado por el Gobierno Escolar Nacional).<br \/>\nEs plausible destacar la <strong>\u201cAgenda Para Construir el Centenario de Nuestra Escuela\u201d<\/strong>, interesante y singular iniciativa impulsada por su Comunidad Educativa. La misma, est\u00e1 centrada en una serie de actividades tendientes a recrear y homenajear sus primeros 100 a\u00f1os de existencia. Dicha Agenda se abri\u00f3 el 25 de Mayo pr\u00f3ximo pasado, con el Acto Oficial Departamental que incluy\u00f3 un solemne Ted\u00e9um oficiado en la capilla Nuestra Se\u00f1ora del Olivo. Asistieron al Acto Escolar un gran n\u00famero de delegaciones de Escuelas del Departamento, Autoridades e invitados especiales, padres y vecinos. El mismo, culmin\u00f3 con un nutrido Desfile C\u00edvico del que participaron las Escuelas presentes, Jardines Maternales, Entidades Deportivas y Sociales que contagiaron profundo fervor patri\u00f3tico a la masiva concurrencia vecinal.<br \/>\nLas actividades previstas en la mencionada Agenda continuar\u00e1n desarroll\u00e1ndose durante los meses de julio, agosto y setiembre para cerrar el \u00faltimo cap\u00edtulo el pr\u00f3ximo 11 de Octubre con el Acto Central del Centenario.<br \/>\nIndudablemente, estamos frente a un acontecimiento local que re\u00fane las caracter\u00edsticas propias de hecho hist\u00f3rico relevante en materia socio cultural, motivo por el cual es oportuno y v\u00e1lido declararlo de Inter\u00e9s Departamental, como as\u00ed mismo sugerirle al Gobierno Escolar de Mendoza que proceda a homologarlo a nivel Provincial.<\/p>\n<p style=\"text-align: justify;\"><strong>POR ELLO:<\/strong><br \/>\nEl\u00a0 Honorable Concejo Deliberante de Rivadavia, Mendoza, y en uso de sus facultades:<\/p>\n<p style=\"text-align: center;\"><strong>RESUELVE<\/strong><\/p>\n<p style=\"text-align: justify;\"><strong>Art\u00edculo 1\u00ba:<\/strong> Declarar de Inter\u00e9s Departamental los Actos de Conmemoraci\u00f3n\u00a0 del Centenario de la Escuela N\u00ba 1-179 \u201cBautista Ger\u00f3nimo Gargantini\u201d, del distrito Los Campamentos, de Rivadavia.<\/p>\n<p style=\"text-align: justify;\"><strong>Art\u00edculo 2\u00ba:<\/strong> Conferir al citado Establecimiento Educacional un Reconocimiento Institucional.<\/p>\n<p style=\"text-align: justify;\"><strong>Art\u00edculo 3\u00ba:<\/strong> Remitir copia de la presente pieza legal a la Direcci\u00f3n General de Escuelas, a los efectos de que contemple la viabilidad de declarar de Inter\u00e9s Provincial tal acontecimiento.<\/p>\n<p style=\"text-align: justify;\"><strong>Art\u00edculo 4\u00ba:<\/strong> Remitir copia de la presente pieza legal a la Supervisora de la Secci\u00f3n 27, se\u00f1ora Ema Pessina y a las Autoridades de la Escuela mencionada.<\/p>\n<p style=\"text-align: justify;\"><strong>Art\u00edculo 5\u00ba:<\/strong> Comun\u00edquese al Departamento Ejecutivo a sus efectos, e ins\u00e9rtese en el Libro de Resoluciones de este Cuerpo.<\/p>\n<p style=\"text-align: justify;\">Dada en la Sala de Sesiones \u201cBandera Nacional Argentina\u201d, del Honorable Concejo Deliberante de Rivadavia, Mendoza, a los 04 d\u00edas del mes de junio de 2013.<\/p>\n<table>\n<tbody>\n<tr>\n<td style=\"text-align: center;\">ORLANDO JAVIER RODRIGUEZ<\/td>\n<td style=\"text-align: center;\">FLORINDA SEOANE<\/td>\n<\/tr>\n<tr>\n<td style=\"text-align: center;\">SECRETARIO H.C.D.<\/td>\n<td style=\"text-align: center;\">PRESIDENTA H.C.D.<\/td>\n<\/tr>\n<\/tbody>\n<\/table>\n<p style=\"text-align: right;\">Cpde. Expte. N\u00ba 2013-00136-3<\/p>\n","protected":false},"excerpt":{"rendered":"<p>RESOLUCION N\u00ba 010\/13 VISTO: Que el pr\u00f3ximo 13 de junio la Escuela N\u00ba 1-179 \u201cBautista Ger\u00f3nimo Gargantini\u201d, del distrito Los Campamentos, cumple su primer Centenario de vida Institucional (1913-2013)\u201d, y CONSIDERANDO: Que dicho acontecimiento planta un jal\u00f3n m\u00e1s en la historia de la educaci\u00f3n de Rivadavia, de la provincia de Mendoza y de la Argentina, [&hellip;]<\/p>\n","protected":false},"author":1,"featured_media":1020,"comment_status":"closed","ping_status":"closed","sticky":false,"template":"","format":"standard","meta":{"_acf_changed":false,"footnotes":""},"categories":[65],"tags":[],"class_list":["post-4738","post","type-post","status-publish","format-standard","has-post-thumbnail","hentry","category-resoluciones"],"acf":[],"_links":{"self":[{"href":"https:\/\/coworkdigital.com.ar\/hcd\/wp-json\/wp\/v2\/posts\/4738","targetHints":{"allow":["GET"]}}],"collection":[{"href":"https:\/\/coworkdigital.com.ar\/hcd\/wp-json\/wp\/v2\/posts"}],"about":[{"href":"https:\/\/coworkdigital.com.ar\/hcd\/wp-json\/wp\/v2\/types\/post"}],"author":[{"embeddable":true,"href":"https:\/\/coworkdigital.com.ar\/hcd\/wp-json\/wp\/v2\/users\/1"}],"replies":[{"embeddable":true,"href":"https:\/\/coworkdigital.com.ar\/hcd\/wp-json\/wp\/v2\/comments?post=4738"}],"version-history":[{"count":0,"href":"https:\/\/coworkdigital.com.ar\/hcd\/wp-json\/wp\/v2\/posts\/4738\/revisions"}],"wp:featuredmedia":[{"embeddable":true,"href":"https:\/\/coworkdigital.com.ar\/hcd\/wp-json\/wp\/v2\/media\/1020"}],"wp:attachment":[{"href":"https:\/\/coworkdigital.com.ar\/hcd\/wp-json\/wp\/v2\/media?parent=4738"}],"wp:term":[{"taxonomy":"category","embeddable":true,"href":"https:\/\/coworkdigital.com.ar\/hcd\/wp-json\/wp\/v2\/categories?post=4738"},{"taxonomy":"post_tag","embeddable":true,"href":"https:\/\/coworkdigital.com.ar\/hcd\/wp-json\/wp\/v2\/tags?post=4738"}],"curies":[{"name":"wp","href":"https:\/\/api.w.org\/{rel}","templated":true}]}}