{"id":4740,"date":"2013-05-28T12:15:56","date_gmt":"2013-05-28T12:15:56","guid":{"rendered":"http:\/\/www.rivadaviamendoza.gob.ar\/hcd\/?p=4740"},"modified":"2013-05-28T12:15:56","modified_gmt":"2013-05-28T12:15:56","slug":"resolucion-09-2013","status":"publish","type":"post","link":"https:\/\/coworkdigital.com.ar\/hcd\/resolucion-09-2013\/","title":{"rendered":"Resoluci\u00f3n 09-2013"},"content":{"rendered":"<p style=\"text-align: center;\"><strong><img fetchpriority=\"high\" decoding=\"async\" class=\"wp-image-1054 aligncenter\" src=\"http:\/\/rd.gov.ar\/wp4\/wp-content\/uploads\/2017\/02\/encabezado-300x60.jpg\" sizes=\"(max-width: 669px) 100vw, 669px\" srcset=\"http:\/\/www.rivadaviamendoza.gob.ar\/hcd\/wp-content\/uploads\/2017\/02\/encabezado-300x60.jpg 300w, http:\/\/www.rivadaviamendoza.gob.ar\/hcd\/wp-content\/uploads\/2017\/02\/encabezado-768x153.jpg 768w, http:\/\/www.rivadaviamendoza.gob.ar\/hcd\/wp-content\/uploads\/2017\/02\/encabezado-1024x203.jpg 1024w\" alt=\"\" width=\"669\" height=\"134\" \/><\/strong><\/p>\n<p style=\"text-align: center;\"><strong>RESOLUCI\u00d3N N\u00ba 09-13<\/strong><\/p>\n<p style=\"text-align: justify;\"><strong>VISTO:<br \/>\n<\/strong>La relevancia cultural que ostenta el Grupo \u201cCarill\u00f3n\u201d de escritores y poetas de la Asociaci\u00f3n de Educadores de Rivadavia, y<\/p>\n<p style=\"text-align: justify;\"><strong>CONSIDERANDO:<\/strong><br \/>\nQue la mencionada Entidad literaria constituye un pilar fundamental en el andamiaje cultural de nuestro Departamento, no s\u00f3lo por su amplia presencia en el seno de la comunidad local, sino por despliegue que desarrolla en innumerables escenarios de la Provincia, del Pa\u00eds y del Mundo.<br \/>\nSu partida de nacimiento se remonta al 16 de julio de 1996, cuando las se\u00f1oras Eves Villarreal de Capone y Hortensia Alonso de Sliba gestan una agrupaci\u00f3n de escritores y poetas de Rivadavia, que vio la luz el 4 de diciembre de ese a\u00f1o bajo el nombre de Grupo <strong>\u201cCarill\u00f3n\u201d<\/strong> de\u00a0 escritores y poetas\u00a0 de Rivadavia, dependiendo de la Asociaci\u00f3n de Educadores Jubilados de nuestro Departamento.<br \/>\n\u201cCarill\u00f3n\u201d es una palabra francesa que significa <strong>\u201cconjunto de campanas acordadas que replican ejecutando una melod\u00eda\u201d<\/strong>.<br \/>\n\u201cCarill\u00f3n\u201d, recibe constantemente invitaciones de distintas instituciones de nuestro medio y de la Provincia para participar de eventos, exposiciones de sus obras o para dar conferencias. Adem\u00e1s, sus integrantes han intervenido individualmente en diversos concursos literarios a nivel provincial, nacional e internacional, ganando m\u00faltiples premios o reconocimientos. Conforman parte de su producci\u00f3n, los siguientes libros de poes\u00eda y prosa: \u201cVoces de Carill\u00f3n\u201d (1999); \u201cFlorilegio Sanmartiniano\u201d (2001); \u201cEcos de Carill\u00f3n\u201d (2003); \u201cRoc\u00edo de Amor\u201d (2006); \u201cCuando Vibra el Coraz\u00f3n\u201d (2008) y \u201cLatidos en Vuelo\u201d (Antolog\u00eda de sus quince a\u00f1os de existencia, 2012).<br \/>\nEn el mes de abril de 1997 naci\u00f3 el primer ejemplar artesanal del Grupo, bajo el nombre \u201cLos Poetas de Rivadavia, le Cantan a Su Tierra\u201d. El 22 de agosto de ese a\u00f1o \u201cCarill\u00f3n\u201d publica el primer ejemplar de su Revista \u201cEstro Rivadaviense\u201d (estro, es una palabra latina que significa en su primera acepci\u00f3n, \u201cest\u00edmulo ardiente y eficaz con que se inflaman los artistas y poetas capaces de sentido, al componer una obra\u201d). Esta publicaci\u00f3n comenz\u00f3 a rodar en forma mensual, luego bimestralmente y, en estos tiempos, en forma trimestral debido a razones de \u00edndole econ\u00f3mica. \u201cEstro Rivadaviense\u201d es conocida por casi todas las Provincias de nuestro Pa\u00eds, como as\u00ed tambi\u00e9n en el extranjero: Israel, Cuba, EE.UU., Colombia, Francia, Espa\u00f1a, Islas Canarias, Venezuela, Chile y Brasil, etc.<br \/>\nDicha Revista, por su destacada trayectoria y por la calidad de sus contenidos literariosculturales ha recibido significativos reconocimientos, a saber:<br \/>\n&#8211; Mediante Resoluci\u00f3n N\u00ba 1.655\/2007, Declarada de Inter\u00e9s de la Honorable C\u00e1mara de Diputados de la Provincia.<br \/>\n&#8211; Mediante Declaraci\u00f3n N\u00ba 18\/2007, Declarada de Inter\u00e9s Educativo-Cultural\u00a0 Departamental por el Honorable Concejo Deliberante de Rivadavia.<br \/>\n&#8211; Mediante Resoluci\u00f3n N\u00ba 0527\/2008, Declarada de Inter\u00e9s por la Direcci\u00f3n General de Escuelas de la Provincia de Mendoza.<br \/>\n&#8211; Mediante Resoluci\u00f3n N\u00ba 2.044\/2009, Declarada de Inter\u00e9s Cultural\u2013Provincial, por la Secretar\u00eda de Cultura de la Provincia de Mendoza.<br \/>\nRegido por una reglamentaci\u00f3n consensuada por sus integrantes, el Grupo \u201cCarill\u00f3n\u201d se re\u00fane todos los martes por la tarde en las instalaciones del Club Agust\u00edn \u00c1lvarez de nuestra Ciudad. Tiene abiertas las puertas a aquellas personas inclinadas a todos los g\u00e9neros literarios.<br \/>\nHabida cuenta de que estamos frente a una prestigiosa Instituci\u00f3n departamental que podemos exhibirla, en su g\u00e9nero, como en pocos lugares de la Provincia y del Pa\u00eds ocurre, y que su fecunda y profusa producci\u00f3n literaria enorgullece a todos los rivadavienses a trav\u00e9s de sus casi diecisiete a\u00f1os de existencia, estimamos justo y oportuno brindarle a cada uno de sus integrantes el reconocimiento de este Honorable Cuerpo.<\/p>\n<p style=\"text-align: justify;\"><strong>POR ELLO:<br \/>\n<\/strong>El Honorable Concejo Deliberante de Rivadavia, Mendoza, y en uso de sus facultades:<\/p>\n<p style=\"text-align: center;\"><strong>RESUELVE<\/strong><\/p>\n<p style=\"text-align: justify;\"><strong>Art\u00edculo 1\u00ba:<\/strong> Conferir un Reconocimiento Institucional a cada uno de los integrantes del\u00a0\u00a0\u00a0\u00a0 Grupo \u201cCarill\u00f3n\u201d de Escritores y Poetas de la Asociaci\u00f3n de Educadores de Rivadavia, a saber:<\/p>\n<table>\n<tbody>\n<tr>\n<td>Presidente de la Asociaci\u00f3n<\/td>\n<td>Ana Raquel Genco<\/td>\n<\/tr>\n<tr>\n<td>Presidente del Grupo<\/td>\n<td>Rub\u00e9n Chaves Canciani<\/td>\n<\/tr>\n<tr>\n<td>Vicepresidente<\/td>\n<td>Carmen Di C\u00e9sare de Daparo<\/td>\n<\/tr>\n<tr>\n<td>Secretaria de Actas<\/td>\n<td>Julia Elena Funes de Amad<\/td>\n<\/tr>\n<tr>\n<td>Tesorero<\/td>\n<td>Amor Pablo Gim\u00e9nez<\/td>\n<\/tr>\n<tr>\n<td>Miembros de Grupo \u201cCarill\u00f3n\u201d<\/td>\n<td>Mar\u00eda Elena Papa de Moreno<\/td>\n<\/tr>\n<tr>\n<td><\/td>\n<td>Fanny P\u00e9rez \u00dabeda<\/td>\n<\/tr>\n<tr>\n<td><\/td>\n<td>Silvia Liz\u00e1rraga de Valot<\/td>\n<\/tr>\n<tr>\n<td><\/td>\n<td>Nelly Dalmasso de Baldo<\/td>\n<\/tr>\n<tr>\n<td><\/td>\n<td>Olga Gusberti de Sanjuan<\/td>\n<\/tr>\n<tr>\n<td><\/td>\n<td>Eva Crastore<\/td>\n<\/tr>\n<tr>\n<td><\/td>\n<td>Marcela Varela<\/td>\n<\/tr>\n<tr>\n<td><\/td>\n<td>Laura Rosa Leyes de Gelvez<\/td>\n<\/tr>\n<tr>\n<td><\/td>\n<td>Rodolfo Cassino<\/td>\n<\/tr>\n<tr>\n<td><\/td>\n<td>Juan de la Cruz Moreno<\/td>\n<\/tr>\n<tr>\n<td><\/td>\n<td>Mar\u00eda Aurora Castillo<\/td>\n<\/tr>\n<tr>\n<td><\/td>\n<td>Carlitos Ram\u00edrez<\/td>\n<\/tr>\n<tr>\n<td><\/td>\n<td>Liliana Ali<\/td>\n<\/tr>\n<tr>\n<td><\/td>\n<td>Eduardo Suarez<\/td>\n<\/tr>\n<tr>\n<td><\/td>\n<td>Mar\u00eda Marta Mart\u00ednez<\/td>\n<\/tr>\n<tr>\n<td><\/td>\n<td>Enrique Guevara<\/td>\n<\/tr>\n<tr>\n<td><\/td>\n<td>Eduardo Enrique \u201cDady\u201d Lucero<\/td>\n<\/tr>\n<tr>\n<td><\/td>\n<td>Vicente Eduardo Torres<\/td>\n<\/tr>\n<tr>\n<td><\/td>\n<td>Saturnino Ort\u00edz<\/td>\n<\/tr>\n<tr>\n<td>Miembro de Honor<\/td>\n<td>Hortensia Alonso<\/td>\n<\/tr>\n<\/tbody>\n<\/table>\n<p style=\"text-align: justify;\"><strong>Art\u00edculo 2\u00ba:<\/strong> Enviar copia de la presente pieza legal a las personas mencionadas en el art\u00edculo Precedente y a la Direcci\u00f3n de Cultura de la Municipalidad de Rivadavia.<\/p>\n<p style=\"text-align: justify;\"><strong>Art\u00edculo 3\u00ba:<\/strong> Comun\u00edquese al Departamento Ejecutivo a sus efectos e ins\u00e9rtese en el Libro de Resoluciones de este Cuerpo.<\/p>\n<p style=\"text-align: justify;\">Dada en la Sala de Sesiones Bandera Nacional Argentina del Honorable Concejo Deliberante de Rivadavia, Mendoza, a los 28 d\u00edas del mes de mayo de 2013.<\/p>\n<table>\n<tbody>\n<tr>\n<td style=\"text-align: center;\">ORLANDO JAVIER RODRIGUEZ<\/td>\n<td style=\"text-align: center;\">FLORINDA SEOANE<\/td>\n<\/tr>\n<tr>\n<td style=\"text-align: center;\">SECRETARIO H.C.D.<\/td>\n<td style=\"text-align: center;\">PRESIDENTA H.C.D.<\/td>\n<\/tr>\n<\/tbody>\n<\/table>\n<p style=\"text-align: right;\">Cpde. Expte. N\u00ba 2013-00113-2 H.C.D.<\/p>\n","protected":false},"excerpt":{"rendered":"<p>RESOLUCI\u00d3N N\u00ba 09-13 VISTO: La relevancia cultural que ostenta el Grupo \u201cCarill\u00f3n\u201d de escritores y poetas de la Asociaci\u00f3n de Educadores de Rivadavia, y CONSIDERANDO: Que la mencionada Entidad literaria constituye un pilar fundamental en el andamiaje cultural de nuestro Departamento, no s\u00f3lo por su amplia presencia en el seno de la comunidad local, sino [&hellip;]<\/p>\n","protected":false},"author":1,"featured_media":1020,"comment_status":"closed","ping_status":"closed","sticky":false,"template":"","format":"standard","meta":{"_acf_changed":false,"footnotes":""},"categories":[65],"tags":[],"class_list":["post-4740","post","type-post","status-publish","format-standard","has-post-thumbnail","hentry","category-resoluciones"],"acf":[],"_links":{"self":[{"href":"https:\/\/coworkdigital.com.ar\/hcd\/wp-json\/wp\/v2\/posts\/4740","targetHints":{"allow":["GET"]}}],"collection":[{"href":"https:\/\/coworkdigital.com.ar\/hcd\/wp-json\/wp\/v2\/posts"}],"about":[{"href":"https:\/\/coworkdigital.com.ar\/hcd\/wp-json\/wp\/v2\/types\/post"}],"author":[{"embeddable":true,"href":"https:\/\/coworkdigital.com.ar\/hcd\/wp-json\/wp\/v2\/users\/1"}],"replies":[{"embeddable":true,"href":"https:\/\/coworkdigital.com.ar\/hcd\/wp-json\/wp\/v2\/comments?post=4740"}],"version-history":[{"count":0,"href":"https:\/\/coworkdigital.com.ar\/hcd\/wp-json\/wp\/v2\/posts\/4740\/revisions"}],"wp:featuredmedia":[{"embeddable":true,"href":"https:\/\/coworkdigital.com.ar\/hcd\/wp-json\/wp\/v2\/media\/1020"}],"wp:attachment":[{"href":"https:\/\/coworkdigital.com.ar\/hcd\/wp-json\/wp\/v2\/media?parent=4740"}],"wp:term":[{"taxonomy":"category","embeddable":true,"href":"https:\/\/coworkdigital.com.ar\/hcd\/wp-json\/wp\/v2\/categories?post=4740"},{"taxonomy":"post_tag","embeddable":true,"href":"https:\/\/coworkdigital.com.ar\/hcd\/wp-json\/wp\/v2\/tags?post=4740"}],"curies":[{"name":"wp","href":"https:\/\/api.w.org\/{rel}","templated":true}]}}