{"id":4752,"date":"2013-03-05T13:40:56","date_gmt":"2013-03-05T13:40:56","guid":{"rendered":"http:\/\/www.rivadaviamendoza.gob.ar\/hcd\/?p=4752"},"modified":"2013-03-05T13:40:56","modified_gmt":"2013-03-05T13:40:56","slug":"resolucion-03-2013","status":"publish","type":"post","link":"https:\/\/coworkdigital.com.ar\/hcd\/resolucion-03-2013\/","title":{"rendered":"Resoluci\u00f3n 03-2013"},"content":{"rendered":"<p style=\"text-align: center;\"><strong><img fetchpriority=\"high\" decoding=\"async\" class=\"wp-image-1054 aligncenter\" src=\"http:\/\/rd.gov.ar\/wp4\/wp-content\/uploads\/2017\/02\/encabezado-300x60.jpg\" sizes=\"(max-width: 669px) 100vw, 669px\" srcset=\"http:\/\/www.rivadaviamendoza.gob.ar\/hcd\/wp-content\/uploads\/2017\/02\/encabezado-300x60.jpg 300w, http:\/\/www.rivadaviamendoza.gob.ar\/hcd\/wp-content\/uploads\/2017\/02\/encabezado-768x153.jpg 768w, http:\/\/www.rivadaviamendoza.gob.ar\/hcd\/wp-content\/uploads\/2017\/02\/encabezado-1024x203.jpg 1024w\" alt=\"\" width=\"669\" height=\"134\" \/><\/strong><\/p>\n<p style=\"text-align: center;\"><strong>RESOLUCION N\u00ba 03-13<\/strong><\/p>\n<p style=\"text-align: justify;\"><strong>VISTO:<\/strong><br \/>\nLa importancia que reviste la Conmemoraci\u00f3n del D\u00eda Internacional de la Mujer, y<\/p>\n<p style=\"text-align: justify;\"><strong>CONSIDERANDO:<\/strong><br \/>\nQue uno de los firmes pilares del devenir de la Humanidad, lo constituyen las mujeres: procreadoras, dadoras de vida y formadoras de sucesivas generaciones.<br \/>\nQue es invalorable el aporte femenino al desarrollo socioecon\u00f3mico y cultural en todos los rincones del planeta y, como consecuencia, en nuestro Departamento, cuyo progreso a lo largo de su historia est\u00e1 fundado en el quehacer de laboriosas manos de mujer.<br \/>\nQue nuestras cong\u00e9neres rivadavienses han dado muestras cabales de coraje, trabajo, participaci\u00f3n, cooperaci\u00f3n, creatividad, destrezas, habilidades y compromiso. Prueba de lo expresado, lo constituyen un sinn\u00famero de madres ejemplares, de esforzadas obreras en todos los rubros de la geograf\u00eda departamental; de educadoras, deportistas, artistas, poetas, escritoras, profesionales y silenciosas empleadas dom\u00e9sticas y de comercio; integrantes de ONGs. y vecinas siempre dispuestas a dar sus manos y su tiempo a quienes padecen necesidades.<br \/>\nLa Fundaci\u00f3n CONIN es una Entidad que se dedica, solidariamente, a desarrollar programas de acci\u00f3n y prevenci\u00f3n tendientes a mejorar los niveles y la calidad de la nutrici\u00f3n de la poblaci\u00f3n en riesgo de nuestro Departamento.<br \/>\nEn ese marco de acciones, nace el Proyecto \u201cHuerta Comunitaria\u201d con el objeto de que las familias se vuelquen a las tareas propias de la horticultura, gui\u00e1ndolas en los conocimientos para el aprovechamiento del suelo, del agua y de otros recursos naturales que le permitan luego aplicarlos en su vida y n\u00facleo familiares, para producir y consumir alimentos que permiten mejoras en su dieta y calidad alimenticia.<br \/>\nResponsable del Proyecto mencionado es la joven (apenas 25 a\u00f1os de edad) Marianela Nu\u00f1ez, egresada de la Escuela \u201cProfesor Francisco Humberto Tolosa\u201d, de esta Ciudad y Licenciada en Psicolog\u00eda. Ella tiene a su cargo el asesoramiento y acompa\u00f1amiento psicol\u00f3gico de ni\u00f1os y de sus respectivas familias en situaciones de riesgo; adem\u00e1s de la coordinaci\u00f3n de Talleres- Encuentros destinados a madres e hijos para propiciar la estimulaci\u00f3n temprana.<br \/>\nMarianela Nu\u00f1ez ha realizado tareas profesionales en establecimientos educacionales y ha participado en Congresos, Exposiciones, Charlas, Jornadas, Cursos y Conferencias que le han permitido adquirir nuevos conocimientos para aplicarlos en su desinteresada labor hacia la comunidad. Notablemente, este capital de sabidur\u00eda adquirida est\u00e1 cargado de real y verdadero esp\u00edritu solidario.<br \/>\nSeg\u00fan lo expuesto, claramente estamos frente a una joven mujer con un humanitario camino recorrido poco visto en estos tiempos\u2026 y, tiene mucho por entregar a sus semejantes, motivos por los cuales ser\u00eda plausible que este Honorable Concejo Deliberante le confiriera un reconocimiento Institucional en el D\u00eda Internacional de la Mujer.<\/p>\n<p style=\"text-align: justify;\"><strong>POR ELLO:<br \/>\n<\/strong>El Honorable Concejo Deliberante de Rivadavia, Mendoza y en uso de sus facultades:<\/p>\n<p style=\"text-align: center;\"><strong>RESUELVE:<\/strong><\/p>\n<p style=\"text-align: justify;\"><strong>Art\u00edculo 1\u00ba:<\/strong> Conferir un reconocimiento Institucional, en el D\u00eda Internacional de la Mujer 2013, a la se\u00f1orita Marianela Nu\u00f1ez: gestora y responsable del Proyecto \u201cHuerta Comunitaria\u201d que impulsa la Fundaci\u00f3n CONIN Rivadavia.<\/p>\n<p style=\"text-align: justify;\"><strong>Art\u00edculo 2\u00ba:<\/strong> Remitir copia de la presente pieza legal a las autoridades de la Fundaci\u00f3n CONIN Rivadavia.<\/p>\n<p style=\"text-align: justify;\"><strong>Art\u00edculo 3\u00ba:<\/strong> Comun\u00edquese al Departamento Ejecutivo, a sus efectos e ins\u00e9rtese en el Libro de Resoluciones de este Cuerpo.<\/p>\n<p style=\"text-align: justify;\">Dada en la Sala de Sesiones Bandera Nacional Argentina, del Honorable Concejo Deliberante de Rivadavia, provincia de Mendoza, a los 05 d\u00edas del mes de marzo de 2013.<\/p>\n<table>\n<tbody>\n<tr>\n<td style=\"text-align: center;\">ORLANDO JAVIER RODRIGUEZ<\/td>\n<td style=\"text-align: center;\">FLORINDA SEOANE<\/td>\n<\/tr>\n<tr>\n<td style=\"text-align: center;\">SECRETARIO H.C.D.<\/td>\n<td style=\"text-align: center;\">PRESIDENTA H.C.D.<\/td>\n<\/tr>\n<\/tbody>\n<\/table>\n<p style=\"text-align: right;\">Cpde. Expte. N\u00ba 2013-00026-6 H.C.D.<\/p>\n","protected":false},"excerpt":{"rendered":"<p>RESOLUCION N\u00ba 03-13 VISTO: La importancia que reviste la Conmemoraci\u00f3n del D\u00eda Internacional de la Mujer, y CONSIDERANDO: Que uno de los firmes pilares del devenir de la Humanidad, lo constituyen las mujeres: procreadoras, dadoras de vida y formadoras de sucesivas generaciones. Que es invalorable el aporte femenino al desarrollo socioecon\u00f3mico y cultural en todos [&hellip;]<\/p>\n","protected":false},"author":1,"featured_media":1020,"comment_status":"closed","ping_status":"closed","sticky":false,"template":"","format":"standard","meta":{"_acf_changed":false,"footnotes":""},"categories":[65],"tags":[],"class_list":["post-4752","post","type-post","status-publish","format-standard","has-post-thumbnail","hentry","category-resoluciones"],"acf":[],"_links":{"self":[{"href":"https:\/\/coworkdigital.com.ar\/hcd\/wp-json\/wp\/v2\/posts\/4752","targetHints":{"allow":["GET"]}}],"collection":[{"href":"https:\/\/coworkdigital.com.ar\/hcd\/wp-json\/wp\/v2\/posts"}],"about":[{"href":"https:\/\/coworkdigital.com.ar\/hcd\/wp-json\/wp\/v2\/types\/post"}],"author":[{"embeddable":true,"href":"https:\/\/coworkdigital.com.ar\/hcd\/wp-json\/wp\/v2\/users\/1"}],"replies":[{"embeddable":true,"href":"https:\/\/coworkdigital.com.ar\/hcd\/wp-json\/wp\/v2\/comments?post=4752"}],"version-history":[{"count":0,"href":"https:\/\/coworkdigital.com.ar\/hcd\/wp-json\/wp\/v2\/posts\/4752\/revisions"}],"wp:featuredmedia":[{"embeddable":true,"href":"https:\/\/coworkdigital.com.ar\/hcd\/wp-json\/wp\/v2\/media\/1020"}],"wp:attachment":[{"href":"https:\/\/coworkdigital.com.ar\/hcd\/wp-json\/wp\/v2\/media?parent=4752"}],"wp:term":[{"taxonomy":"category","embeddable":true,"href":"https:\/\/coworkdigital.com.ar\/hcd\/wp-json\/wp\/v2\/categories?post=4752"},{"taxonomy":"post_tag","embeddable":true,"href":"https:\/\/coworkdigital.com.ar\/hcd\/wp-json\/wp\/v2\/tags?post=4752"}],"curies":[{"name":"wp","href":"https:\/\/api.w.org\/{rel}","templated":true}]}}