{"id":4760,"date":"2013-11-29T15:00:19","date_gmt":"2013-11-29T15:00:19","guid":{"rendered":"http:\/\/www.rivadaviamendoza.gob.ar\/hcd\/?p=4760"},"modified":"2013-11-29T15:00:19","modified_gmt":"2013-11-29T15:00:19","slug":"declaracion-29-2013","status":"publish","type":"post","link":"https:\/\/coworkdigital.com.ar\/hcd\/declaracion-29-2013\/","title":{"rendered":"Declaraci\u00f3n 29-2013"},"content":{"rendered":"<p style=\"text-align: center;\"><strong><img fetchpriority=\"high\" decoding=\"async\" class=\"wp-image-1054 aligncenter\" src=\"http:\/\/rd.gov.ar\/wp4\/wp-content\/uploads\/2017\/02\/encabezado-300x60.jpg\" sizes=\"(max-width: 669px) 100vw, 669px\" srcset=\"http:\/\/www.rivadaviamendoza.gob.ar\/hcd\/wp-content\/uploads\/2017\/02\/encabezado-300x60.jpg 300w, http:\/\/www.rivadaviamendoza.gob.ar\/hcd\/wp-content\/uploads\/2017\/02\/encabezado-768x153.jpg 768w, http:\/\/www.rivadaviamendoza.gob.ar\/hcd\/wp-content\/uploads\/2017\/02\/encabezado-1024x203.jpg 1024w\" alt=\"\" width=\"669\" height=\"134\" \/><\/strong><\/p>\n<p style=\"text-align: center;\"><strong>DECLARACION N\u00ba 29-13<\/strong><\/p>\n<p style=\"text-align: justify;\"><strong>VISTO:<br \/>\n<\/strong>Que\u00a0 el d\u00eda 15 de octubre se celebra el D\u00eda Internacional de los Bastones Blancos, y<\/p>\n<p style=\"text-align: justify;\"><strong> CONSIDERANDO:<\/strong><br \/>\nQue, la celebraci\u00f3n del D\u00eda Mundial del Bast\u00f3n Blanco representa una contribuci\u00f3n a la integraci\u00f3n de las personas discapacitadas visuales.<br \/>\nQue, el Bast\u00f3n Blanco es un instrumento que identifica a los ciegos y deficientes visuales que les permite desplazarse en forma aut\u00f3noma. Sus peculiares caracter\u00edsticas de dise\u00f1o y t\u00e9cnica de manejo facilitan el rastreo y detecci\u00f3n oportuna de obst\u00e1culos que se encuentran al ras del suelo.<br \/>\nQue, seg\u00fan cuentan los historiadores, en el mediod\u00eda del 22 de julio de 1921, Jos\u00e9 Mario Fall\u00f3tico vio a una persona: se trataba de un ciego\u00a0 que se encontraba esperando para cruzar en la esquina de la calle Medrano y Lezica de la Ciudad de Buenos Aires. Fall\u00f3tico ayud\u00f3 al discapacitado, pero qued\u00f3 obsesionado con una pregunta: \u00bfc\u00f3mo hacer para distinguir a un ciego y poder ayudarlo?.La idea sigui\u00f3 a este santafesino, que por aquel entonces viv\u00eda en el barrio de Flores en la Ciudad de Buenos Aires, hasta que dio con la soluci\u00f3n. Consult\u00f3 en la Biblioteca Argentina para ciegos: un bast\u00f3n blanco servir\u00eda para distinguirlo. Jos\u00e9 Fall\u00f3tico nunca patent\u00f3 su invento: fueron los estadounidenses quienes se adue\u00f1aron de la novedad.<br \/>\nEn el a\u00f1o 1925, la convenci\u00f3n Anual de la Asociaci\u00f3n de Leones cont\u00f3 con la presencia de Hellen Keller (se adjunta historial de su vida), qui\u00e9n sensibiliz\u00f3 a los presentes acerca de las dificultades que deb\u00eda afrontar a diario a causa de su sordo-ceguera.<br \/>\nDurante los primeros seis a\u00f1os de la d\u00e9cada de los treinta, fueron promulgadas diversas disposiciones legales encaminadas a garantizar el tr\u00e1nsito libre y seguro de los peatones ciegos. Por iniciativa del club de Leones de la Uni\u00f3n Americana, durante la celebraci\u00f3n de su Convenci\u00f3n Internacional, realizada en 1931 en Toronto, Canad\u00e1, el abogado Donald Shuur promovi\u00f3 el uso del Bast\u00f3n Blanco entre los faltos de vista, concebido un a\u00f1o atr\u00e1s por George A.<br \/>\nEl Presidente de dicha agrupaci\u00f3n filantr\u00f3pica, llev\u00f3 a cabo una intensa campa\u00f1a de informaci\u00f3n entre la ciudadan\u00eda sobre el apoyo vial a los ciegos, a la par de un programa de recaudaci\u00f3n de fondos para la adquisici\u00f3n de bastones que ser\u00edan donados a quienes as\u00ed lo requirieran; y tiempo despu\u00e9s en 1964, se instituy\u00f3 el 15 de octubre como el d\u00eda Mundial del Bast\u00f3n blanco.<br \/>\nUna vez concluida la Segunda Guerra Mundial, se desarrollaron las t\u00e9cnicas de movilidad y orientaci\u00f3n con el Bast\u00f3n blanco. Fue en el hospital de Veteranos de Pennsylvania, Estados Unidos, durante la realizaci\u00f3n de un programa de rehabilitaci\u00f3n para militares ciegos, donde el Director de Rehabilitaci\u00f3n F\u00edsica, Orientaci\u00f3n y Recreaci\u00f3n advirti\u00f3 que los carentes de vista se desplazaban con ayuda de bastones, que les serv\u00edan como apoyo, pero que les permit\u00eda anticipar los obst\u00e1culos que encontraban a su paso. De este modo, cre\u00f3 un bast\u00f3n liviano, con un tama\u00f1o sim\u00e9tricamente proporcional a la estatura media de la persona. Determin\u00f3 que fuera blanco, con la parte inferior de color rojo, convirti\u00e9ndose desde entonces en s\u00edmbolo universal de la independencia y libertad para el desplazamiento de las personas con discapacidad visual.<br \/>\nTiempo atr\u00e1s, los carentes del sentido de la vista, caminaban guiados por perros previamente entrenados para conducirlos sin tropiezos, y en otros casos, lo hac\u00edan mediante rudimentarios bastones de madera, apoy\u00e1ndose en el brazo o el hombro generoso de una persona con vista. Este bast\u00f3n, generalmente se elabora con tubos de aluminio plegables entre s\u00ed, mediante un resorte con el\u00e1stico. En la parte superior, la empu\u00f1adura es de goma, lo cual permite tomarlo con soltura y mayor comodidad. En el extremo inferior tiene una puntilla con un deslizador met\u00e1lico rodante. \u00c9ste es m\u00e1s pr\u00e1ctico porque al doblarse generalmente en cuatro tramos, puede guardarse f\u00e1cilmente dentro del portafolio, mochila o en el caj\u00f3n del escritorio; mientras que el modelo r\u00edgido, si bien es m\u00e1s durable por su consistencia, muchas veces resulta inc\u00f3modo y poco funcional para la localizaci\u00f3n de obst\u00e1culos. Su tama\u00f1o debe llegar a la altura del estern\u00f3n, y la medida var\u00eda de acuerdo a la estatura. Hay bastones de 1.05, 1.10, 1.15 y 1.20 metros. En consecuencia, un bast\u00f3n corto no permite detectar a tiempo los obst\u00e1culos, origina esfuerzos innecesarios y maniobras incorrectas al momento del desplazamiento de la persona ciega, ocasionando fatiga, torpeza para caminar, trastornos musculares,\u00a0 e incluso ca\u00eddas y tropezones.<br \/>\nPor este motivo, se hace imprescindible adherir al D\u00eda Mundial de los Bastones Blancos y declararlo de Inter\u00e9s Departamental,\u00a0 con el fin de concientizar a la sociedad para que sea m\u00e1s justa, m\u00e1s democr\u00e1tico y equitativo, atendiendo de este modo la diversidad y la inclusi\u00f3n de todas las personas, en especial de las personas con discapacidad visual.<\/p>\n<p style=\"text-align: justify;\"><strong>POR ELLO:<br \/>\n<\/strong>El Honorable Concejo Deliberante de Rivadavia, Mendoza, y en uso de sus facultades:<\/p>\n<p style=\"text-align: center;\"><strong>DECLARA<\/strong><\/p>\n<p style=\"text-align: justify;\"><strong>Art\u00edculo 1\u00ba:<\/strong> Declarar de Inter\u00e9s Departamental al d\u00eda 15 de octubre \u201cD\u00eda Internacional de los Bastones Blancos\u201d, adhiriendo a la conmemoraci\u00f3n, instituido por la Federaci\u00f3n Internacional de Ciegos (International Federation of the Blind) y homenajear a su creador, al argentino Jos\u00e9 Mar\u00eda Fall\u00f3tico.<\/p>\n<p style=\"text-align: justify;\"><strong>Art\u00edculo 2\u00ba:<\/strong> Este Cuerpo Deliberativo, cada 15 de octubre propiciar\u00e1 una actividad relacionada con las personas no videntes del Departamento, en un acto de integraci\u00f3n humanitaria social.<\/p>\n<p style=\"text-align: justify;\"><strong>Art\u00edculo 3\u00ba:<\/strong> Remitir copia de la presente pieza legal al Ejecutivo provincial, a ambas C\u00e1maras de la Legislatura Provincial y a todos los Honorables Concejos Deliberantes de la Provincia.<\/p>\n<p style=\"text-align: justify;\"><strong>Art\u00edculo 4\u00ba:<\/strong> Comun\u00edquese al Departamento Ejecutivo a sus efectos, e ins\u00e9rtese en el Libro de Declaraciones de este Cuerpo.<\/p>\n<p style=\"text-align: justify;\">Dada en la Sala de Sesiones \u201cBandera Nacional Argentina\u201d, del Honorable Concejo Deliberante de Rivadavia, Mendoza, a los 29 d\u00edas del mes de noviembre de 2013.<\/p>\n<table>\n<tbody>\n<tr>\n<td style=\"text-align: center;\">ORLANDO JAVIER RODRIGUEZ<\/td>\n<td style=\"text-align: center;\">FLORINDA SEOANE<\/td>\n<\/tr>\n<tr>\n<td style=\"text-align: center;\">SECRETARIO H.C.D.<\/td>\n<td style=\"text-align: center;\">PRESIDENTA H.C.D.<\/td>\n<\/tr>\n<\/tbody>\n<\/table>\n<p style=\"text-align: right;\">Cpde. Expte. N\u00ba 2013-00256-9<\/p>\n","protected":false},"excerpt":{"rendered":"<p>DECLARACION N\u00ba 29-13 VISTO: Que\u00a0 el d\u00eda 15 de octubre se celebra el D\u00eda Internacional de los Bastones Blancos, y CONSIDERANDO: Que, la celebraci\u00f3n del D\u00eda Mundial del Bast\u00f3n Blanco representa una contribuci\u00f3n a la integraci\u00f3n de las personas discapacitadas visuales. Que, el Bast\u00f3n Blanco es un instrumento que identifica a los ciegos y deficientes [&hellip;]<\/p>\n","protected":false},"author":1,"featured_media":4276,"comment_status":"closed","ping_status":"closed","sticky":false,"template":"","format":"standard","meta":{"_acf_changed":false,"footnotes":""},"categories":[66],"tags":[],"class_list":["post-4760","post","type-post","status-publish","format-standard","has-post-thumbnail","hentry","category-declaraciones"],"acf":[],"_links":{"self":[{"href":"https:\/\/coworkdigital.com.ar\/hcd\/wp-json\/wp\/v2\/posts\/4760","targetHints":{"allow":["GET"]}}],"collection":[{"href":"https:\/\/coworkdigital.com.ar\/hcd\/wp-json\/wp\/v2\/posts"}],"about":[{"href":"https:\/\/coworkdigital.com.ar\/hcd\/wp-json\/wp\/v2\/types\/post"}],"author":[{"embeddable":true,"href":"https:\/\/coworkdigital.com.ar\/hcd\/wp-json\/wp\/v2\/users\/1"}],"replies":[{"embeddable":true,"href":"https:\/\/coworkdigital.com.ar\/hcd\/wp-json\/wp\/v2\/comments?post=4760"}],"version-history":[{"count":0,"href":"https:\/\/coworkdigital.com.ar\/hcd\/wp-json\/wp\/v2\/posts\/4760\/revisions"}],"wp:featuredmedia":[{"embeddable":true,"href":"https:\/\/coworkdigital.com.ar\/hcd\/wp-json\/wp\/v2\/media\/4276"}],"wp:attachment":[{"href":"https:\/\/coworkdigital.com.ar\/hcd\/wp-json\/wp\/v2\/media?parent=4760"}],"wp:term":[{"taxonomy":"category","embeddable":true,"href":"https:\/\/coworkdigital.com.ar\/hcd\/wp-json\/wp\/v2\/categories?post=4760"},{"taxonomy":"post_tag","embeddable":true,"href":"https:\/\/coworkdigital.com.ar\/hcd\/wp-json\/wp\/v2\/tags?post=4760"}],"curies":[{"name":"wp","href":"https:\/\/api.w.org\/{rel}","templated":true}]}}