{"id":4779,"date":"2013-08-27T12:00:50","date_gmt":"2013-08-27T12:00:50","guid":{"rendered":"http:\/\/www.rivadaviamendoza.gob.ar\/hcd\/?p=4779"},"modified":"2013-08-27T12:00:50","modified_gmt":"2013-08-27T12:00:50","slug":"declaracion-20-2013","status":"publish","type":"post","link":"https:\/\/coworkdigital.com.ar\/hcd\/declaracion-20-2013\/","title":{"rendered":"Declaraci\u00f3n 20-2013"},"content":{"rendered":"<p style=\"text-align: center;\"><strong><img fetchpriority=\"high\" decoding=\"async\" class=\"wp-image-1054 aligncenter\" src=\"http:\/\/rd.gov.ar\/wp4\/wp-content\/uploads\/2017\/02\/encabezado-300x60.jpg\" sizes=\"(max-width: 669px) 100vw, 669px\" srcset=\"http:\/\/www.rivadaviamendoza.gob.ar\/hcd\/wp-content\/uploads\/2017\/02\/encabezado-300x60.jpg 300w, http:\/\/www.rivadaviamendoza.gob.ar\/hcd\/wp-content\/uploads\/2017\/02\/encabezado-768x153.jpg 768w, http:\/\/www.rivadaviamendoza.gob.ar\/hcd\/wp-content\/uploads\/2017\/02\/encabezado-1024x203.jpg 1024w\" alt=\"\" width=\"669\" height=\"134\" \/><\/strong><\/p>\n<p style=\"text-align: center;\"><strong>DECLARACI\u00d3N N\u00ba 20<\/strong><\/p>\n<p style=\"text-align: justify;\"><strong>VISTO:<br \/>\n<\/strong>El proyecto de Ley presentado por la Juventud Peronista Azul, en la Honorable C\u00e1mara de Diputados de la Provincia de Mendoza, referido a la Ley provincial para la Juventud, y<\/p>\n<p style=\"text-align: justify;\"><strong>CONSIDERANDO:<\/strong><br \/>\nQue, el presente proyecto tiende a llenar un vac\u00edo legislativo, por cuanto nuestra Provincia no cuenta con una ley que regule los derechos, deberes y garant\u00edas de los j\u00f3venes.<br \/>\nQue, existen leyes provinciales como: Ley N\u00ba8.342 (fomento y promoci\u00f3n de proyectos empresariales j\u00f3venes); Ley N\u00ba6.444 (Ley de diversi\u00f3n nocturna); Ley N\u00ba8.296 (creaci\u00f3n subdirecci\u00f3n de control de eventos y locales de esparcimientos); Ley N\u00ba8.468 (instituye el d\u00eda 16 de setiembre como D\u00eda Provincial de la Juventud a ra\u00edz de la funesta noche del a\u00f1o 1976 en la que j\u00f3venes estudiantes fueron secuestrados y torturados por la \u00faltima dictadura c\u00edvico militar).<br \/>\nQue, el proyecto de ley presentado, toma como fuente normativa la Convenci\u00f3n Iberoamericana de los derechos de los j\u00f3venes, siendo necesario darles estabilidad institucional a las pol\u00edticas generadas en los \u00faltimos a\u00f1os y que han sido tan beneficiosas para los j\u00f3venes (pol\u00edticas de inclusi\u00f3n; fomento del primer empleo; oportunidades igualitarias en capacitaci\u00f3n profesional; recreaci\u00f3n; programas de salud; accesos a bienes art\u00edsticos y culturales, entre otras)<br \/>\nQue, este proyecto de Ley es de fundamental importancia, por cuanto se cumplir\u00eda con una reconocida lucha por obtener sus leg\u00edtimos derechos por el cual nuestros j\u00f3venes han bregado.<br \/>\nQue, este Honorable Concejo Deliberante ve con agrado que se trate debata y sancione con fuerza de ley, el proyecto de Ley presentado en la Honorable C\u00e1mara de Diputados de la provincia de Mendoza.<\/p>\n<p style=\"text-align: justify;\"><strong>POR ELLO:<\/strong><br \/>\nEl Honorable Concejo Deliberante de Rivadavia, Mendoza, y en uso de sus facultades.<\/p>\n<p style=\"text-align: center;\"><strong>DECLARA<\/strong><\/p>\n<p style=\"text-align: justify;\"><strong>Art\u00edculo 1\u00ba:<\/strong> El Honorable Concejo Deliberante de Rivadavia, provincia de Mendoza, adhiere en todas y cada una de sus partes al Proyecto de Ley presentado por la Juventud Peronista Azul, en la Honorable C\u00e1mara de Diputados de la provincia de Mendoza.<\/p>\n<p style=\"text-align: justify;\"><strong>Art\u00edculo 2\u00ba:<\/strong> Instar a todos los Honorables Concejos Deliberantes de la provincia de Mendoza, a la adhesi\u00f3n de lo\u00a0 normado en el Art\u00edculo 1\u00ba de la presente.<\/p>\n<p style=\"text-align: justify;\"><strong>Art\u00edculo 3\u00ba:<\/strong> Remitir copia de la presente pieza legal a todos los Honorable Concejos Deliberantes de la provincia de Mendoza, a la Honorable C\u00e1mara de Diputados de la provincia y a la Juventud Peronista Azul, para su conocimiento y dem\u00e1s efectos.<\/p>\n<p style=\"text-align: justify;\"><strong>Art\u00edculo 4\u00ba:<\/strong> Comun\u00edquese al Departamento Ejecutivo a sus efectos e ins\u00e9rtese en el Libro de Declaraciones de este Cuerpo.<\/p>\n<p style=\"text-align: justify;\">Dada en la Sala de Sesiones \u201cBandera Nacional Argentina\u201d del Honorable Concejo Deliberante de Rivadavia, Mendoza, a los 27 d\u00edas del mes de agosto de 2013.<\/p>\n<table>\n<tbody>\n<tr>\n<td style=\"text-align: center;\">ORLANDO JAVIER RODRIGUEZ<\/td>\n<td style=\"text-align: center;\">FLORINDA SEOANE<\/td>\n<\/tr>\n<tr>\n<td style=\"text-align: center;\">SECRETARIO H.C.D.<\/td>\n<td style=\"text-align: center;\">PRESIDENTA H.C.D.<\/td>\n<\/tr>\n<\/tbody>\n<\/table>\n<p style=\"text-align: right;\">Cpde. Expte. N\u00ba 2013-00058-9 H.C.D.<\/p>\n","protected":false},"excerpt":{"rendered":"<p>DECLARACI\u00d3N N\u00ba 20 VISTO: El proyecto de Ley presentado por la Juventud Peronista Azul, en la Honorable C\u00e1mara de Diputados de la Provincia de Mendoza, referido a la Ley provincial para la Juventud, y CONSIDERANDO: Que, el presente proyecto tiende a llenar un vac\u00edo legislativo, por cuanto nuestra Provincia no cuenta con una ley que [&hellip;]<\/p>\n","protected":false},"author":1,"featured_media":4276,"comment_status":"closed","ping_status":"closed","sticky":false,"template":"","format":"standard","meta":{"_acf_changed":false,"footnotes":""},"categories":[66],"tags":[],"class_list":["post-4779","post","type-post","status-publish","format-standard","has-post-thumbnail","hentry","category-declaraciones"],"acf":[],"_links":{"self":[{"href":"https:\/\/coworkdigital.com.ar\/hcd\/wp-json\/wp\/v2\/posts\/4779","targetHints":{"allow":["GET"]}}],"collection":[{"href":"https:\/\/coworkdigital.com.ar\/hcd\/wp-json\/wp\/v2\/posts"}],"about":[{"href":"https:\/\/coworkdigital.com.ar\/hcd\/wp-json\/wp\/v2\/types\/post"}],"author":[{"embeddable":true,"href":"https:\/\/coworkdigital.com.ar\/hcd\/wp-json\/wp\/v2\/users\/1"}],"replies":[{"embeddable":true,"href":"https:\/\/coworkdigital.com.ar\/hcd\/wp-json\/wp\/v2\/comments?post=4779"}],"version-history":[{"count":0,"href":"https:\/\/coworkdigital.com.ar\/hcd\/wp-json\/wp\/v2\/posts\/4779\/revisions"}],"wp:featuredmedia":[{"embeddable":true,"href":"https:\/\/coworkdigital.com.ar\/hcd\/wp-json\/wp\/v2\/media\/4276"}],"wp:attachment":[{"href":"https:\/\/coworkdigital.com.ar\/hcd\/wp-json\/wp\/v2\/media?parent=4779"}],"wp:term":[{"taxonomy":"category","embeddable":true,"href":"https:\/\/coworkdigital.com.ar\/hcd\/wp-json\/wp\/v2\/categories?post=4779"},{"taxonomy":"post_tag","embeddable":true,"href":"https:\/\/coworkdigital.com.ar\/hcd\/wp-json\/wp\/v2\/tags?post=4779"}],"curies":[{"name":"wp","href":"https:\/\/api.w.org\/{rel}","templated":true}]}}