{"id":4790,"date":"2013-06-25T14:07:12","date_gmt":"2013-06-25T14:07:12","guid":{"rendered":"http:\/\/www.rivadaviamendoza.gob.ar\/hcd\/?p=4790"},"modified":"2013-06-25T14:07:12","modified_gmt":"2013-06-25T14:07:12","slug":"declaracion-15-2013-2","status":"publish","type":"post","link":"https:\/\/coworkdigital.com.ar\/hcd\/declaracion-15-2013-2\/","title":{"rendered":"Declaraci\u00f3n 15-2013"},"content":{"rendered":"<p style=\"text-align: center;\"><strong><img fetchpriority=\"high\" decoding=\"async\" class=\"wp-image-1054 aligncenter\" src=\"http:\/\/rd.gov.ar\/wp4\/wp-content\/uploads\/2017\/02\/encabezado-300x60.jpg\" sizes=\"(max-width: 669px) 100vw, 669px\" srcset=\"http:\/\/www.rivadaviamendoza.gob.ar\/hcd\/wp-content\/uploads\/2017\/02\/encabezado-300x60.jpg 300w, http:\/\/www.rivadaviamendoza.gob.ar\/hcd\/wp-content\/uploads\/2017\/02\/encabezado-768x153.jpg 768w, http:\/\/www.rivadaviamendoza.gob.ar\/hcd\/wp-content\/uploads\/2017\/02\/encabezado-1024x203.jpg 1024w\" alt=\"\" width=\"669\" height=\"134\" \/><\/strong><\/p>\n<p style=\"text-align: center;\"><strong>DECLARACION N\u00ba 15-13<\/strong><\/p>\n<p style=\"text-align: justify;\"><strong>VISTO:<br \/>\n<\/strong>La relevancia cultural departamental que suscita la Jornada durante la cual el Doctor Ezequiel Ander-Egg ofrecer\u00e1 la Conferencia <strong>\u201cLa Importancia de la Cultura en la Planificaci\u00f3n Estrat\u00e9gica del Estado\u201d<\/strong>, y<\/p>\n<p style=\"text-align: justify;\"><strong>CONSIDERANDO:<\/strong><br \/>\nQue la presencia del Doctor Ezequiel Ander-Egg en Rivadavia, genera una singular expectativa en nuestros \u00e1mbitos educacionales y socioculturales, teniendo en cuenta la dilatada y vasta trayectoria del citado profesional.<br \/>\nA nadie escapa el valioso aporte brindado por Ander-Egg a innumerables alumnos, docentes, funcionarios e Instituciones locales, nacionales e internacionales, a trav\u00e9s de sus publicaciones, conferencias, consultor\u00edas, asesor\u00edas o en la c\u00e1tedra.<br \/>\nTeniendo en cuenta lo expresado, la Jornada organizada por el \u00c1rea de Educaci\u00f3n del Municipio, el Instituto de Formaci\u00f3n Docente y T\u00e9cnica de la Escuela N\u00ba 9-006 \u201cProfesor Francisco Humberto Tolosa\u201d y la Asociaci\u00f3n Argentina de actores, durante la cual ofrecer\u00e1 el Doctor Ezequiel Ander-Egg la Conferencia, <strong>\u201cLa Importancia de la Cultura en la Planificaci\u00f3n Estrat\u00e9gica del Estado\u201d<\/strong>, merece que sea\u00a0 resaltada y proclamada de Inter\u00e9s Departamental.<\/p>\n<p style=\"text-align: justify;\"><strong>POR ELLO:<\/strong><br \/>\nEl Honorable Concejo Deliberante de Rivadavia, Mendoza, y en uso de sus facultades:<\/p>\n<p style=\"text-align: center;\"><strong>DECLARA<\/strong><\/p>\n<p style=\"text-align: justify;\"><strong>Art\u00edculo 1\u00ba:<\/strong> Declarar de Inter\u00e9s Departamental la Jornada Organizada por el \u00c1rea de Educaci\u00f3n del Municipio, el Instituto de Formaci\u00f3n Docente y T\u00e9cnica de la Escuela N\u00ba 9-006 \u201cProfesor Francisco Humberto Tolosa\u201d y la Asociaci\u00f3n Argentina de Actores, por llevarse a cabo el 26 de los corrientes a las 14:30 en el Teatro \u201cLuis Encio Bianchi\u201d, durante la cual el Doctor Ezequiel Ander-Egg disertar\u00e1 sobre: <strong>\u201cLa Importancia de la Cultura en la Planificaci\u00f3n Estrat\u00e9gica del Estado\u201d<\/strong>.<\/p>\n<p style=\"text-align: justify;\"><strong>Art\u00edculo 2\u00ba:<\/strong> Remitir copia de la presente pieza legal al \u00c1rea de Educaci\u00f3n del Municipio,\u00a0 al Instituto de Formaci\u00f3n Docente y T\u00e9cnica de la Escuela N\u00ba 9-006 \u201cProfesor Francisco Humberto Tolosa\u201d, a las Autoridades de la Asociaci\u00f3n Argentina de Actores y al Doctor Ezequiel Ander-Egg, para su conocimiento y dem\u00e1s efectos.<\/p>\n<p style=\"text-align: justify;\"><strong>Art\u00edculo 3\u00ba:<\/strong> Comun\u00edquese al Departamento Ejecutivo a sus efectos, e ins\u00e9rtese en el Libro de Declaraciones de este Cuerpo.<\/p>\n<p style=\"text-align: justify;\">Dada en la Sala de Sesiones \u201cBandera Nacional Argentina\u201d, del Honorable Concejo Deliberante de Rivadavia, Mendoza, a los 25 d\u00edas del mes de junio de 2013.<\/p>\n<table>\n<tbody>\n<tr>\n<td style=\"text-align: center;\">ORLANDO JAVIER RODRIGUEZ<\/td>\n<td style=\"text-align: center;\">FLORINDA SEOANE<\/td>\n<\/tr>\n<tr>\n<td style=\"text-align: center;\">SECRETARIO H.C.D.<\/td>\n<td style=\"text-align: center;\">PRESIDENTA H.C.D.<\/td>\n<\/tr>\n<\/tbody>\n<\/table>\n<p style=\"text-align: right;\">Cpde. Expte. N\u00ba 2013-00150-4<\/p>\n","protected":false},"excerpt":{"rendered":"<p>DECLARACION N\u00ba 15-13 VISTO: La relevancia cultural departamental que suscita la Jornada durante la cual el Doctor Ezequiel Ander-Egg ofrecer\u00e1 la Conferencia \u201cLa Importancia de la Cultura en la Planificaci\u00f3n Estrat\u00e9gica del Estado\u201d, y CONSIDERANDO: Que la presencia del Doctor Ezequiel Ander-Egg en Rivadavia, genera una singular expectativa en nuestros \u00e1mbitos educacionales y socioculturales, teniendo [&hellip;]<\/p>\n","protected":false},"author":1,"featured_media":4276,"comment_status":"closed","ping_status":"closed","sticky":false,"template":"","format":"standard","meta":{"_acf_changed":false,"footnotes":""},"categories":[66],"tags":[],"class_list":["post-4790","post","type-post","status-publish","format-standard","has-post-thumbnail","hentry","category-declaraciones"],"acf":[],"_links":{"self":[{"href":"https:\/\/coworkdigital.com.ar\/hcd\/wp-json\/wp\/v2\/posts\/4790","targetHints":{"allow":["GET"]}}],"collection":[{"href":"https:\/\/coworkdigital.com.ar\/hcd\/wp-json\/wp\/v2\/posts"}],"about":[{"href":"https:\/\/coworkdigital.com.ar\/hcd\/wp-json\/wp\/v2\/types\/post"}],"author":[{"embeddable":true,"href":"https:\/\/coworkdigital.com.ar\/hcd\/wp-json\/wp\/v2\/users\/1"}],"replies":[{"embeddable":true,"href":"https:\/\/coworkdigital.com.ar\/hcd\/wp-json\/wp\/v2\/comments?post=4790"}],"version-history":[{"count":0,"href":"https:\/\/coworkdigital.com.ar\/hcd\/wp-json\/wp\/v2\/posts\/4790\/revisions"}],"wp:featuredmedia":[{"embeddable":true,"href":"https:\/\/coworkdigital.com.ar\/hcd\/wp-json\/wp\/v2\/media\/4276"}],"wp:attachment":[{"href":"https:\/\/coworkdigital.com.ar\/hcd\/wp-json\/wp\/v2\/media?parent=4790"}],"wp:term":[{"taxonomy":"category","embeddable":true,"href":"https:\/\/coworkdigital.com.ar\/hcd\/wp-json\/wp\/v2\/categories?post=4790"},{"taxonomy":"post_tag","embeddable":true,"href":"https:\/\/coworkdigital.com.ar\/hcd\/wp-json\/wp\/v2\/tags?post=4790"}],"curies":[{"name":"wp","href":"https:\/\/api.w.org\/{rel}","templated":true}]}}