{"id":4806,"date":"2013-04-30T14:40:47","date_gmt":"2013-04-30T14:40:47","guid":{"rendered":"http:\/\/www.rivadaviamendoza.gob.ar\/hcd\/?p=4806"},"modified":"2013-04-30T14:40:47","modified_gmt":"2013-04-30T14:40:47","slug":"declaracion-06-2013","status":"publish","type":"post","link":"https:\/\/coworkdigital.com.ar\/hcd\/declaracion-06-2013\/","title":{"rendered":"Declaraci\u00f3n 06-2013"},"content":{"rendered":"<p style=\"text-align: center;\"><strong><img fetchpriority=\"high\" decoding=\"async\" class=\"wp-image-1054 aligncenter\" src=\"http:\/\/rd.gov.ar\/wp4\/wp-content\/uploads\/2017\/02\/encabezado-300x60.jpg\" sizes=\"(max-width: 669px) 100vw, 669px\" srcset=\"http:\/\/www.rivadaviamendoza.gob.ar\/hcd\/wp-content\/uploads\/2017\/02\/encabezado-300x60.jpg 300w, http:\/\/www.rivadaviamendoza.gob.ar\/hcd\/wp-content\/uploads\/2017\/02\/encabezado-768x153.jpg 768w, http:\/\/www.rivadaviamendoza.gob.ar\/hcd\/wp-content\/uploads\/2017\/02\/encabezado-1024x203.jpg 1024w\" alt=\"\" width=\"669\" height=\"134\" \/><\/strong><\/p>\n<p style=\"text-align: center;\"><strong>DECLARACI\u00d3N N\u00ba 6<\/strong><\/p>\n<p style=\"text-align: justify;\"><strong>VISTO:<\/strong><br \/>\nLa necesidad de revalorizar a los j\u00f3venes que se han destacado y se destacan a trav\u00e9s del tiempo en la faz deportiva en nuestro Departamento y fuera de \u00e9l, y<\/p>\n<p style=\"text-align: justify;\"><strong>CONSIDERANDO:<\/strong><br \/>\nQue, la se\u00f1orita SOF\u00cdA N\u00da\u00d1EZ, nacida el 17 de diciembre de 1997, comenz\u00f3 a sus\u00a0 8 a\u00f1os\u00a0 con la pr\u00e1ctica del deporte del Patinaje Art\u00edstico. Se inscribi\u00f3 en el Club Bernardino Rivadavia, a partir de all\u00ed comenz\u00f3 un largo camino en esta prestigiosa carrera deportiva, lo que le permiti\u00f3 ser miembro de la Selecci\u00f3n Provincial de FEMPA (Federaci\u00f3n Mendocina de Patinaje Art\u00edstico), llegando a traspasar las fronteras de nuestro Departamento como una gran deportista tal es as\u00ed que fue convocada por la Selecci\u00f3n Nacional de la Confederaci\u00f3n Argentina de Patinaje Art\u00edstico, reconoci\u00e9ndose en ella,\u00a0 su humildad y calidad deportiva como profesional.<br \/>\n<strong><em>Sus M\u00e9ritos Deportivos:<\/em><\/strong><br \/>\nA\u00f1o 2009: Campeona Argentina, Categ. C 1\u00ba, Modalidad Libre.<br \/>\nMendoza 2009, Campeonato Argentino de la C.<br \/>\nA\u00f1o\u00a0 2010: Campeona Argentina, Categ. B 3\u00ba, Modalidad Libre.<br \/>\nParan\u00e1\u00a0 2012, Campeonato Argentino de la B.<br \/>\nA\u00f1o 2010: Campeona Argentina, Categ. Infantil Avanzado.<br \/>\nModalidad Danzas Obligatorias, San Juan 2010.<br \/>\nA\u00f1o 2011: Campeona Argentina, Categ. Cadetes, Evaluativo.<br \/>\nSudamericano, R\u00edo Ceballos 2011.<br \/>\nA\u00f1o 2011: Tercer Puesto, Campeonato Argentino, Categ. B 1\u00ba.<br \/>\nModalidad Libre \u2013 Escuela, Cipolletti 2011.<br \/>\nDesde 2009 y hasta 2011: Primer Puesto Ininterrumpido en Campeonato Provincial en modalidades Libre, Escuela y Danza.<br \/>\nA\u00f1o 2011: Seleccionada para integrar la Selecci\u00f3n Argentina de Patinaje Art\u00edstico, para participar de la Copa ISSY LES MOULIEAUX, Francia 2012. Adem\u00e1s Seleccionada para integrar la Selecci\u00f3n Argentina de Patinaje Art\u00edstico para participar del Campeonato Sudamericano en Colombia 2011.<br \/>\nA\u00f1o 2012: Subcampeona Argentina, Copa Amistad, en la ciudad de Rosario ( de Santa F\u00e9) 2012.<br \/>\nA\u00f1o 2012: Seleccionada para integrar la Selecci\u00f3n Argentina de Patinaje Art\u00edstico para participar de la Copa ISSY LES MOULINEAUX, Francia 2013.<br \/>\nM\u00e9rito Deportivo Francia 2013: 2\u00ba puesto: Medalla de Plata, Categor\u00eda Juvenil, Modalidad Danzas Obligatorias y 3er puesto: Medalla de Bronce, Categor\u00eda Juvenil, Modalidad Danza Libre.<br \/>\nEn la Copa Gala Issy Les Moulineaux, Francia 2013, Sof\u00eda particip\u00f3 en su categor\u00eda con 26 patinadoras\u00a0 de otros Pa\u00edses del mundo, entre ellos el Pa\u00eds anfitri\u00f3n, Alemania, Portugal, Brasil, B\u00e9lgica, Suiza, Gran Breta\u00f1a, Espa\u00f1a, Colombia, Paraguay y Holanda, y otros. Cabe destacar que esta Copa es, despu\u00e9s del Mundial de Patinaje Art\u00edstico, la m\u00e1s importante a nivel mundial; espec\u00edfica de la Modalidad Danza sobre patines. Asimismo, todas las patinadoras intervinientes son evaludas por un jurado compuesto de cinco miembros: Jueces CIPA, de Calificaci\u00f3n Internacional y en esta ocasi\u00f3n, esta categor\u00eda estuvo puntuada por jueces de nacionalidad Francesa, Alemana, B\u00falgara, Suiza y Portuguesa.<br \/>\nQue este Honorable Concejo Deliberante, como todo el pueblo de Rivadavia, vemos con orgullo que esta nobel y humilde joven, que con tes\u00f3n y dedicaci\u00f3n abraz\u00f3 la pr\u00e1ctica del deporte, nos ha representado de tal manera que nos hace sentir parte de todos sus grandes y valiosos logros deportivos.<\/p>\n<p style=\"text-align: justify;\"><strong>POR ELLO:<\/strong><br \/>\nEl Honorable Concejo Deliberante de Rivadavia, Mendoza, y en uso de sus facultades.<\/p>\n<p style=\"text-align: center;\"><strong>DECLARA<\/strong><\/p>\n<p style=\"text-align: justify;\"><strong>Art\u00edculo 1\u00ba:<\/strong> El Honorable Concejo Deliberante de Rivadavia, provincia de Mendoza, declara Ciudadana Deportiva Destacada, a la se\u00f1orita SOF\u00cdA N\u00da\u00d1EZ, por sus logros deportivos y notoria trayectoria en la faz del Patinaje Art\u00edstico.<\/p>\n<p style=\"text-align: justify;\"><strong>Art\u00edculo 2\u00ba:<\/strong> Entregar Plaqueta de reconocimiento por su labor deportiva a la Se\u00f1orita SOF\u00cdA N\u00da\u00d1EZ, con la siguiente inscripci\u00f3n: <em><strong>\u201cALGUNAS PERSONAS TRIUNFAN POR QUE \u00c9SE ES SU DESTINO, PERO LA MAYOR\u00cdA DE QUIENES TRIUNFAN ES PORQUE DECIDIERON LOGRARLO\u201d<\/strong><\/em>.<\/p>\n<p style=\"text-align: justify;\"><strong>Art\u00edculo 3\u00ba:<\/strong> Comun\u00edquese al Departamento Ejecutivo a sus efectos e ins\u00e9rtese en el Libro de Declaraciones de este Cuerpo.<\/p>\n<p style=\"text-align: justify;\">Dada en la Sala de Sesiones Bandera Nacional Argentina del Honorable Concejo Deliberante de Rivadavia, Mendoza, a los 30 d\u00edas del mes de abril de 2013.<\/p>\n<table>\n<tbody>\n<tr>\n<td style=\"text-align: center;\">ORLANDO JAVIER RODRIGUEZ<\/td>\n<td style=\"text-align: center;\">FLORINDA SEOANE<\/td>\n<\/tr>\n<tr>\n<td style=\"text-align: center;\">SECRETARIO H.C.D.<\/td>\n<td style=\"text-align: center;\">PRESIDENTA H.C.D.<\/td>\n<\/tr>\n<\/tbody>\n<\/table>\n<p style=\"text-align: right;\">Cpde. Expte. N\u00ba 2013-00082-9 H.C.D.<\/p>\n","protected":false},"excerpt":{"rendered":"<p>DECLARACI\u00d3N N\u00ba 6 VISTO: La necesidad de revalorizar a los j\u00f3venes que se han destacado y se destacan a trav\u00e9s del tiempo en la faz deportiva en nuestro Departamento y fuera de \u00e9l, y CONSIDERANDO: Que, la se\u00f1orita SOF\u00cdA N\u00da\u00d1EZ, nacida el 17 de diciembre de 1997, comenz\u00f3 a sus\u00a0 8 a\u00f1os\u00a0 con la pr\u00e1ctica [&hellip;]<\/p>\n","protected":false},"author":1,"featured_media":4276,"comment_status":"closed","ping_status":"closed","sticky":false,"template":"","format":"standard","meta":{"_acf_changed":false,"footnotes":""},"categories":[66],"tags":[],"class_list":["post-4806","post","type-post","status-publish","format-standard","has-post-thumbnail","hentry","category-declaraciones"],"acf":[],"_links":{"self":[{"href":"https:\/\/coworkdigital.com.ar\/hcd\/wp-json\/wp\/v2\/posts\/4806","targetHints":{"allow":["GET"]}}],"collection":[{"href":"https:\/\/coworkdigital.com.ar\/hcd\/wp-json\/wp\/v2\/posts"}],"about":[{"href":"https:\/\/coworkdigital.com.ar\/hcd\/wp-json\/wp\/v2\/types\/post"}],"author":[{"embeddable":true,"href":"https:\/\/coworkdigital.com.ar\/hcd\/wp-json\/wp\/v2\/users\/1"}],"replies":[{"embeddable":true,"href":"https:\/\/coworkdigital.com.ar\/hcd\/wp-json\/wp\/v2\/comments?post=4806"}],"version-history":[{"count":0,"href":"https:\/\/coworkdigital.com.ar\/hcd\/wp-json\/wp\/v2\/posts\/4806\/revisions"}],"wp:featuredmedia":[{"embeddable":true,"href":"https:\/\/coworkdigital.com.ar\/hcd\/wp-json\/wp\/v2\/media\/4276"}],"wp:attachment":[{"href":"https:\/\/coworkdigital.com.ar\/hcd\/wp-json\/wp\/v2\/media?parent=4806"}],"wp:term":[{"taxonomy":"category","embeddable":true,"href":"https:\/\/coworkdigital.com.ar\/hcd\/wp-json\/wp\/v2\/categories?post=4806"},{"taxonomy":"post_tag","embeddable":true,"href":"https:\/\/coworkdigital.com.ar\/hcd\/wp-json\/wp\/v2\/tags?post=4806"}],"curies":[{"name":"wp","href":"https:\/\/api.w.org\/{rel}","templated":true}]}}