{"id":4810,"date":"2013-04-09T10:12:43","date_gmt":"2013-04-09T10:12:43","guid":{"rendered":"http:\/\/www.rivadaviamendoza.gob.ar\/hcd\/?p=4810"},"modified":"2013-04-09T10:12:43","modified_gmt":"2013-04-09T10:12:43","slug":"declaracion-04-2013","status":"publish","type":"post","link":"https:\/\/coworkdigital.com.ar\/hcd\/declaracion-04-2013\/","title":{"rendered":"Declaraci\u00f3n 04-2013"},"content":{"rendered":"<p style=\"text-align: center;\"><strong><img fetchpriority=\"high\" decoding=\"async\" class=\"wp-image-1054 aligncenter\" src=\"http:\/\/rd.gov.ar\/wp4\/wp-content\/uploads\/2017\/02\/encabezado-300x60.jpg\" sizes=\"(max-width: 669px) 100vw, 669px\" srcset=\"http:\/\/www.rivadaviamendoza.gob.ar\/hcd\/wp-content\/uploads\/2017\/02\/encabezado-300x60.jpg 300w, http:\/\/www.rivadaviamendoza.gob.ar\/hcd\/wp-content\/uploads\/2017\/02\/encabezado-768x153.jpg 768w, http:\/\/www.rivadaviamendoza.gob.ar\/hcd\/wp-content\/uploads\/2017\/02\/encabezado-1024x203.jpg 1024w\" alt=\"\" width=\"669\" height=\"134\" \/><\/strong><\/p>\n<p style=\"text-align: center;\"><strong>DECLARACI\u00d3N N\u00ba 4<\/strong><\/p>\n<p style=\"text-align: justify;\"><strong>VISTO:<\/strong><br \/>\nEl Expediente Municipal N\u00b0 2013-04204-5, caratulado: \u201cConsejo Profesional de Ciencias Econ\u00f3micas de Mendoza solicita Declarar de Inter\u00e9s Municipal, las 5tas. Jornadas Nacionales de Administraci\u00f3n\u201d, y<\/p>\n<p style=\"text-align: justify;\"><strong>CONSIDERANDO:<\/strong><br \/>\nQue, el mencionado evento, de car\u00e1cter nacional, se desarrolla cada dos a\u00f1os y es organizado por la Federaci\u00f3n Argentina de Consejos Profesionales de Ciencias Econ\u00f3micas.<br \/>\nQue, en esta oportunidad se llevar\u00e1 a cabo los d\u00edas 27 y 28 de junio del corriente a\u00f1o, en el Auditorio \u00c1ngel Bustelo en la ciudad de Mendoza. En la mencionada ocasi\u00f3n se debatir\u00e1 sobre temas t\u00e9cnico-cient\u00edficos, tales como problemas prioritarios de inter\u00e9s nacional-regional, promoviendo la contribuci\u00f3n que comprometa respecto de sus posibles soluciones.<br \/>\nQue, adem\u00e1s, apunta a prestigiar la funci\u00f3n, el acercamiento e integraci\u00f3n del profesional de Ciencias Econ\u00f3micas en general, y en Administraci\u00f3n, en particular, manteniendo el compromiso de aportar al inter\u00e9s de nuestro pa\u00eds y\u00a0 a la integraci\u00f3n\u00a0 regional.<\/p>\n<p style=\"text-align: justify;\"><strong>POR ELLO:<\/strong><br \/>\nEl\u00a0 Honorable Concejo Deliberante de Rivadavia, Mendoza, y en uso de sus facultades:<\/p>\n<p style=\"text-align: center;\"><strong>DECLARA<\/strong><\/p>\n<p style=\"text-align: justify;\"><strong>Art\u00edculo 1\u00ba:<\/strong> Decl\u00e1rese de Inter\u00e9s Departamental, las 5tas. Jornadas Nacionales de Administraci\u00f3n, que bajo el lema \u201cLicenciados en Administraci\u00f3n: gestionando el \u00e9xito de una profesi\u00f3n sin fronteras\u201d, ser\u00e1n organizadas por el Consejo Profesional de Ciencias Econ\u00f3micas de la provincia de Mendoza, y se llevar\u00e1n a cabo en el Auditorio \u00c1ngel Bustelo, de la ciudad de Mendoza, los d\u00edas 27 y 28 de junio del a\u00f1o en curso.<\/p>\n<p style=\"text-align: justify;\"><strong>Art\u00edculo 2\u00ba:<\/strong> Rem\u00edtase copia de la presente pieza legal, al Consejo Profesional de Ciencias Econ\u00f3micas de Mendoza, para su conocimiento y dem\u00e1s efectos.<\/p>\n<p style=\"text-align: justify;\"><strong>Art\u00edculo 3\u00ba:<\/strong> Comun\u00edquese al Departamento Ejecutivo a sus efectos e ins\u00e9rtese en el Libro de Declaraciones de este Cuerpo.<\/p>\n<p style=\"text-align: justify;\">Dada en la Sala de Sesiones Bandera Nacional Argentina del Honorable Concejo Deliberante de Rivadavia, Mendoza, a los 09 d\u00edas del mes de abril de 2013.<\/p>\n<table>\n<tbody>\n<tr>\n<td style=\"text-align: center;\">ORLANDO JAVIER RODRIGUEZ<\/td>\n<td style=\"text-align: center;\">FLORINDA SEOANE<\/td>\n<\/tr>\n<tr>\n<td style=\"text-align: center;\">SECRETARIO H.C.D.<\/td>\n<td style=\"text-align: center;\">PRESIDENTA H.C.D.<\/td>\n<\/tr>\n<\/tbody>\n<\/table>\n<p style=\"text-align: right;\">Cpde. Expte. N\u00ba 2013-00046-4 H.C.D.<br \/>\nN\u00ba 2013-04204-5 D.E.<\/p>\n","protected":false},"excerpt":{"rendered":"<p>DECLARACI\u00d3N N\u00ba 4 VISTO: El Expediente Municipal N\u00b0 2013-04204-5, caratulado: \u201cConsejo Profesional de Ciencias Econ\u00f3micas de Mendoza solicita Declarar de Inter\u00e9s Municipal, las 5tas. Jornadas Nacionales de Administraci\u00f3n\u201d, y CONSIDERANDO: Que, el mencionado evento, de car\u00e1cter nacional, se desarrolla cada dos a\u00f1os y es organizado por la Federaci\u00f3n Argentina de Consejos Profesionales de Ciencias Econ\u00f3micas. [&hellip;]<\/p>\n","protected":false},"author":1,"featured_media":4276,"comment_status":"closed","ping_status":"closed","sticky":false,"template":"","format":"standard","meta":{"_acf_changed":false,"footnotes":""},"categories":[66],"tags":[],"class_list":["post-4810","post","type-post","status-publish","format-standard","has-post-thumbnail","hentry","category-declaraciones"],"acf":[],"_links":{"self":[{"href":"https:\/\/coworkdigital.com.ar\/hcd\/wp-json\/wp\/v2\/posts\/4810","targetHints":{"allow":["GET"]}}],"collection":[{"href":"https:\/\/coworkdigital.com.ar\/hcd\/wp-json\/wp\/v2\/posts"}],"about":[{"href":"https:\/\/coworkdigital.com.ar\/hcd\/wp-json\/wp\/v2\/types\/post"}],"author":[{"embeddable":true,"href":"https:\/\/coworkdigital.com.ar\/hcd\/wp-json\/wp\/v2\/users\/1"}],"replies":[{"embeddable":true,"href":"https:\/\/coworkdigital.com.ar\/hcd\/wp-json\/wp\/v2\/comments?post=4810"}],"version-history":[{"count":0,"href":"https:\/\/coworkdigital.com.ar\/hcd\/wp-json\/wp\/v2\/posts\/4810\/revisions"}],"wp:featuredmedia":[{"embeddable":true,"href":"https:\/\/coworkdigital.com.ar\/hcd\/wp-json\/wp\/v2\/media\/4276"}],"wp:attachment":[{"href":"https:\/\/coworkdigital.com.ar\/hcd\/wp-json\/wp\/v2\/media?parent=4810"}],"wp:term":[{"taxonomy":"category","embeddable":true,"href":"https:\/\/coworkdigital.com.ar\/hcd\/wp-json\/wp\/v2\/categories?post=4810"},{"taxonomy":"post_tag","embeddable":true,"href":"https:\/\/coworkdigital.com.ar\/hcd\/wp-json\/wp\/v2\/tags?post=4810"}],"curies":[{"name":"wp","href":"https:\/\/api.w.org\/{rel}","templated":true}]}}