{"id":4814,"date":"2013-03-14T11:03:16","date_gmt":"2013-03-14T11:03:16","guid":{"rendered":"http:\/\/www.rivadaviamendoza.gob.ar\/hcd\/?p=4814"},"modified":"2013-03-14T11:03:16","modified_gmt":"2013-03-14T11:03:16","slug":"declaracion-02-2013","status":"publish","type":"post","link":"https:\/\/coworkdigital.com.ar\/hcd\/declaracion-02-2013\/","title":{"rendered":"Declaraci\u00f3n 02-2013"},"content":{"rendered":"<p style=\"text-align: center;\"><strong><img fetchpriority=\"high\" decoding=\"async\" class=\"wp-image-1054 aligncenter\" src=\"http:\/\/rd.gov.ar\/wp4\/wp-content\/uploads\/2017\/02\/encabezado-300x60.jpg\" sizes=\"(max-width: 669px) 100vw, 669px\" srcset=\"http:\/\/www.rivadaviamendoza.gob.ar\/hcd\/wp-content\/uploads\/2017\/02\/encabezado-300x60.jpg 300w, http:\/\/www.rivadaviamendoza.gob.ar\/hcd\/wp-content\/uploads\/2017\/02\/encabezado-768x153.jpg 768w, http:\/\/www.rivadaviamendoza.gob.ar\/hcd\/wp-content\/uploads\/2017\/02\/encabezado-1024x203.jpg 1024w\" alt=\"\" width=\"669\" height=\"134\" \/><\/strong><\/p>\n<p style=\"text-align: center;\"><strong>DECLARACI\u00d3N N\u00ba 2<\/strong><\/p>\n<p style=\"text-align: justify;\"><strong>VISTO:<br \/>\n<\/strong>La necesidad de destacar estas Jornadas de Actualizaci\u00f3n y Capacitaci\u00f3n propuestas por La Fiscal\u00eda de Estado, que se llevar\u00e1n a cabo en nuestro Departamento, el d\u00eda viernes 15 de marzo de 2013, y<\/p>\n<p style=\"text-align: justify;\"><strong>CONSIDERANDO:<\/strong><br \/>\nQue este capital Organismo de control del Estado Provincial, viene realizando actividades de difusi\u00f3n y conocimiento acerca del funcionamiento y normativa a la que el mismo se ajusta. Tales acciones, tienden a acercar a los ciudadanos mendocinos el conocimiento sobre los procesos de fiscalizaci\u00f3n que ejerce, y su relaci\u00f3n con los controles que cumplen otros organismos con funciones espec\u00edficas dentro de la administraci\u00f3n\u00a0 p\u00fablica.<br \/>\nEsta iniciativa, es parte del programa de actualizaci\u00f3n interna y de capacitaci\u00f3n que para las distintas Reparticiones del Estado viene desarrollando el Gobierno Provincial con el objeto de aportar un conocimiento acabado de las funciones de tal Organismo, a fin de evitar dilaciones en los procesos y dimensionar los recursos que, en la interacci\u00f3n entre las reparticiones y esta Fiscal\u00eda, se emplean. En principio, tales acciones est\u00e1n dirigidas a los Municipios y, por extensi\u00f3n, a sus Concejos Deliberantes.<br \/>\nEstas jornadas constituyen una extensi\u00f3n de las primeras realizadas exitosamente el a\u00f1o pasado en el sur provincial, y conllevan el mismo prop\u00f3sito, en el convencimiento de la importancia institucional y ciudadana que tienen sus actividades, dado que la principal misi\u00f3n del Organismo es garantizar la transparencia de los procesos p\u00fablicos, a trav\u00e9s de un control activo, participativo y eficaz.<br \/>\nCabe, aqu\u00ed, recordar el Art\u00edculo N\u00ba 177 del Constituci\u00f3n de Mendoza, que establece:\u00a0 <em>\u201cHabr\u00e1 un Fiscal de Estado encargado de defender el patrimonio del fisco, que ser\u00e1 parte leg\u00edtima en los juicios contencioso administrativos y en todos aquellos en que se afecten intereses del Estado. Tendr\u00e1 tambi\u00e9n personer\u00eda para demandar ante la Suprema Corte y dem\u00e1s tribunales de la Provincia la nulidad de toda ley, decreto, contrato o resoluci\u00f3n contrarios a las prescripciones de esta Constituci\u00f3n, o que en cualquier forma perjudiquen los intereses fiscales de la Provincia .Ser\u00e1 tambi\u00e9n parte en los procesos que se formen ante el Tribunal de Cuentas de la Administraci\u00f3n P\u00fablica, al cual servir\u00e1 de asesor. Gestionar\u00e1 el cumplimiento de las sentencias en los asuntos en que haya intervenido como parte.\u201d.<br \/>\n<\/em>Asimismo, rese\u00f1amos lo estatuido por el Art. N\u00ba 1 de la Ley N\u00ba728, que reza: <em>\u201cEn todo asunto administrativo en que aparezca interesado el patrimonio del Estado o afectados los intereses del fisco, se dar\u00e1 al Fiscal de Estado vista de los antecedentes respectivos, cuando estos se encuentren en estado de resoluci\u00f3n definitiva.\u201d.<br \/>\n<\/em>La cita ser\u00e1 en el teatro Municipal de Rivadavia \u201cLuis Encio Bianchi\u201d, ubicado en el Subsuelo del Edificio Municipal (Lavalle y Arist\u00f3bulo del Valle) en horario de 09.30 a 13.00.<br \/>\nEn esta primera etapa, y dada la calidad de los temas sensibles que se abordar\u00e1n,\u00a0 se ha planificado modular tal programa comenzando con la Interacci\u00f3n entre la Fiscal\u00eda de Investigaciones Administrativas, la Direcci\u00f3n de Asuntos Ambientales y los Municipios, en los procesos sumarios e investigativos que en ellos se llevan adelante.<br \/>\nCabe destacar, que dicha Jornada cuenta con el aval de la Escuela de Gobierno y Administraci\u00f3n de la provincia de Mendoza, y que su participaci\u00f3n en ella, dar\u00e1 lugar a la entrega de certificados con respaldo de la EGA.<br \/>\nEl temario de la \u201cJornada de difusi\u00f3n sobre las incumbencias de la Fiscal\u00eda de Estado, en materia de Investigaci\u00f3n Administrativa y Fiscalizaci\u00f3n Ambiental\u201d, versar\u00e1 sobre: 1) <span style=\"text-decoration: underline;\">Estructura, Funciones de Fiscal\u00eda de Investigaciones Administrativas<\/span>, atribuciones de la Ley N\u00ba 4.418, Procesos, Investigaci\u00f3n Sumaria ( Ley N\u00ba 4.418, arts. 5\u00ba y 6\u00ba), Procesos de Instrucci\u00f3n, Archivo y Sobreseimiento, Sumario Administrativo y Perjuicio al Erario, Definici\u00f3n y tipificaci\u00f3n de la irregularidad Administrativa, Resoluci\u00f3n de expedientes, Interacci\u00f3n de procesos: FIA \/ Municipios. 2) <span style=\"text-decoration: underline;\">Direcci\u00f3n de Asuntos Ambientales<\/span>, Ley N\u00ba 5.961, \u00c1mbito de aplicaci\u00f3n de la Ley N\u00ba 5.961, Competencias de la Direcci\u00f3n de Asuntos Ambientales.<br \/>\nPor todo lo expuesto anteriormente, es oportuno declarar de Inter\u00e9s Departamental la citada Jornada.<\/p>\n<p style=\"text-align: justify;\"><strong>POR ELLO:<\/strong><br \/>\nEl Honorable Concejo Deliberante de Rivadavia, Mendoza, y en uso de sus facultades:<\/p>\n<p style=\"text-align: center;\"><strong>DECLARA<\/strong><\/p>\n<p style=\"text-align: justify;\"><strong>Art\u00edculo 1\u00ba:<\/strong> Declarar de Inter\u00e9s Departamental la \u201cJornada de difusi\u00f3n sobre las incumbencias de la Fiscal\u00eda de Estado en materia de Investigaci\u00f3n Administrativa y Fiscalizaci\u00f3n Ambiental\u201d, por realizarse en el Teatro \u201cLuis Encio Bianchi\u201d, de la Municipalidad de Rivadavia, el d\u00eda viernes 15 de marzo de 2013, a partir de las 9:30.<\/p>\n<p style=\"text-align: justify;\"><strong>Art\u00edculo 2\u00ba:<\/strong> Remitir copia de la presente pieza legal a los Honorables Concejos Deliberantes que integran la Zona Este (La Paz, Santa Rosa, San Mart\u00edn y Jun\u00edn), y a la Fiscal\u00eda de Estado de la Provincia de Mendoza, en la persona del Dr. Javier Alberto Fernandez, Fiscal de Estado Subrogante.<\/p>\n<p style=\"text-align: justify;\"><strong>Art\u00edculo 3\u00ba:<\/strong> Comun\u00edquese al Departamento Ejecutivo, a sus efectos e ins\u00e9rtese en el Libro de Declaraciones de este Cuerpo.<\/p>\n<p style=\"text-align: justify;\">Dada en la Sala de Sesiones Bandera Nacional Argentina, del Honorable Concejo Deliberante de Rivadavia, provincia de Mendoza, a los 14 d\u00edas del mes de marzo de 2013.<\/p>\n<table>\n<tbody>\n<tr>\n<td style=\"text-align: center;\">ORLANDO JAVIER RODRIGUEZ<\/td>\n<td style=\"text-align: center;\">FLORINDA SEOANE<\/td>\n<\/tr>\n<tr>\n<td style=\"text-align: center;\">SECRETARIO H.C.D.<\/td>\n<td style=\"text-align: center;\">PRESIDENTA H.C.D.<\/td>\n<\/tr>\n<\/tbody>\n<\/table>\n<p style=\"text-align: right;\">Cpde. Expte. N\u00ba 2012-00015-9 H.C.D.<\/p>\n","protected":false},"excerpt":{"rendered":"<p>DECLARACI\u00d3N N\u00ba 2 VISTO: La necesidad de destacar estas Jornadas de Actualizaci\u00f3n y Capacitaci\u00f3n propuestas por La Fiscal\u00eda de Estado, que se llevar\u00e1n a cabo en nuestro Departamento, el d\u00eda viernes 15 de marzo de 2013, y CONSIDERANDO: Que este capital Organismo de control del Estado Provincial, viene realizando actividades de difusi\u00f3n y conocimiento acerca [&hellip;]<\/p>\n","protected":false},"author":1,"featured_media":4276,"comment_status":"closed","ping_status":"closed","sticky":false,"template":"","format":"standard","meta":{"_acf_changed":false,"footnotes":""},"categories":[66],"tags":[],"class_list":["post-4814","post","type-post","status-publish","format-standard","has-post-thumbnail","hentry","category-declaraciones"],"acf":[],"_links":{"self":[{"href":"https:\/\/coworkdigital.com.ar\/hcd\/wp-json\/wp\/v2\/posts\/4814","targetHints":{"allow":["GET"]}}],"collection":[{"href":"https:\/\/coworkdigital.com.ar\/hcd\/wp-json\/wp\/v2\/posts"}],"about":[{"href":"https:\/\/coworkdigital.com.ar\/hcd\/wp-json\/wp\/v2\/types\/post"}],"author":[{"embeddable":true,"href":"https:\/\/coworkdigital.com.ar\/hcd\/wp-json\/wp\/v2\/users\/1"}],"replies":[{"embeddable":true,"href":"https:\/\/coworkdigital.com.ar\/hcd\/wp-json\/wp\/v2\/comments?post=4814"}],"version-history":[{"count":0,"href":"https:\/\/coworkdigital.com.ar\/hcd\/wp-json\/wp\/v2\/posts\/4814\/revisions"}],"wp:featuredmedia":[{"embeddable":true,"href":"https:\/\/coworkdigital.com.ar\/hcd\/wp-json\/wp\/v2\/media\/4276"}],"wp:attachment":[{"href":"https:\/\/coworkdigital.com.ar\/hcd\/wp-json\/wp\/v2\/media?parent=4814"}],"wp:term":[{"taxonomy":"category","embeddable":true,"href":"https:\/\/coworkdigital.com.ar\/hcd\/wp-json\/wp\/v2\/categories?post=4814"},{"taxonomy":"post_tag","embeddable":true,"href":"https:\/\/coworkdigital.com.ar\/hcd\/wp-json\/wp\/v2\/tags?post=4814"}],"curies":[{"name":"wp","href":"https:\/\/api.w.org\/{rel}","templated":true}]}}