{"id":4823,"date":"2012-11-30T12:39:42","date_gmt":"2012-11-30T12:39:42","guid":{"rendered":"http:\/\/www.rivadaviamendoza.gob.ar\/hcd\/?p=4823"},"modified":"2012-11-30T12:39:42","modified_gmt":"2012-11-30T12:39:42","slug":"resolucion-18-2012","status":"publish","type":"post","link":"https:\/\/coworkdigital.com.ar\/hcd\/resolucion-18-2012\/","title":{"rendered":"Resoluci\u00f3n 18-2012"},"content":{"rendered":"<p style=\"text-align: center;\"><strong><img fetchpriority=\"high\" decoding=\"async\" class=\"wp-image-1054 aligncenter\" src=\"http:\/\/rd.gov.ar\/wp4\/wp-content\/uploads\/2017\/02\/encabezado-300x60.jpg\" sizes=\"(max-width: 669px) 100vw, 669px\" srcset=\"http:\/\/www.rivadaviamendoza.gob.ar\/hcd\/wp-content\/uploads\/2017\/02\/encabezado-300x60.jpg 300w, http:\/\/www.rivadaviamendoza.gob.ar\/hcd\/wp-content\/uploads\/2017\/02\/encabezado-768x153.jpg 768w, http:\/\/www.rivadaviamendoza.gob.ar\/hcd\/wp-content\/uploads\/2017\/02\/encabezado-1024x203.jpg 1024w\" alt=\"\" width=\"669\" height=\"134\" \/><\/strong><\/p>\n<p style=\"text-align: center;\"><strong>RESOLUCI\u00d3N N\u00ba 18<\/strong><\/p>\n<p style=\"text-align: justify;\"><strong>VISTO:<br \/>\n<\/strong>El Expediente N\u00ba 2012-00215-6, caratulado Herrerias Luis, eleva documentaci\u00f3n sobre Jerarqu\u00eda, y<\/p>\n<p style=\"text-align: justify;\"><strong>CONSIDERANDO:<\/strong><br \/>\nQue la petici\u00f3n del solicitante se centra en objetar la medida ordenatoria de adecuaci\u00f3n emitida por el Departamento Ejecutivo que dispuso el cese del Adicional por Jerarqu\u00eda (Jefatura) a los empleados municipales sin personal a cargo, conforme la observaci\u00f3n efectada por el Tribunal de Cuentas en Auditor\u00eda, seg\u00fan informe N\u00ba24\/2012 de dicho Organismo, y luego del relevamiento realizado por el Area de Personal conforme Resoluci\u00f3n N\u00ba1140\/12.<br \/>\nY atento que por disposici\u00f3n de la Ley Org\u00e1nica de Municipalidades N\u00ba1079, todos los temas concientes a la administraci\u00f3n y gesti\u00f3n administrativa del personal dependiente de la Municipalidad, es atribuci\u00f3n exclusiva del Se\u00f1or Intendente Municipal y por tanto materia vedada al Concejo Deliberante, quedando la v\u00eda judicial a tal efecto, no siendo el HCD organo de alzada de dichos temas, conforme los criterios jurisprudenciales largamente sostenidos por la Suprema Corte de Justicia de la Provincia.<\/p>\n<p style=\"text-align: justify;\"><strong>POR ELLO:<\/strong><br \/>\nEl\u00a0 Concejo Deliberante de Rivadavia, Mendoza, y en uso de sus facultades:<\/p>\n<p style=\"text-align: center;\"><strong>RESUELVE<\/strong><\/p>\n<p style=\"text-align: justify;\"><strong>Art\u00edculo 1\u00ba:<\/strong> No dar tr\u00e1mite a la solicitud efectuada en el Expediente N\u00ba2012-00215-6, por no corresponder a la competencia de este Cuerpo.<\/p>\n<p style=\"text-align: justify;\"><strong>Art\u00edculo 2\u00ba:<\/strong> Remitir copia de la presente pieza legal al interesado, para su conocimiento y dem\u00e1s efectos.<\/p>\n<p style=\"text-align: justify;\"><strong>Art\u00edculo 3\u00ba:<\/strong> Comun\u00edquese al Departamento Ejecutivo a sus efectos e ins\u00e9rtese en el Libro de Resoluciones de este Cuerpo.<\/p>\n<p style=\"text-align: justify;\">Dada en la Sala de Sesiones Bandera Nacional Argentina del Concejo Deliberante de Rivadavia, Mendoza, a los 30 d\u00edas del mes de noviembre de 2012.<\/p>\n<table>\n<tbody>\n<tr>\n<td style=\"text-align: center;\">ORLANDO JAVIER RODRIGUEZ<\/td>\n<td style=\"text-align: center;\">FLORINDA SEOANE<\/td>\n<\/tr>\n<tr>\n<td style=\"text-align: center;\">SECRETARIO H.C.D.<\/td>\n<td style=\"text-align: center;\">PRESIDENTA H.C.D.<\/td>\n<\/tr>\n<\/tbody>\n<\/table>\n<p style=\"text-align: right;\">Cpde. Expte. N\u00ba 2012-00215-6 C.D.<\/p>\n","protected":false},"excerpt":{"rendered":"<p>RESOLUCI\u00d3N N\u00ba 18 VISTO: El Expediente N\u00ba 2012-00215-6, caratulado Herrerias Luis, eleva documentaci\u00f3n sobre Jerarqu\u00eda, y CONSIDERANDO: Que la petici\u00f3n del solicitante se centra en objetar la medida ordenatoria de adecuaci\u00f3n emitida por el Departamento Ejecutivo que dispuso el cese del Adicional por Jerarqu\u00eda (Jefatura) a los empleados municipales sin personal a cargo, conforme la [&hellip;]<\/p>\n","protected":false},"author":1,"featured_media":1020,"comment_status":"closed","ping_status":"closed","sticky":false,"template":"","format":"standard","meta":{"_acf_changed":false,"footnotes":""},"categories":[65],"tags":[],"class_list":["post-4823","post","type-post","status-publish","format-standard","has-post-thumbnail","hentry","category-resoluciones"],"acf":[],"_links":{"self":[{"href":"https:\/\/coworkdigital.com.ar\/hcd\/wp-json\/wp\/v2\/posts\/4823","targetHints":{"allow":["GET"]}}],"collection":[{"href":"https:\/\/coworkdigital.com.ar\/hcd\/wp-json\/wp\/v2\/posts"}],"about":[{"href":"https:\/\/coworkdigital.com.ar\/hcd\/wp-json\/wp\/v2\/types\/post"}],"author":[{"embeddable":true,"href":"https:\/\/coworkdigital.com.ar\/hcd\/wp-json\/wp\/v2\/users\/1"}],"replies":[{"embeddable":true,"href":"https:\/\/coworkdigital.com.ar\/hcd\/wp-json\/wp\/v2\/comments?post=4823"}],"version-history":[{"count":0,"href":"https:\/\/coworkdigital.com.ar\/hcd\/wp-json\/wp\/v2\/posts\/4823\/revisions"}],"wp:featuredmedia":[{"embeddable":true,"href":"https:\/\/coworkdigital.com.ar\/hcd\/wp-json\/wp\/v2\/media\/1020"}],"wp:attachment":[{"href":"https:\/\/coworkdigital.com.ar\/hcd\/wp-json\/wp\/v2\/media?parent=4823"}],"wp:term":[{"taxonomy":"category","embeddable":true,"href":"https:\/\/coworkdigital.com.ar\/hcd\/wp-json\/wp\/v2\/categories?post=4823"},{"taxonomy":"post_tag","embeddable":true,"href":"https:\/\/coworkdigital.com.ar\/hcd\/wp-json\/wp\/v2\/tags?post=4823"}],"curies":[{"name":"wp","href":"https:\/\/api.w.org\/{rel}","templated":true}]}}