{"id":4833,"date":"2012-10-23T13:18:57","date_gmt":"2012-10-23T13:18:57","guid":{"rendered":"http:\/\/www.rivadaviamendoza.gob.ar\/hcd\/?p=4833"},"modified":"2012-10-23T13:18:57","modified_gmt":"2012-10-23T13:18:57","slug":"resolucion-14-2012","status":"publish","type":"post","link":"https:\/\/coworkdigital.com.ar\/hcd\/resolucion-14-2012\/","title":{"rendered":"Resoluci\u00f3n 14-2012"},"content":{"rendered":"<p style=\"text-align: center;\"><strong><img fetchpriority=\"high\" decoding=\"async\" class=\"wp-image-1054 aligncenter\" src=\"http:\/\/rd.gov.ar\/wp4\/wp-content\/uploads\/2017\/02\/encabezado-300x60.jpg\" sizes=\"(max-width: 669px) 100vw, 669px\" srcset=\"http:\/\/www.rivadaviamendoza.gob.ar\/hcd\/wp-content\/uploads\/2017\/02\/encabezado-300x60.jpg 300w, http:\/\/www.rivadaviamendoza.gob.ar\/hcd\/wp-content\/uploads\/2017\/02\/encabezado-768x153.jpg 768w, http:\/\/www.rivadaviamendoza.gob.ar\/hcd\/wp-content\/uploads\/2017\/02\/encabezado-1024x203.jpg 1024w\" alt=\"\" width=\"669\" height=\"134\" \/><\/strong><\/p>\n<p style=\"text-align: center;\"><strong>RESOLUCI\u00d3N N\u00ba 14<\/strong><\/p>\n<p style=\"text-align: justify;\"><strong>VISTO:<\/strong><br \/>\nEl Expediente N\u00b0 2012-00296-6-, por el que el Jefe de Comisiones de este Cuerpo, informa sobre los Expedientes que se encuentran sin dictamen en las distintas Comisiones de este Cuerpo, y<\/p>\n<p style=\"text-align: justify;\"><strong>CONSIDERANDO:<\/strong><br \/>\nQue el d\u00eda 30 de octubre del corriente a\u00f1o finaliza el periodo de Sesiones Ordinarias.<br \/>\nQue la Ley N\u00b0 1.079, \u201cOrg\u00e1nica de Municipalidades\u201d, en su Art\u00edculo 57\u00b0, modificado por Ley N\u00b0 6.167, establece: \u201c&#8230;el Concejo Deliberante tendr\u00e1 durante el a\u00f1o un per\u00edodo de Sesiones Ordinarias desde el 01 de marzo al 30 de octubre, pudi\u00e9ndose prorrogar sus Sesiones por 30 d\u00edas&#8230;\u201d.<\/p>\n<p style=\"text-align: justify;\"><strong>POR ELLO:<\/strong><br \/>\nEl\u00a0 Concejo Deliberante de Rivadavia, Mendoza, y en uso de sus facultades:<\/p>\n<p style=\"text-align: center;\"><strong>RESUELVE<\/strong><\/p>\n<p style=\"text-align: justify;\"><strong>Art\u00edculo 1\u00ba:<\/strong> Prorrogase el Per\u00edodo de Sesiones Ordinarias de este Cuerpo por treinta (30) d\u00edas\u00a0 a partir del 01 de noviembre de 2012, de acuerdo con lo establecido en el Art\u00edculo 57\u00b0 de la Ley 1.079 \u201cOrg\u00e1nica de Municipalidades\u201d, modificado por la Ley N\u00b0 6.167.<\/p>\n<p style=\"text-align: justify;\"><strong>Art\u00edculo 2\u00ba:<\/strong> Incl\u00fayase en el Per\u00edodo de Pr\u00f3rroga, para su tratamiento los\u00a0 Expedientes que se encuentran en las siguientes Comisiones y de acuerdo al presente detalle:<\/p>\n<table>\n<tbody>\n<tr>\n<td style=\"text-align: center;\" colspan=\"2\"><strong>PRESUPUESTO Y HACIENDA Y OBRAS P\u00daBLICAS<\/strong><\/td>\n<\/tr>\n<tr>\n<td>Expte. N\u00ba2012-00092-9<\/td>\n<td>B. U.P., proy. Decl. erradicaci\u00f3n ca\u00f1averal<\/td>\n<\/tr>\n<tr>\n<td>Expte. N\u00ba2012-00141-4<\/td>\n<td>B. N. Kirchner, proy. Decl. carteles indicadores sentido marcha<\/td>\n<\/tr>\n<tr>\n<td>Expte. N\u00ba2012-00171-1<\/td>\n<td>B. N. Kirchner, proy. Ord., construcci\u00f3n parada de colectivos<\/td>\n<\/tr>\n<tr>\n<td>Expte. N\u00ba2012-00172-9<\/td>\n<td>B. N. Kirchner, proy. Decl. carteles indicadores B\u00ba Democracia<\/td>\n<\/tr>\n<tr>\n<td>Expte. N\u00ba2012-00183-6<\/td>\n<td>B. N. Kirchner, proy. Ord. Construcci\u00f3n rampa plaza M. Moreno<\/td>\n<\/tr>\n<tr>\n<td>Expte. N\u00ba2012-00262-8<\/td>\n<td>B. N. kirchner, pory. Ord. construcci\u00f3n garita calle Comandante Torres<\/td>\n<\/tr>\n<tr>\n<td>Expte. N\u00ba2012-00266-9<\/td>\n<td>B. N. Kirchner, proy. Ord. Reconstrucci\u00f3n bancos y luminarias Plaza\u00a028 de diciembre B\u00ba San Isisdro II<\/td>\n<\/tr>\n<tr>\n<td>Expte. N\u00ba2012-00261-0<\/td>\n<td>B. N. kirchner, proy. Res. Colocaci\u00f3n pintura reflectiva.<\/td>\n<\/tr>\n<tr>\n<td style=\"text-align: center;\" colspan=\"2\"><strong>LEGISLACI\u00d3N, PETICIONES Y PODERES Y DESARROLLO ECON\u00d3MICO<\/strong><\/td>\n<\/tr>\n<tr>\n<td>Expte. N\u00ba2012-00080-4<\/td>\n<td>Esc. N\u00ba4-192, Los Campamentos, Creaci\u00f3n una Bandera para mi Dpto.<\/td>\n<\/tr>\n<tr>\n<td>Expte. N\u00ba2012-00115-9<\/td>\n<td>Gob. De Mza., respuesta Declaraci\u00f3n N\u00ba018\/10<\/td>\n<\/tr>\n<tr>\n<td>Expte. N\u00ba2012-00119-1<\/td>\n<td>Vecinos La Reducci\u00f3n, nominar Roberto Berlo\u00edn, B\u00ba<\/td>\n<\/tr>\n<tr>\n<td>Expte. N\u00ba2012-00145-5<\/td>\n<td>U.V. B\u00ba Juan XXIII, patrimonio Chimenea Ex f\u00e1brica ALBA<\/td>\n<\/tr>\n<tr>\n<td>Expte. N\u00ba2012-00147-1<\/td>\n<td>Integrada S.A., Granja Av\u00edcola, presenta documentaci\u00f3n<\/td>\n<\/tr>\n<tr>\n<td>Expte. N\u00ba2012-00164-6 y Acum. N\u00ba2012-00212-3<\/td>\n<td>B. U.C.R., reforma C\u00f3digo Tributario<\/td>\n<\/tr>\n<tr>\n<td>Expte. N\u00ba2012-00173-7<\/td>\n<td>Herrer\u00eda Luis, presenta nota<\/td>\n<\/tr>\n<tr>\n<td>Expte. N\u00ba2012-00177-8<\/td>\n<td>UPCN Rvia., presenta nota<\/td>\n<\/tr>\n<tr>\n<td>Expte. N\u00ba2012-00180-2<\/td>\n<td>H.C.D. Jun\u00edn, remite Declaraci\u00f3n N\u00ba003\/12<\/td>\n<\/tr>\n<tr>\n<td>Expte. N\u00ba2012-00208-1<\/td>\n<td>C.D., remite P.I. N\u00ba02\/12 (Adicional Jefatura)<\/td>\n<\/tr>\n<tr>\n<td>Expte. N\u00ba2012-00211-5<\/td>\n<td>Pte. L.P. y P. Copia Certificada Acta N\u00ba20<\/td>\n<\/tr>\n<tr>\n<td>Expte. N\u00ba2012-00215-6<\/td>\n<td>Herrer\u00eda Luis, eleva documentaci\u00f3n sobre Jerarqu\u00eda<\/td>\n<\/tr>\n<tr>\n<td>Expte. N\u00ba2012-00216-4<\/td>\n<td>H.C.D. San Rafael, remite Decl. N\u00ba2245\/12<\/td>\n<\/tr>\n<tr>\n<td>Expte. N\u00ba2012-00220-6<\/td>\n<td>Biondolillo Diego, sol. prefactibilidad para actividad<\/td>\n<\/tr>\n<tr>\n<td>Expte. N\u00ba2012-00239-6<\/td>\n<td>U.P.C.N., presenta nota<\/td>\n<\/tr>\n<tr>\n<td>Expte. N\u00ba2012-00240-4<\/td>\n<td>Centro Integrador Santa M. de Oro, sol. La Banca, La Voz del Pueblo<\/td>\n<\/tr>\n<tr>\n<td>Expte. N\u00ba2012-00248-7<\/td>\n<td>H. C\u00e1mara de Sendores, remite Resoluci\u00f3n N\u00ba441<\/td>\n<\/tr>\n<tr>\n<td>Expte. N\u00ba2012-00251-1<\/td>\n<td>H.C.D. Malargue, remite Resoluci\u00f3n N\u00ba404\/12<\/td>\n<\/tr>\n<tr>\n<td>Expte. N\u00ba2012-00254-5<\/td>\n<td>Coordinador Juventud, reconocer Mam\u00e1 destacada<\/td>\n<\/tr>\n<tr>\n<td>Expte. N\u00ba2012-00268-5<\/td>\n<td>D.G.E., concurso Experiencias Aulicas Exitosas<\/td>\n<\/tr>\n<tr>\n<td>Expte. N\u00ba2012-00269-3<\/td>\n<td>H.C.D. Gral. Alvear, remite Resoluci\u00f3n N\u00ba3228\/12<\/td>\n<\/tr>\n<tr>\n<td>Expte. N\u00ba2012-00270-1<\/td>\n<td>Coop. Hospital Saporiti, Declarar Int. Dptal. Bodas de Diamantes<\/td>\n<\/tr>\n<tr>\n<td>Expte. N\u00ba2012-00271-9<\/td>\n<td>H.C.D. Tunuy\u00e1n, remite Resoluci\u00f3n N\u00ba3507\/12<\/td>\n<\/tr>\n<tr>\n<td>Expte. N\u00ba2012-00276-8<\/td>\n<td>Esc. Mar\u00eda A. Zapata de Catena, informa calendario Institucional<\/td>\n<\/tr>\n<tr>\n<td style=\"text-align: center;\" colspan=\"2\"><strong>HIGIENE MORALIDAD Y SEGURIDAD P\u00daBLICAS y ACCI\u00d3N SOCIAL<\/strong><\/td>\n<\/tr>\n<tr>\n<td>Expte. N\u00ba2012-00036-6<\/td>\n<td>Correa Pablo, proy. Sistema Ultragenerasional Horno Crematorio<\/td>\n<\/tr>\n<tr>\n<td>Expte. N\u00ba2012-00182-8<\/td>\n<td>B. N. Kicrhner, proy. Ord, relevamiento se\u00f1alizaci\u00f3n Vial en arterias del Departamento<\/td>\n<\/tr>\n<\/tbody>\n<\/table>\n<p style=\"text-align: justify;\"><strong>Art\u00edculo 3\u00ba:<\/strong> Incl\u00fayanse en el Per\u00edodo de Pr\u00f3rroga los Expedientes que presenten los se\u00f1ores Concejales hasta el d\u00eda 12 de noviembre de 2012, los Expedientes que hayan ingresado a este Cuerpo hasta el d\u00eda 30 de octubre y que no se encuentren incluidos en el Art\u00edculo 2\u00b0 de la presente y todos los Expedientes que remita el Departamento Ejecutivo en el presente per\u00edodo.<\/p>\n<p style=\"text-align: justify;\"><strong>Art\u00edculo 4\u00ba:<\/strong> Comun\u00edquese al Departamento Ejecutivo a sus efectos e ins\u00e9rtese en el Libro de Resoluciones de este Cuerpo.<\/p>\n<p style=\"text-align: justify;\">Dada en la Sala de Sesiones Bandera Nacional Argentina del Concejo Deliberante de Rivadavia, Mendoza, a los 23 d\u00edas del mes de octubre de 2012.<\/p>\n<table>\n<tbody>\n<tr>\n<td style=\"text-align: center;\">ORLANDO JAVIER RODRIGUEZ<\/td>\n<td style=\"text-align: center;\">FLORINDA SEOANE<\/td>\n<\/tr>\n<tr>\n<td style=\"text-align: center;\">SECRETARIO H.C.D.<\/td>\n<td style=\"text-align: center;\">PRESIDENTA H.C.D.<\/td>\n<\/tr>\n<\/tbody>\n<\/table>\n<p style=\"text-align: right;\">Cpde. Expte. N\u00ba 2012-00296-6 C.D.<\/p>\n","protected":false},"excerpt":{"rendered":"<p>RESOLUCI\u00d3N N\u00ba 14 VISTO: El Expediente N\u00b0 2012-00296-6-, por el que el Jefe de Comisiones de este Cuerpo, informa sobre los Expedientes que se encuentran sin dictamen en las distintas Comisiones de este Cuerpo, y CONSIDERANDO: Que el d\u00eda 30 de octubre del corriente a\u00f1o finaliza el periodo de Sesiones Ordinarias. Que la Ley N\u00b0 [&hellip;]<\/p>\n","protected":false},"author":1,"featured_media":1020,"comment_status":"closed","ping_status":"closed","sticky":false,"template":"","format":"standard","meta":{"_acf_changed":false,"footnotes":""},"categories":[65],"tags":[],"class_list":["post-4833","post","type-post","status-publish","format-standard","has-post-thumbnail","hentry","category-resoluciones"],"acf":[],"_links":{"self":[{"href":"https:\/\/coworkdigital.com.ar\/hcd\/wp-json\/wp\/v2\/posts\/4833","targetHints":{"allow":["GET"]}}],"collection":[{"href":"https:\/\/coworkdigital.com.ar\/hcd\/wp-json\/wp\/v2\/posts"}],"about":[{"href":"https:\/\/coworkdigital.com.ar\/hcd\/wp-json\/wp\/v2\/types\/post"}],"author":[{"embeddable":true,"href":"https:\/\/coworkdigital.com.ar\/hcd\/wp-json\/wp\/v2\/users\/1"}],"replies":[{"embeddable":true,"href":"https:\/\/coworkdigital.com.ar\/hcd\/wp-json\/wp\/v2\/comments?post=4833"}],"version-history":[{"count":0,"href":"https:\/\/coworkdigital.com.ar\/hcd\/wp-json\/wp\/v2\/posts\/4833\/revisions"}],"wp:featuredmedia":[{"embeddable":true,"href":"https:\/\/coworkdigital.com.ar\/hcd\/wp-json\/wp\/v2\/media\/1020"}],"wp:attachment":[{"href":"https:\/\/coworkdigital.com.ar\/hcd\/wp-json\/wp\/v2\/media?parent=4833"}],"wp:term":[{"taxonomy":"category","embeddable":true,"href":"https:\/\/coworkdigital.com.ar\/hcd\/wp-json\/wp\/v2\/categories?post=4833"},{"taxonomy":"post_tag","embeddable":true,"href":"https:\/\/coworkdigital.com.ar\/hcd\/wp-json\/wp\/v2\/tags?post=4833"}],"curies":[{"name":"wp","href":"https:\/\/api.w.org\/{rel}","templated":true}]}}