{"id":4835,"date":"2012-10-09T13:52:55","date_gmt":"2012-10-09T13:52:55","guid":{"rendered":"http:\/\/www.rivadaviamendoza.gob.ar\/hcd\/?p=4835"},"modified":"2012-10-09T13:52:55","modified_gmt":"2012-10-09T13:52:55","slug":"resolucion-13-2012","status":"publish","type":"post","link":"https:\/\/coworkdigital.com.ar\/hcd\/resolucion-13-2012\/","title":{"rendered":"Resoluci\u00f3n 13-2012"},"content":{"rendered":"<p style=\"text-align: center;\"><strong><img fetchpriority=\"high\" decoding=\"async\" class=\"wp-image-1054 aligncenter\" src=\"http:\/\/rd.gov.ar\/wp4\/wp-content\/uploads\/2017\/02\/encabezado-300x60.jpg\" sizes=\"(max-width: 669px) 100vw, 669px\" srcset=\"http:\/\/www.rivadaviamendoza.gob.ar\/hcd\/wp-content\/uploads\/2017\/02\/encabezado-300x60.jpg 300w, http:\/\/www.rivadaviamendoza.gob.ar\/hcd\/wp-content\/uploads\/2017\/02\/encabezado-768x153.jpg 768w, http:\/\/www.rivadaviamendoza.gob.ar\/hcd\/wp-content\/uploads\/2017\/02\/encabezado-1024x203.jpg 1024w\" alt=\"\" width=\"669\" height=\"134\" \/><\/strong><\/p>\n<p style=\"text-align: center;\"><strong>RESOLUCI\u00d3N N\u00ba 13<\/strong><\/p>\n<p style=\"text-align: justify;\"><strong>VISTO:<br \/>\n<\/strong>La necesidad de ampliaci\u00f3n del edificio de la Escuela N\u00ba 9-006 \u201cProfesor Francisco Humberto Tolosa\u201d, de Rivadavia, y<\/p>\n<p style=\"text-align: justify;\"><strong>CONSIDERANDO:<\/strong><br \/>\nQue, la entidad escolar depende del Gobierno de la Provincia y los terrenos fueron adquiridos para ingresar al patrimonio de aqu\u00e9lla en raz\u00f3n de que est\u00e1n destinados a la ampliaci\u00f3n del edificio escolar. <strong>La colaboraci\u00f3n que efect\u00fao el Municipio a la Direcci\u00f3n General de Escuela debe ser tomado con un aporte, por cierto importante, para el desarrollo de la educaci\u00f3n en el Departamento y un beneficio directo para todos sus habitantes, quienes podr\u00e1n contar con mejor estructura edilicia para su capacitaci\u00f3n.<br \/>\n<\/strong>Que la Municipalidad de Rivadavia adquiri\u00f3 un inmueble ubicado en calle San Mart\u00edn sin n\u00famero, esquina Comeglio sin n\u00famero de esta Ciudad, inscripto en el Registro de la Propiedad Inmueble el T\u00edtulo 1, en la matr\u00edcula N\u00ba 319.275\/10, como se menciona en la Ordenanza N\u00ba 4491 del a\u00f1o 2010, de este Concejo Deliberante.<br \/>\nQue, la compra del terreno result\u00f3 beneficiosa, y por ello es indispensable que se comience con la obra citada, en raz\u00f3n de que permitir\u00eda en el futuro disponer de un inmueble\u00a0 para ampliar este importante centro escolar donde funcionan cuatro niveles educativos\u00a0 y concurren aproximadamente unos 3.000 alumnos pertenecientes al nivel inicial, primario, secundario y terciario, siendo la poblaci\u00f3n escolar que mayor crecimiento ha tenido en el \u00e1mbito departamental.<br \/>\nQue dicho Establecimiento, en 1999, adem\u00e1s de las carreras existentes, produjo la apertura de nuevos profesorados para ofrecer m\u00e1s posibilidades de elecci\u00f3n a los j\u00f3venes de la Zona Este: Profesorados en Tercer Ciclo de la Educaci\u00f3n General B\u00e1sica y de la Educaci\u00f3n Polimodal en Matem\u00e1tica, Econom\u00eda, Ciencia Pol\u00edtica y F\u00edsica; Profesorado de Educaci\u00f3n Inicial y el Profesorado en Primero y Segundo Ciclos de la Educaci\u00f3n General B\u00e1sica.<br \/>\nQue, adem\u00e1s, se trabaj\u00f3 activamente en la oferta de Trayectos, Post\u00edtulos y Certificaciones, tales como el Trayecto de Educaci\u00f3n de Adultos, Jardines Maternales y el de Educaci\u00f3n Rural, el Post\u00edtulo en Conducci\u00f3n Educativa y la Certificaci\u00f3n Pedag\u00f3gica para Graduados No Docentes y T\u00e9cnicos Superiores.<br \/>\nQue, generados estos trayectos educativos es que se implementaron en un patio destinado a la pr\u00e1ctica de la Educaci\u00f3n F\u00edsica y recreaci\u00f3n, m\u00f3dulos de chapa que funcionan como aulas, lo que implica este material soportar temperaturas bajas en invierno (pese a la calefacci\u00f3n y mucho calor en la \u00e9poca estival), y la imposibilidad de ser utilizado dicho patio para lo que fue destinado.<br \/>\nQue, desde el a\u00f1o 2001 la Instituci\u00f3n lleva el nombre de \u00abProfesor Francisco Humberto Tolosa\u00bb, en memoria de quien fuera su Director durante cuarenta a\u00f1os y que legara a varias generaciones de estudiantes el sello de una personalidad cimentada en valores de vida. Rescatando sus reflexiones, se resume la historia Institucional: <strong>La Escuela como centro de cultura de personalidades, promotora de la identidad regional, abre sus puertas a todos, pues \u00abtodos ense\u00f1an hasta los que no ense\u00f1an\u00bb<\/strong>.<br \/>\nQue, las nuevas ofertas que responden a la preparaci\u00f3n de recursos humanos dotados de competencias espec\u00edficas inherentes al \u00e1mbito tecnol\u00f3gico, atienden las expectativas de la comunidad referidas al crecimiento socio- productivo de la regi\u00f3n. En este marco, se implementaron en el a\u00f1o 2003 las Tecnicatura Superiores en Gesti\u00f3n de Microemprendimientos Tur\u00edsticos y en Gesti\u00f3n y Comercializaci\u00f3n de Producciones Regionales. Atendiendo a las demandas del medio, y como resultado de un proceso de racionalizaci\u00f3n y optimizaci\u00f3n de recursos, se incorpor\u00f3 en el mismo a\u00f1o el Profesorado en Tercer Ciclo de la Educaci\u00f3n General B\u00e1sica y de la Educaci\u00f3n Polimodal en Qu\u00edmica.<br \/>\nQue, en la actualidad, y con la intenci\u00f3n de dar respuesta a los requerimientos sociales vinculados con el \u00e1mbito educativo y determinados por nuevos escenarios del mundo globalizado y en permanente cambio que caracteriza al nuevo siglo, la tradicional Escuela Normal, <strong>\u00abFormadora de Formadores\u00bb<\/strong>, abre sus instancias de educaci\u00f3n al campo t\u00e9cnico. Se adjunta copia de la Ordenanza en la cual se espec\u00edfica que la compra del terreno es para la ampliaci\u00f3n del edificio escolar.<\/p>\n<p style=\"text-align: justify;\"><strong>POR ELLO:<\/strong><br \/>\nEl Concejo Deliberante de Rivadavia, Mendoza, y en uso de sus facultades:<\/p>\n<p style=\"text-align: center;\"><strong>RESUELVE<\/strong><\/p>\n<p style=\"text-align: justify;\"><strong>Art\u00edculo 1\u00ba:<\/strong> Que la Direcci\u00f3n General de Escuelas de Mendoza realice las gestiones pertinentes para comenzar la Obra de Ampliaci\u00f3n del edificio de la Escuela N\u00ba9-006 \u201cProfesor Francisco Humberto Tolosa\u201d, de la ciudad de Rivadavia.<\/p>\n<p style=\"text-align: justify;\"><strong>Art\u00edculo 2\u00ba:<\/strong> Solicitar al Ejecutivo Provincial que dicha obra sea incluida en el Presupuesto 2013.<\/p>\n<p style=\"text-align: justify;\"><strong>Art\u00edculo 3\u00ba:<\/strong> Remitir copia de la presente pieza legal a la Direcci\u00f3n General de Escuelas de la Provincia, para su conocimiento y dem\u00e1s efectos.<\/p>\n<p style=\"text-align: justify;\"><strong>Art\u00edculo 4\u00ba:<\/strong> Comun\u00edquese al Departamento Ejecutivo a sus efectos, e ins\u00e9rtese en el Libro de Resoluciones de este Cuerpo.<\/p>\n<p style=\"text-align: justify;\">Dada en la Sala de Sesiones Bandera Nacional Argentina, del Concejo Deliberante de Rivadavia, Mendoza, a los 09 d\u00edas del mes de octubre de 2012.<\/p>\n<table>\n<tbody>\n<tr>\n<td style=\"text-align: center;\">ORLANDO JAVIER RODRIGUEZ<\/td>\n<td style=\"text-align: center;\">FLORINDA SEOANE<\/td>\n<\/tr>\n<tr>\n<td style=\"text-align: center;\">SECRETARIO H.C.D.<\/td>\n<td style=\"text-align: center;\">PRESIDENTA H.C.D.<\/td>\n<\/tr>\n<\/tbody>\n<\/table>\n<p style=\"text-align: right;\">Cpde. Expte. N\u00ba 2012-00258-6 C.D.<\/p>\n","protected":false},"excerpt":{"rendered":"<p>RESOLUCI\u00d3N N\u00ba 13 VISTO: La necesidad de ampliaci\u00f3n del edificio de la Escuela N\u00ba 9-006 \u201cProfesor Francisco Humberto Tolosa\u201d, de Rivadavia, y CONSIDERANDO: Que, la entidad escolar depende del Gobierno de la Provincia y los terrenos fueron adquiridos para ingresar al patrimonio de aqu\u00e9lla en raz\u00f3n de que est\u00e1n destinados a la ampliaci\u00f3n del edificio [&hellip;]<\/p>\n","protected":false},"author":1,"featured_media":1020,"comment_status":"closed","ping_status":"closed","sticky":false,"template":"","format":"standard","meta":{"_acf_changed":false,"footnotes":""},"categories":[65],"tags":[],"class_list":["post-4835","post","type-post","status-publish","format-standard","has-post-thumbnail","hentry","category-resoluciones"],"acf":[],"_links":{"self":[{"href":"https:\/\/coworkdigital.com.ar\/hcd\/wp-json\/wp\/v2\/posts\/4835","targetHints":{"allow":["GET"]}}],"collection":[{"href":"https:\/\/coworkdigital.com.ar\/hcd\/wp-json\/wp\/v2\/posts"}],"about":[{"href":"https:\/\/coworkdigital.com.ar\/hcd\/wp-json\/wp\/v2\/types\/post"}],"author":[{"embeddable":true,"href":"https:\/\/coworkdigital.com.ar\/hcd\/wp-json\/wp\/v2\/users\/1"}],"replies":[{"embeddable":true,"href":"https:\/\/coworkdigital.com.ar\/hcd\/wp-json\/wp\/v2\/comments?post=4835"}],"version-history":[{"count":0,"href":"https:\/\/coworkdigital.com.ar\/hcd\/wp-json\/wp\/v2\/posts\/4835\/revisions"}],"wp:featuredmedia":[{"embeddable":true,"href":"https:\/\/coworkdigital.com.ar\/hcd\/wp-json\/wp\/v2\/media\/1020"}],"wp:attachment":[{"href":"https:\/\/coworkdigital.com.ar\/hcd\/wp-json\/wp\/v2\/media?parent=4835"}],"wp:term":[{"taxonomy":"category","embeddable":true,"href":"https:\/\/coworkdigital.com.ar\/hcd\/wp-json\/wp\/v2\/categories?post=4835"},{"taxonomy":"post_tag","embeddable":true,"href":"https:\/\/coworkdigital.com.ar\/hcd\/wp-json\/wp\/v2\/tags?post=4835"}],"curies":[{"name":"wp","href":"https:\/\/api.w.org\/{rel}","templated":true}]}}