{"id":4860,"date":"2012-02-28T15:33:35","date_gmt":"2012-02-28T15:33:35","guid":{"rendered":"http:\/\/www.rivadaviamendoza.gob.ar\/hcd\/?p=4860"},"modified":"2012-02-28T15:33:35","modified_gmt":"2012-02-28T15:33:35","slug":"resolucion-01-2012","status":"publish","type":"post","link":"https:\/\/coworkdigital.com.ar\/hcd\/resolucion-01-2012\/","title":{"rendered":"Resoluci\u00f3n 01-2012"},"content":{"rendered":"<p style=\"text-align: center;\"><strong><img fetchpriority=\"high\" decoding=\"async\" class=\"wp-image-1054 aligncenter\" src=\"http:\/\/rd.gov.ar\/wp4\/wp-content\/uploads\/2017\/02\/encabezado-300x60.jpg\" sizes=\"(max-width: 669px) 100vw, 669px\" srcset=\"http:\/\/www.rivadaviamendoza.gob.ar\/hcd\/wp-content\/uploads\/2017\/02\/encabezado-300x60.jpg 300w, http:\/\/www.rivadaviamendoza.gob.ar\/hcd\/wp-content\/uploads\/2017\/02\/encabezado-768x153.jpg 768w, http:\/\/www.rivadaviamendoza.gob.ar\/hcd\/wp-content\/uploads\/2017\/02\/encabezado-1024x203.jpg 1024w\" alt=\"\" width=\"669\" height=\"134\" \/><\/strong><\/p>\n<p style=\"text-align: center;\"><strong>RESOLUCION N\u00ba 01<\/strong><\/p>\n<p style=\"text-align: justify;\"><strong>VISTO<\/strong><br \/>\nEl Expediente N\u00ba 2012-00016-8,\u00a0 por el cual se convoco al Concejo Deliberante de Rivadavia a Sesi\u00f3n Preparatoria, y<\/p>\n<p style=\"text-align: justify;\"><strong>CONSIDERANDO<\/strong><br \/>\nQue la Ley N\u00ba 1.079 Org\u00e1nica de las Municipalidades, y sus modificatorias, Leyes N\u00ba 6.167 y N\u00ba 6.349, determinan y establecen cu\u00e1l ser\u00e1 el Per\u00edodo de Sesiones Ordinarias, y su Pr\u00f3rroga, como as\u00ed tambi\u00e9n, el Per\u00edodo de Sesiones Extraordinarias; que adem\u00e1s\u00a0 fija el procedimiento previsto para la elecci\u00f3n de las Autoridades de los Concejos Deliberantes, referenciando al respecto la siguiente f\u00f3rmula que dice: <strong>\u201c&#8230; Los Concejos proceder\u00e1n a la elecci\u00f3n de un Presidente, un Vice-Presidente 1\u00ba y un Vice-Presidente 2\u00ba, a simple pluralidad de votos, debiendo los tres ser ciudadanos Argentinos. En los casos de empate se decidir\u00e1 por sorteo. El per\u00edodo de esas Autoridades corre desde el primero de marzo hasta el veintiocho de febrero del a\u00f1o siguiente, pero su nombramiento es revocable en cualquier tiempo por Resoluci\u00f3n de dos tercios adoptada en Sesi\u00f3n P\u00fablica convocada a tal\u00a0 efecto. En caso de acefal\u00eda o ausencia de las Autoridades indicadas, asumir\u00e1 la Presidencia del Concejo el Concejal Argentino de mayor edad ..\u201d<\/strong>.<br \/>\nQue, en virtud de las disposiciones vigentes citadas en el p\u00e1rrafo anterior, las actuales Autoridades finalizan su mandato el d\u00eda 29 de febrero de 2012, por lo que corresponde proceder a la designaci\u00f3n de quienes conducir\u00e1n esta Instituci\u00f3n por el per\u00edodo comprendido entre los d\u00edas 01 de marzo de 2012 al 28 de febrero de 2013.<\/p>\n<p style=\"text-align: justify;\"><strong>POR ELLO<\/strong><br \/>\nEl Concejo Deliberante de Rivadavia, Mendoza y en uso de sus facultades:<\/p>\n<p style=\"text-align: center;\"><strong>RESUELVE:<\/strong><\/p>\n<p style=\"text-align: justify;\"><strong>Art\u00edculo 1\u00ba:<\/strong> Designar en el cargo de Presidenta del Concejo Deliberante de Rivadavia, Mendoza, a la Concejala Florinda Seoane, D.N.I. N\u00ba 4.145.308,\u00a0 por el per\u00edodo comprendido entre los d\u00edas 01 de marzo de 2012 al 28 de febrero de 2013.<\/p>\n<p style=\"text-align: justify;\"><strong>Art\u00edculo 2\u00ba:<\/strong> Designar en el cargo de Vicepresidente 1\u00ba del Concejo Deliberante de Rivadavia, Mendoza, al Concejal Juan Carlos Ag\u00fcero, D.N.I. N\u00ba 11.395.323, por el per\u00edodo comprendido entre los d\u00edas 01 de marzo de 2012 al 28 de febrero de 2013.<\/p>\n<p style=\"text-align: justify;\"><strong>Art\u00edculo 3\u00ba:<\/strong> Designar en el cargo de Vicepresidente 2\u00ba del Concejo Deliberante de Rivadavia, Mendoza, al Concejal Miguel Ronco, D.N.I. N\u00ba 10.599.223, por el per\u00edodo comprendido entre los d\u00edas 01 de marzo de 2012 al 28 de febrero de 2013.<\/p>\n<p style=\"text-align: justify;\"><strong>Art\u00edculo 4\u00ba:<\/strong> Comun\u00edquese al Departamento Ejecutivo, a sus efectos e ins\u00e9rtese en el Libro de Resoluciones de este Cuerpo.<\/p>\n<p style=\"text-align: justify;\">Dada en la Sala de Sesiones Bandera Nacional Argentina, del Concejo Deliberante de Rivadavia, provincia de Mendoza, a los 28 d\u00edas del mes de febrero de 2012.<\/p>\n<table>\n<tbody>\n<tr>\n<td style=\"text-align: center;\">ORLANDO JAVIER RODRIGUEZ<\/td>\n<td style=\"text-align: center;\">MAURICIO DI C\u00c9SARE<\/td>\n<\/tr>\n<tr>\n<td style=\"text-align: center;\">SECRETARIO H.C.D.<\/td>\n<td style=\"text-align: center;\">PRESIDENTA H.C.D.<\/td>\n<\/tr>\n<\/tbody>\n<\/table>\n<p style=\"text-align: right;\">Cpde. Expte. N\u00ba 2012-00016-8 C.D.<\/p>\n","protected":false},"excerpt":{"rendered":"<p>RESOLUCION N\u00ba 01 VISTO El Expediente N\u00ba 2012-00016-8,\u00a0 por el cual se convoco al Concejo Deliberante de Rivadavia a Sesi\u00f3n Preparatoria, y CONSIDERANDO Que la Ley N\u00ba 1.079 Org\u00e1nica de las Municipalidades, y sus modificatorias, Leyes N\u00ba 6.167 y N\u00ba 6.349, determinan y establecen cu\u00e1l ser\u00e1 el Per\u00edodo de Sesiones Ordinarias, y su Pr\u00f3rroga, como [&hellip;]<\/p>\n","protected":false},"author":1,"featured_media":1020,"comment_status":"closed","ping_status":"closed","sticky":false,"template":"","format":"standard","meta":{"_acf_changed":false,"footnotes":""},"categories":[65],"tags":[],"class_list":["post-4860","post","type-post","status-publish","format-standard","has-post-thumbnail","hentry","category-resoluciones"],"acf":[],"_links":{"self":[{"href":"https:\/\/coworkdigital.com.ar\/hcd\/wp-json\/wp\/v2\/posts\/4860","targetHints":{"allow":["GET"]}}],"collection":[{"href":"https:\/\/coworkdigital.com.ar\/hcd\/wp-json\/wp\/v2\/posts"}],"about":[{"href":"https:\/\/coworkdigital.com.ar\/hcd\/wp-json\/wp\/v2\/types\/post"}],"author":[{"embeddable":true,"href":"https:\/\/coworkdigital.com.ar\/hcd\/wp-json\/wp\/v2\/users\/1"}],"replies":[{"embeddable":true,"href":"https:\/\/coworkdigital.com.ar\/hcd\/wp-json\/wp\/v2\/comments?post=4860"}],"version-history":[{"count":0,"href":"https:\/\/coworkdigital.com.ar\/hcd\/wp-json\/wp\/v2\/posts\/4860\/revisions"}],"wp:featuredmedia":[{"embeddable":true,"href":"https:\/\/coworkdigital.com.ar\/hcd\/wp-json\/wp\/v2\/media\/1020"}],"wp:attachment":[{"href":"https:\/\/coworkdigital.com.ar\/hcd\/wp-json\/wp\/v2\/media?parent=4860"}],"wp:term":[{"taxonomy":"category","embeddable":true,"href":"https:\/\/coworkdigital.com.ar\/hcd\/wp-json\/wp\/v2\/categories?post=4860"},{"taxonomy":"post_tag","embeddable":true,"href":"https:\/\/coworkdigital.com.ar\/hcd\/wp-json\/wp\/v2\/tags?post=4860"}],"curies":[{"name":"wp","href":"https:\/\/api.w.org\/{rel}","templated":true}]}}