{"id":4875,"date":"2012-11-27T15:10:24","date_gmt":"2012-11-27T15:10:24","guid":{"rendered":"http:\/\/www.rivadaviamendoza.gob.ar\/hcd\/?p=4875"},"modified":"2012-11-27T15:10:24","modified_gmt":"2012-11-27T15:10:24","slug":"declaracion-35-2012","status":"publish","type":"post","link":"https:\/\/coworkdigital.com.ar\/hcd\/declaracion-35-2012\/","title":{"rendered":"Declaraci\u00f3n 35-2012"},"content":{"rendered":"<p style=\"text-align: center;\"><strong><img fetchpriority=\"high\" decoding=\"async\" class=\"wp-image-1054 aligncenter\" src=\"http:\/\/rd.gov.ar\/wp4\/wp-content\/uploads\/2017\/02\/encabezado-300x60.jpg\" sizes=\"(max-width: 669px) 100vw, 669px\" srcset=\"http:\/\/www.rivadaviamendoza.gob.ar\/hcd\/wp-content\/uploads\/2017\/02\/encabezado-300x60.jpg 300w, http:\/\/www.rivadaviamendoza.gob.ar\/hcd\/wp-content\/uploads\/2017\/02\/encabezado-768x153.jpg 768w, http:\/\/www.rivadaviamendoza.gob.ar\/hcd\/wp-content\/uploads\/2017\/02\/encabezado-1024x203.jpg 1024w\" alt=\"\" width=\"669\" height=\"134\" \/><\/strong><\/p>\n<p style=\"text-align: center;\"><strong>DECLARACI\u00d3N N\u00ba 35<\/strong><\/p>\n<p style=\"text-align: justify;\"><strong>VISTO:<\/strong><br \/>\nSu amplia trayectoria y reconocido como referente de la vitivinicultura Argentina, por el estilo inconfundible de sus vinos, por su alta capacidad de adaptaci\u00f3n a m\u00e1s de los 60 mercados y por su versatilidad para elaborar tanto vinos de volumen como peque\u00f1as partidas de alta gama.<\/p>\n<p style=\"text-align: justify;\"><strong>CONSIDERANDO:<\/strong><br \/>\nQue la presente, tiene como finalidad reconocer y distinguir a Jorge Riccitelli, rivadaviense de cepa, comprometido en la actividad vitivin\u00edcola por m\u00e1s de 40 a\u00f1os y actualmente elegido como el mejor en\u00f3logo del mundo.<br \/>\nQue, Don Jorge Riccitelli, naci\u00f3 en\u00a0 la maternidad de la Bodega Gargantini en Rivadavia hace 63 a\u00f1os y estudi\u00f3 en la Escuela de Enolog\u00eda Don Bosco, de Rodeo del Medio, aunque asegura que su escuela fue la bodega Gargantini, que estaba cerca de su casa\u00a0 paterna y donde dio sus primeros pasos.<br \/>\nPosteriormente\u00a0 de recibirse como en\u00f3logo, durante ocho a\u00f1os entr\u00f3 a trabajar en la Bodega Gargantini, en donde\u00a0 se produc\u00eda m\u00e1s de 40 millones de litros de vino, grapa y champ\u00e1n.<br \/>\nEn 1986 comenz\u00f3 a trabajar en la Bodega de\u00a0 Arnaldo Etchart en Salta, donde se destac\u00f3 como en\u00f3logo y responsable de la elaboraci\u00f3n de vino que se produc\u00eda. En ese momento la enolog\u00eda comenz\u00f3 a abrirse al mundo y eso le dio la posibilidad de conocer otros lugares, donde tambi\u00e9n se produc\u00eda vino. Los empresarios y los hacedores del vino argentino comenzaron a salir para ver la enolog\u00eda que hab\u00eda en otros pa\u00edses.<br \/>\nElabor\u00f3 vendimias en la regi\u00f3n francesa de Bon Pasteur con el marqu\u00e9s de Grignon, adem\u00e1s de Toledo, Napa Valley y Verona.<br \/>\nDesde 1992 esta a cargo de la producci\u00f3n de los vinos de la Bodega Norton.<br \/>\nFue el primer argentino en lograr una medalla de oro internacional para la vitivinicultura nacional (con un aut\u00e9ntico torront\u00e9s salte\u00f1o), y ahora acaba de convertirse tambi\u00e9n en el primero de nuestro pa\u00eds en consagrarse En\u00f3logo del A\u00f1o 2012 a nivel internacional, seg\u00fan la ponderaci\u00f3n que anualmente realiza la revista especializada Wine Enthusiast.<br \/>\nEs responsable de la innovaci\u00f3n a trav\u00e9s de vinos icono de la firma Norton, como Qu\u00f3rum, que incluye a\u00f1adas de tres variedades distintas, y el Gernot Langes, blend Malbec-Cabernet Sauvignon-Cabernet Franc del que se elabora una partida inferior a 5 mil botellas, a los que se sumar\u00e1n en poco tiempo la nueva creaci\u00f3n: partidas de varietales genuinos de la Primera Zona identificados por sus lotes de origen.<br \/>\nEl profesional mendocino fue nominado formalmente durante la segunda quincena de agosto, y recientemente, el 12 de noviembre, v\u00eda mail desde Estados Unidos, se confirm\u00f3 su consagraci\u00f3n.<br \/>\nEl pr\u00f3ximo 28 de enero de 2013 recibir\u00e1 el premio durante una gala de rigurosa etiqueta en la Biblioteca P\u00fablica de Nueva York, ubicada en la m\u00edtica 5ta Avenida y 41 street.<br \/>\nQue a trav\u00e9s de esta rese\u00f1a de vida, donde se destaca el compromiso constante y prestigioso\u00a0 de su trabajo y quien se reconoce como un hombre sencillo nacido en Rivadavia, entre vi\u00f1edos y bodegas,\u00a0 ve con agrado y orgullo realizar la petici\u00f3n realizada para que el en\u00f3logo Jorge Riccitelli reciba nuestro m\u00e1s sincero reconocimiento.<\/p>\n<p style=\"text-align: justify;\"><strong>POR ELLO:<\/strong><\/p>\n<p style=\"text-align: center;\"><strong>DECLARA<\/strong><\/p>\n<p style=\"text-align: justify;\"><strong>Art\u00edculo 1\u00ba:<\/strong> El Concejo Deliberante de Rivadavia, provincia de Mendoza, declara Ciudadano Destacado al se\u00f1or Jorge Riccitelli por su amplia trayectoria como En\u00f3logo del departamento de Rivadavia.<\/p>\n<p style=\"text-align: justify;\"><strong>Art\u00edculo 2\u00ba:<\/strong> Autor\u00edcese\u00a0 a la Presidencia de este Cuerpo, para que en nombre del Concejo Deliberante de Rivadavia, haga entrega de un diploma\u00a0 de distinci\u00f3n al mencionado ciudadano.<\/p>\n<p style=\"text-align: justify;\"><strong>Art\u00edculo 3\u00ba:<\/strong> Rem\u00edtase copia de la presente pieza legal, al Se\u00f1or Jorge Riccitelli.<\/p>\n<p style=\"text-align: justify;\"><strong>Art\u00edculo 4\u00ba:<\/strong> Comun\u00edquese al Departamento Ejecutivo a sus efectos e ins\u00e9rtese en el Libro de Declaraciones de este Cuerpo.<\/p>\n<p style=\"text-align: justify;\">Dada en la Sala de Sesiones Bandera Nacional Argentina del Concejo Deliberante de Rivadavia, Mendoza, a los 27 d\u00edas del mes de noviembre de 2012.<\/p>\n<table>\n<tbody>\n<tr>\n<td style=\"text-align: center;\">ORLANDO JAVIER RODRIGUEZ<\/td>\n<td style=\"text-align: center;\">FLORINDA SEOANE<\/td>\n<\/tr>\n<tr>\n<td style=\"text-align: center;\">SECRETARIO H.C.D.<\/td>\n<td style=\"text-align: center;\">PRESIDENTA H.C.D.<\/td>\n<\/tr>\n<\/tbody>\n<\/table>\n<p style=\"text-align: right;\">Cpde. Expte. N\u00ba 2012-00326-1 C.D.<\/p>\n","protected":false},"excerpt":{"rendered":"<p>DECLARACI\u00d3N N\u00ba 35 VISTO: Su amplia trayectoria y reconocido como referente de la vitivinicultura Argentina, por el estilo inconfundible de sus vinos, por su alta capacidad de adaptaci\u00f3n a m\u00e1s de los 60 mercados y por su versatilidad para elaborar tanto vinos de volumen como peque\u00f1as partidas de alta gama. CONSIDERANDO: Que la presente, tiene [&hellip;]<\/p>\n","protected":false},"author":1,"featured_media":4276,"comment_status":"closed","ping_status":"closed","sticky":false,"template":"","format":"standard","meta":{"_acf_changed":false,"footnotes":""},"categories":[66],"tags":[],"class_list":["post-4875","post","type-post","status-publish","format-standard","has-post-thumbnail","hentry","category-declaraciones"],"acf":[],"_links":{"self":[{"href":"https:\/\/coworkdigital.com.ar\/hcd\/wp-json\/wp\/v2\/posts\/4875","targetHints":{"allow":["GET"]}}],"collection":[{"href":"https:\/\/coworkdigital.com.ar\/hcd\/wp-json\/wp\/v2\/posts"}],"about":[{"href":"https:\/\/coworkdigital.com.ar\/hcd\/wp-json\/wp\/v2\/types\/post"}],"author":[{"embeddable":true,"href":"https:\/\/coworkdigital.com.ar\/hcd\/wp-json\/wp\/v2\/users\/1"}],"replies":[{"embeddable":true,"href":"https:\/\/coworkdigital.com.ar\/hcd\/wp-json\/wp\/v2\/comments?post=4875"}],"version-history":[{"count":0,"href":"https:\/\/coworkdigital.com.ar\/hcd\/wp-json\/wp\/v2\/posts\/4875\/revisions"}],"wp:featuredmedia":[{"embeddable":true,"href":"https:\/\/coworkdigital.com.ar\/hcd\/wp-json\/wp\/v2\/media\/4276"}],"wp:attachment":[{"href":"https:\/\/coworkdigital.com.ar\/hcd\/wp-json\/wp\/v2\/media?parent=4875"}],"wp:term":[{"taxonomy":"category","embeddable":true,"href":"https:\/\/coworkdigital.com.ar\/hcd\/wp-json\/wp\/v2\/categories?post=4875"},{"taxonomy":"post_tag","embeddable":true,"href":"https:\/\/coworkdigital.com.ar\/hcd\/wp-json\/wp\/v2\/tags?post=4875"}],"curies":[{"name":"wp","href":"https:\/\/api.w.org\/{rel}","templated":true}]}}