{"id":4883,"date":"2012-11-21T11:10:27","date_gmt":"2012-11-21T11:10:27","guid":{"rendered":"http:\/\/www.rivadaviamendoza.gob.ar\/hcd\/?p=4883"},"modified":"2012-11-21T11:10:27","modified_gmt":"2012-11-21T11:10:27","slug":"declaracion-31-2012","status":"publish","type":"post","link":"https:\/\/coworkdigital.com.ar\/hcd\/declaracion-31-2012\/","title":{"rendered":"Declaraci\u00f3n 31-2012"},"content":{"rendered":"<p style=\"text-align: center;\"><strong><img fetchpriority=\"high\" decoding=\"async\" class=\"wp-image-1054 aligncenter\" src=\"http:\/\/rd.gov.ar\/wp4\/wp-content\/uploads\/2017\/02\/encabezado-300x60.jpg\" sizes=\"(max-width: 669px) 100vw, 669px\" srcset=\"http:\/\/www.rivadaviamendoza.gob.ar\/hcd\/wp-content\/uploads\/2017\/02\/encabezado-300x60.jpg 300w, http:\/\/www.rivadaviamendoza.gob.ar\/hcd\/wp-content\/uploads\/2017\/02\/encabezado-768x153.jpg 768w, http:\/\/www.rivadaviamendoza.gob.ar\/hcd\/wp-content\/uploads\/2017\/02\/encabezado-1024x203.jpg 1024w\" alt=\"\" width=\"669\" height=\"134\" \/><\/strong><\/p>\n<p style=\"text-align: center;\"><strong>DECLARACI\u00d3N N\u00ba 31<\/strong><\/p>\n<p style=\"text-align: justify;\"><strong>VISTO:<\/strong><br \/>\nEl Expediente N\u00ba2012-00276-8, caratulado Escuela N\u00ba2-009 \u201cMar\u00eda Ang\u00e9lica Zapata de Catena\u201d, informa sobre Calendario Institucional 2013 \u201cInclusi\u00f3n Educativa y Social\u201d, y<\/p>\n<p style=\"text-align: justify;\"><strong>CONSIDERANDO:<\/strong><br \/>\nQue, el Cincuentenario de la Escuela en el a\u00f1o 2011, tuvo la iniciativa de sus Directivos organizar una serie de festejos y entre esas actividades se pens\u00f3 en la elaboraci\u00f3n de un Calendario que propiciara la Educaci\u00f3n Educativa y Social de las personas con discapacidad.<br \/>\nQue, en el presente a\u00f1o se continu\u00f3 con esta iniciativa, y que en esta oportunidad se convoca a distintas personas del Departamento como as\u00ed tambi\u00e9n del vecino Departamento de Jun\u00edn las cuales se destacan en diferentes \u00c1reas Sociales y Art\u00edsticas como por ejemplo: pintura; medicina; moda; m\u00fasica; historia; literatura; periodismo etc., las\u00a0 cuales colaboran desinteresadamente con esta Instituci\u00f3n en hacer\u00a0 conocer las actividades que se desarrollan\u00a0 con la inclusi\u00f3n Educativa y Social de las personsa con discapacidad. Adem\u00e1s como colorario de estas actividades surge la concreci\u00f3n de la elaboraci\u00f3n de un Calendario Institucional 2013, mediante el cual se propicia la Inclusi\u00f3n Educativa y Social.<\/p>\n<p style=\"text-align: justify;\"><strong>POR ELLO:<\/strong><br \/>\nEl\u00a0 Concejo Deliberante de Rivadavia, Mendoza, y en uso de sus facultades:<\/p>\n<p style=\"text-align: center;\"><strong>DECLARA<\/strong><\/p>\n<p style=\"text-align: justify;\"><strong>Art\u00edculo 1\u00ba:<\/strong> El Concejo Deliberante de Rivadavia, Provincia de Mendoza, declara de Inter\u00e9s Departamental y Social, la \u201cInclusi\u00f3n Educativa y Social\u201d, organizada por la Escuela N\u00ba2-009 \u201cMar\u00eda Ang\u00e9lica Zapata de Catena\u201d, con la inclusi\u00f3n del Calendario Institucional 2013.<\/p>\n<p style=\"text-align: justify;\"><strong>Art\u00edculo 2\u00ba:<\/strong> Remitir copia de la presente pieza legal a los Directivos de la Escuela N\u00ba2-009 \u201cMar\u00eda Ang\u00e9lica Zapata de Catena, para su conocimiento y dem\u00e1s efectos.<\/p>\n<p style=\"text-align: justify;\"><strong>Art\u00edculo 3\u00ba:<\/strong> Comun\u00edquese al Departamento Ejecutivo a sus efectos e ins\u00e9rtese en el Libro de Declaraciones de este Cuerpo.<\/p>\n<p style=\"text-align: justify;\">Dada en la Sala de Sesiones Bandera Nacional Argentina del Concejo Deliberante de Rivadavia, Mendoza, a los 21 d\u00edas del mes de noviembre de 2012.<\/p>\n<table>\n<tbody>\n<tr>\n<td style=\"text-align: center;\">ORLANDO JAVIER RODRIGUEZ<\/td>\n<td style=\"text-align: center;\">JUAN CARLOS AG\u00dcERO<\/td>\n<\/tr>\n<tr>\n<td style=\"text-align: center;\">SECRETARIO H.C.D.<\/td>\n<td style=\"text-align: center;\">VICE PRESIDENTE 1\u00ba C.D.<br \/>\nA\/C PRESIDENCIA C.D.<\/td>\n<\/tr>\n<\/tbody>\n<\/table>\n<p style=\"text-align: right;\">Cpde. Expte. N\u00ba 2012-00276-8 C.D.<\/p>\n","protected":false},"excerpt":{"rendered":"<p>DECLARACI\u00d3N N\u00ba 31 VISTO: El Expediente N\u00ba2012-00276-8, caratulado Escuela N\u00ba2-009 \u201cMar\u00eda Ang\u00e9lica Zapata de Catena\u201d, informa sobre Calendario Institucional 2013 \u201cInclusi\u00f3n Educativa y Social\u201d, y CONSIDERANDO: Que, el Cincuentenario de la Escuela en el a\u00f1o 2011, tuvo la iniciativa de sus Directivos organizar una serie de festejos y entre esas actividades se pens\u00f3 en la [&hellip;]<\/p>\n","protected":false},"author":1,"featured_media":4276,"comment_status":"closed","ping_status":"closed","sticky":false,"template":"","format":"standard","meta":{"_acf_changed":false,"footnotes":""},"categories":[66],"tags":[],"class_list":["post-4883","post","type-post","status-publish","format-standard","has-post-thumbnail","hentry","category-declaraciones"],"acf":[],"_links":{"self":[{"href":"https:\/\/coworkdigital.com.ar\/hcd\/wp-json\/wp\/v2\/posts\/4883","targetHints":{"allow":["GET"]}}],"collection":[{"href":"https:\/\/coworkdigital.com.ar\/hcd\/wp-json\/wp\/v2\/posts"}],"about":[{"href":"https:\/\/coworkdigital.com.ar\/hcd\/wp-json\/wp\/v2\/types\/post"}],"author":[{"embeddable":true,"href":"https:\/\/coworkdigital.com.ar\/hcd\/wp-json\/wp\/v2\/users\/1"}],"replies":[{"embeddable":true,"href":"https:\/\/coworkdigital.com.ar\/hcd\/wp-json\/wp\/v2\/comments?post=4883"}],"version-history":[{"count":0,"href":"https:\/\/coworkdigital.com.ar\/hcd\/wp-json\/wp\/v2\/posts\/4883\/revisions"}],"wp:featuredmedia":[{"embeddable":true,"href":"https:\/\/coworkdigital.com.ar\/hcd\/wp-json\/wp\/v2\/media\/4276"}],"wp:attachment":[{"href":"https:\/\/coworkdigital.com.ar\/hcd\/wp-json\/wp\/v2\/media?parent=4883"}],"wp:term":[{"taxonomy":"category","embeddable":true,"href":"https:\/\/coworkdigital.com.ar\/hcd\/wp-json\/wp\/v2\/categories?post=4883"},{"taxonomy":"post_tag","embeddable":true,"href":"https:\/\/coworkdigital.com.ar\/hcd\/wp-json\/wp\/v2\/tags?post=4883"}],"curies":[{"name":"wp","href":"https:\/\/api.w.org\/{rel}","templated":true}]}}