{"id":4889,"date":"2012-11-13T14:13:23","date_gmt":"2012-11-13T14:13:23","guid":{"rendered":"http:\/\/www.rivadaviamendoza.gob.ar\/hcd\/?p=4889"},"modified":"2012-11-13T14:13:23","modified_gmt":"2012-11-13T14:13:23","slug":"declaracion-28-2012","status":"publish","type":"post","link":"https:\/\/coworkdigital.com.ar\/hcd\/declaracion-28-2012\/","title":{"rendered":"Declaraci\u00f3n 28-2012"},"content":{"rendered":"<p style=\"text-align: center;\"><strong><img fetchpriority=\"high\" decoding=\"async\" class=\"wp-image-1054 aligncenter\" src=\"http:\/\/rd.gov.ar\/wp4\/wp-content\/uploads\/2017\/02\/encabezado-300x60.jpg\" sizes=\"(max-width: 669px) 100vw, 669px\" srcset=\"http:\/\/www.rivadaviamendoza.gob.ar\/hcd\/wp-content\/uploads\/2017\/02\/encabezado-300x60.jpg 300w, http:\/\/www.rivadaviamendoza.gob.ar\/hcd\/wp-content\/uploads\/2017\/02\/encabezado-768x153.jpg 768w, http:\/\/www.rivadaviamendoza.gob.ar\/hcd\/wp-content\/uploads\/2017\/02\/encabezado-1024x203.jpg 1024w\" alt=\"\" width=\"669\" height=\"134\" \/><\/strong><\/p>\n<p style=\"text-align: center;\"><strong>DECLARACI\u00d3N N\u00ba 28<\/strong><\/p>\n<p style=\"text-align: justify;\"><strong>VISTO:<br \/>\n<\/strong>El Expediente N\u00ba2012-00271-9, caratulado H.C.D. de Tunuy\u00e1n, remite Resoluci\u00f3n N\u00ba3.507\/12, referido rechazo al posible paso del Instituto Balseiro de la U.N.C. hacia la Universidad Nacional de R\u00edo Negro y su acumulado N\u00ba2012-00216-4, caratulado H.C.D. de San Rafael, referido al mismo tenor, y<\/p>\n<p style=\"text-align: justify;\"><strong>CONSIDERANDO:<\/strong><br \/>\nQue, el Instituto Balseiro es una instituci\u00f3n p\u00fablica y gratuita con una serie de caracter\u00edsticas que lo hacen \u00fanico. Fue creado en 1955 y\u00a0 se concret\u00f3 su formalizaci\u00f3n en el convenio firmado entre la <span style=\"text-decoration: underline;\">Comisi\u00f3n Nacional de Energ\u00eda At\u00f3mica<\/span> (CNEA) y la <span style=\"text-decoration: underline;\">Universidad Nacional de Cuyo<\/span> (UNCuyo). Sus objetivos se reflejan en la Resoluci\u00f3n del Rectorado 0445 de 1999, donde ambas partes <em>reiteran su voluntad en formular conjuntamente la pol\u00edtica acad\u00e9mica del Instituto Balseiro, aunando esfuerzos a los fines de coadyuvar solidariamente a la formaci\u00f3n de especialistas en Ciencias e Ingenier\u00eda y renuevan su objetivo de contribuir a la investigaci\u00f3n y desarrollo de actividades que satisfagan los intereses del pa\u00eds, a trav\u00e9s de LA UNIVERSIDAD y LA CNEA<\/em>. A la vez, el Instituto Balseiro es una unidad acad\u00e9mica integrada al <span style=\"text-decoration: underline;\">Centro At\u00f3mico Bariloche<\/span> (CAB) que cuenta con\u00a0 laboratorios de punta en investigaci\u00f3n y desarrollo a los que los estudiantes del Instituto Balseiro tienen acceso para realizar pr\u00e1cticas.<br \/>\nEl Instituto Balseiro trabaja en forma permanente con la misi\u00f3n de aportar de un modo sustancial\u00a0 al crecimiento del pa\u00eds en Ciencias y Tecnolog\u00eda a trav\u00e9s de la formaci\u00f3n de\u00a0 cient\u00edficos y tecn\u00f3logos tanto en el \u00e1rea nuclear con fines pac\u00edficos como en la no-nuclear. Estos logros se alcanzan a partir del fomento y concreci\u00f3n de <span style=\"text-decoration: underline;\">actividades acad\u00e9micas<\/span> de alto nivel.<\/p>\n<p style=\"text-align: justify;\"><span style=\"text-decoration: underline;\"><strong>CARACTER\u00cdSTICAS \u00daNICAS<\/strong><\/span><br \/>\nEs destacable el hecho de que todos los estudiantes del Instituto Balseiro reciben <span style=\"text-decoration: underline;\">becas<\/span> completas, lo que\u00a0 les\u00a0 permite una dedicaci\u00f3n plena al estudio. \u00c9ste, entre otros aspectos distintivos,\u00a0 permite\u00a0 que los alumnos de las carreras de <span style=\"text-decoration: underline;\">grado, maestr\u00eda y posgrado<\/span> del Instituto Balseiro accedan a una formaci\u00f3n\u00a0 de\u00a0 avanzada\u00a0 tanto\u00a0 en\u00a0 los\u00a0 aspectos\u00a0 te\u00f3ricos\u00a0 como\u00a0 en\u00a0 la\u00a0 pr\u00e1ctica\u00a0 de\u00a0 laboratorio y\u00a0 la innovaci\u00f3n tecnol\u00f3gicas.<\/p>\n<p style=\"text-align: justify;\"><strong><span style=\"text-decoration: underline;\">CARRERAS<\/span><\/strong><br \/>\nEn el Instituto Balseiro se dictan carreras de grado en <span style=\"text-decoration: underline;\">F\u00edsica, Ingenier\u00eda Nuclear, Ingenier\u00eda Mec\u00e1nica\u00a0 e Ingenier\u00eda en Telecomunicaciones<\/span>. Cabe destacar que el Instituto Balseiro es la \u00fanica instituci\u00f3n del pa\u00eds donde se dicta Ingenier\u00eda Nuclear en nivel de grado. Tambi\u00e9n, se brindan maestr\u00edas en <span style=\"text-decoration: underline;\">F\u00edsica, F\u00edsica M\u00e9dica<\/span> e <span style=\"text-decoration: underline;\">Ingenier\u00eda<\/span> y doctorados en <span style=\"text-decoration: underline;\">F\u00edsica<\/span>, <span style=\"text-decoration: underline;\">Ingenier\u00eda Nuclear<\/span> y <span style=\"text-decoration: underline;\">Ciencias de la Ingenier\u00eda<\/span>.<br \/>\n<span style=\"text-decoration: underline;\">Otras actividades acad\u00e9micas<\/span> incluyen\u00a0 la <span style=\"text-decoration: underline;\">Carrera de Especializaci\u00f3n en Aplicaciones Tecnol\u00f3gicas de la Energ\u00eda Nuclear<\/span> (CEATEN), as\u00ed como la Escuela de F\u00edsica del S\u00f3lido IB-CAB, Pasant\u00edas de Verano, Pasant\u00edas por Convenios con Universidades Nacionales y Extranjeras y Becas de Verano, Escuelas de Especializaci\u00f3n, Talleres, Congresos, Conferencias, Coloquios y Workshops.<br \/>\nDesde la creaci\u00f3n del Instituto Balseiro a la fecha egresaron 943 licenciados e ingenieros, 149 masters, 408 doctorados y 112 especialistas egresados de CEATEN (Especializaci\u00f3n en Aplicaciones Tecnol\u00f3gicas de la Energ\u00eda Nuclear). La mayor\u00eda de estos profesionales lograron una exitosa inserci\u00f3n laboral.<\/p>\n<p style=\"text-align: justify;\"><strong><span style=\"text-decoration: underline;\">CON LA SOCIEDAD<\/span><\/strong><br \/>\nEl IB realiza una amplia variedad de <span style=\"text-decoration: underline;\">actividades en relaci\u00f3n directa con la sociedad<\/span>. Algunas de estas actividades son: <span style=\"text-decoration: underline;\">apoyo a estudiantes universitarios en la web<\/span>, becas para pasant\u00edas dirigidas a alumnos de colegios secundarios, capacitaci\u00f3n a docentes de todos los niveles,\u00a0 colaboraciones en Ferias de CyT escolares, Muestra CAB-IB de experimentos para todo el p\u00fablico, charlas de especialistas en escuelas durante la Semana de la Ciencia y la Tecnolog\u00eda, eventos culturales, programas de radio, divulgaci\u00f3n de temas CyT en medios masivos, visitas guiadas al CAB, entre otros.<br \/>\nQue este Concejo Deliberante, ante el posible paso del Instituto Balseiro, hacia la Universidad Nacional de R\u00edo Negro, y teniendo en cuenta lo expresado en los considerandos, expresa su total rechazo a la pretendida iniciativa.<\/p>\n<p style=\"text-align: justify;\"><strong>POR ELLO:<\/strong><br \/>\nEl\u00a0 Concejo Deliberante de Rivadavia, Mendoza, y en uso de sus facultades:<\/p>\n<p style=\"text-align: center;\"><strong>DECLARA<\/strong><\/p>\n<p style=\"text-align: justify;\"><strong>Art\u00edculo 1\u00ba:<\/strong> El Concejo Deliberante de Rivadavia, provincia de Mendoza, adhiere en todas y cada una de sus partes a la Resoluci\u00f3n N\u00ba3.507\/12, emanada del Honorable Concejo Deliberante de Tunuy\u00e1n y\u00a0 a la Declaraci\u00f3n N\u00ba2245\/12 del Honorable Concejo Deliberante de San Rafael, mediante la cual rechaza el posible paso del Instituto Balseiro, desde la \u00f3rbita de la Universidad Nacional de Cuyo, hacia la Universidad Nacional de R\u00edo Negro.<\/p>\n<p style=\"text-align: justify;\"><strong>Art\u00edculo 2\u00ba:<\/strong> Remitir copia de la Presente pieza legal, al H.C.D. de Tunuy\u00e1n y San Rafael, a la Honorable C\u00e1mar de Senadores y Diputados de Mendoza y a la Universidad Nacional de Cuyo, para su conocimiento y dem\u00e1s efectos.<\/p>\n<p style=\"text-align: justify;\"><strong>Art\u00edculo 3\u00ba:<\/strong> Comun\u00edquese al Departamento Ejecutivo a sus efectos e ins\u00e9rtese en el Libro de Declaraciones de este Cuerpo.<\/p>\n<p style=\"text-align: justify;\">Dada en la Sala de Sesiones Bandera Nacional Argentina del Concejo Deliberante de Rivadavia, Mendoza, a los 13 d\u00edas del mes de noviembre de 2012.<\/p>\n<table>\n<tbody>\n<tr>\n<td style=\"text-align: center;\">ORLANDO JAVIER RODRIGUEZ<\/td>\n<td style=\"text-align: center;\">JUAN CARLOS AGUERO<\/td>\n<\/tr>\n<tr>\n<td style=\"text-align: center;\">SECRETARIO H.C.D.<\/td>\n<td style=\"text-align: center;\">VICE PRESIDENTE 1\u00ba C.D.<br \/>\nA\/C PRESIDENCIA C.D.<\/td>\n<\/tr>\n<\/tbody>\n<\/table>\n<p style=\"text-align: right;\">Cpde. Expte. N\u00ba 2012-00271-9 C.D.<br \/>\nN\u00ba2012-00216-4 C.D.<\/p>\n","protected":false},"excerpt":{"rendered":"<p>DECLARACI\u00d3N N\u00ba 28 VISTO: El Expediente N\u00ba2012-00271-9, caratulado H.C.D. de Tunuy\u00e1n, remite Resoluci\u00f3n N\u00ba3.507\/12, referido rechazo al posible paso del Instituto Balseiro de la U.N.C. hacia la Universidad Nacional de R\u00edo Negro y su acumulado N\u00ba2012-00216-4, caratulado H.C.D. de San Rafael, referido al mismo tenor, y CONSIDERANDO: Que, el Instituto Balseiro es una instituci\u00f3n p\u00fablica [&hellip;]<\/p>\n","protected":false},"author":1,"featured_media":4276,"comment_status":"closed","ping_status":"closed","sticky":false,"template":"","format":"standard","meta":{"_acf_changed":false,"footnotes":""},"categories":[66],"tags":[],"class_list":["post-4889","post","type-post","status-publish","format-standard","has-post-thumbnail","hentry","category-declaraciones"],"acf":[],"_links":{"self":[{"href":"https:\/\/coworkdigital.com.ar\/hcd\/wp-json\/wp\/v2\/posts\/4889","targetHints":{"allow":["GET"]}}],"collection":[{"href":"https:\/\/coworkdigital.com.ar\/hcd\/wp-json\/wp\/v2\/posts"}],"about":[{"href":"https:\/\/coworkdigital.com.ar\/hcd\/wp-json\/wp\/v2\/types\/post"}],"author":[{"embeddable":true,"href":"https:\/\/coworkdigital.com.ar\/hcd\/wp-json\/wp\/v2\/users\/1"}],"replies":[{"embeddable":true,"href":"https:\/\/coworkdigital.com.ar\/hcd\/wp-json\/wp\/v2\/comments?post=4889"}],"version-history":[{"count":0,"href":"https:\/\/coworkdigital.com.ar\/hcd\/wp-json\/wp\/v2\/posts\/4889\/revisions"}],"wp:featuredmedia":[{"embeddable":true,"href":"https:\/\/coworkdigital.com.ar\/hcd\/wp-json\/wp\/v2\/media\/4276"}],"wp:attachment":[{"href":"https:\/\/coworkdigital.com.ar\/hcd\/wp-json\/wp\/v2\/media?parent=4889"}],"wp:term":[{"taxonomy":"category","embeddable":true,"href":"https:\/\/coworkdigital.com.ar\/hcd\/wp-json\/wp\/v2\/categories?post=4889"},{"taxonomy":"post_tag","embeddable":true,"href":"https:\/\/coworkdigital.com.ar\/hcd\/wp-json\/wp\/v2\/tags?post=4889"}],"curies":[{"name":"wp","href":"https:\/\/api.w.org\/{rel}","templated":true}]}}