{"id":4891,"date":"2012-11-13T14:10:39","date_gmt":"2012-11-13T14:10:39","guid":{"rendered":"http:\/\/www.rivadaviamendoza.gob.ar\/hcd\/?p=4891"},"modified":"2012-11-13T14:10:39","modified_gmt":"2012-11-13T14:10:39","slug":"declaracion-27-2012","status":"publish","type":"post","link":"https:\/\/coworkdigital.com.ar\/hcd\/declaracion-27-2012\/","title":{"rendered":"Declaraci\u00f3n 27-2012"},"content":{"rendered":"<p style=\"text-align: center;\"><strong><img fetchpriority=\"high\" decoding=\"async\" class=\"wp-image-1054 aligncenter\" src=\"http:\/\/rd.gov.ar\/wp4\/wp-content\/uploads\/2017\/02\/encabezado-300x60.jpg\" sizes=\"(max-width: 669px) 100vw, 669px\" srcset=\"http:\/\/www.rivadaviamendoza.gob.ar\/hcd\/wp-content\/uploads\/2017\/02\/encabezado-300x60.jpg 300w, http:\/\/www.rivadaviamendoza.gob.ar\/hcd\/wp-content\/uploads\/2017\/02\/encabezado-768x153.jpg 768w, http:\/\/www.rivadaviamendoza.gob.ar\/hcd\/wp-content\/uploads\/2017\/02\/encabezado-1024x203.jpg 1024w\" alt=\"\" width=\"669\" height=\"134\" \/><\/strong><\/p>\n<p style=\"text-align: center;\"><strong>DECLARACI\u00d3N N\u00ba 27<\/strong><\/p>\n<p style=\"text-align: justify;\"><strong>VISTO:<\/strong><br \/>\nLa necesidad de poner en valor a los j\u00f3venes que se han destacado y se destacan a trav\u00e9s del tiempo en la faz deportiva en el Departamento de Rivadavia o fuera de \u00e9l, y<\/p>\n<p style=\"text-align: justify;\"><strong>CONSIDERANDO:<\/strong><br \/>\nQue, el jov\u00e9n JES\u00daS DAVID M\u00c9NDEZ, a lo largo de su prestigiosa carrera, le permiti\u00f3 traspasar las fronteras de nuestro Departamento y en una disciplina tan competitiva y popular como el f\u00fatbol, supo destacarse por su humildad y calidad deportiva como profesional.<br \/>\nPero para tener una visi\u00f3n mas acertada de su carrera, cabe mencionar que su inicio como futbolista, tuvieron su principio en el Club Mundo Nuevo, perteneciente a la Liga Rivadaviense de F\u00fatbol, pasando tambi\u00e9n por el Centro Deportivo Rivadavia y el Club Oriental Argentino, del cual su padre es el fundador y en el cual padre e hijo compartieron camar\u00edn y campo de juego.<br \/>\nCon el transcurrir del tiempo el j\u00f3ven M\u00e9ndez, fue adquiriendo experiencia deportiva, lo cual lo llevo a destacarse como mediocampista de creaci\u00f3n, en estas circunstancias es donde en el a\u00f1o 2004 es contratado por el Club Atl\u00e9tico River Plate, y en el a\u00f1o 2006 pasa a las filas de Olimpo de Bah\u00eda Blanca, posteriormente en ese mismo a\u00f1o retorna nuevamente a el Club River Plate, para luego en el a\u00f1o 2007, llevar su talento deportivo al viejo continente, mas precisamente al Club St. Gall\u00e9n perteneciente al Pa\u00eds de Suiza, desde Europa, retorna a nuestro pa\u00eds para jugar la temporada 2008-2009 para el Club Rosario Central, luego en el a\u00f1o 2010 ser\u00e1 contratado por el Club Boca Juniors, y en el a\u00f1o 2011 retorna al Club Rosario Central, ese mismo a\u00f1o vuelve nuevamente al Club Boca Juniors, desde donde retorna para vestir la casaca canalla hasta el presente en el Club de Rosario Central.<br \/>\nEs destacable que el jov\u00e9n David nunca olvid\u00f3 o reneg\u00f3 de su pertenencia como habitante de Rivadavia, ya que mantiene un flu\u00eddo contacto con sus amigos, como as\u00ed con sus seguidores deportivos, en ese no olvidarse, Jes\u00fas asiste o ayuda a vecinos y j\u00f3venes deportistas de Rivadavia, en forma silenciosa y desinteresada, lo que hace o resalta a\u00fan m\u00e1s su humildad.<\/p>\n<p style=\"text-align: justify;\"><strong>POR ELLO:<\/strong><br \/>\nEl\u00a0 Concejo Deliberante de Rivadavia, Mendoza, y en uso de sus facultades:<\/p>\n<p style=\"text-align: center;\"><strong>DECLARA<\/strong><\/p>\n<p style=\"text-align: justify;\"><strong>Art\u00edculo 1\u00ba:<\/strong> El Concejo Deliberante de Rivadavia, Provincia de Mendoza, declara Ciudadano Deportivo Destacado al se\u00f1or JES\u00daS DAVID M\u00c9NDEZ, por sus logros deportivos y destacada trayectoria en la faz futbol\u00edstica.<\/p>\n<p style=\"text-align: justify;\"><strong>Art\u00edculo 2\u00ba:<\/strong> Entregar Plaqueta de reconocimiento por su labor deportiva al Se\u00f1or JES\u00daS DAVID M\u00c9NDEZ, con la siguinete inscripci\u00f3n: <strong>\u201cALGUNAS PERSONAS TRIUNFAN POR QUE ESE ES SU DESTINO, PERO LA MAYOR\u00cdA DE QUIENES TRIUNFAN ES PORQUE DECIDIERON LOGRARLO\u201d<\/strong>.<\/p>\n<p style=\"text-align: justify;\"><strong>Art\u00edculo 3\u00ba:<\/strong> Comun\u00edquese al Departamento Ejecutivo a sus efectos e ins\u00e9rtese en el Libro de Declaraciones de este Cuerpo.<\/p>\n<p style=\"text-align: justify;\">Dada en la Sala de Sesiones Bandera Nacional Argentina del Concejo Deliberante de Rivadavia, Mendoza, a los 13 d\u00edas del mes de noviembre de 2012.<\/p>\n<table>\n<tbody>\n<tr>\n<td style=\"text-align: center;\">ORLANDO JAVIER RODRIGUEZ<\/td>\n<td style=\"text-align: center;\">JUAN CARLOS AGUERO<\/td>\n<\/tr>\n<tr>\n<td style=\"text-align: center;\">SECRETARIO H.C.D.<\/td>\n<td style=\"text-align: center;\">VICE PRESIDENTE 1\u00ba C.D.<br \/>\nA\/C PRESIDENCIA C.D.<\/td>\n<\/tr>\n<\/tbody>\n<\/table>\n<p style=\"text-align: right;\">Cpde. Expte. N\u00ba 2012-00311-3 C.D.<\/p>\n","protected":false},"excerpt":{"rendered":"<p>DECLARACI\u00d3N N\u00ba 27 VISTO: La necesidad de poner en valor a los j\u00f3venes que se han destacado y se destacan a trav\u00e9s del tiempo en la faz deportiva en el Departamento de Rivadavia o fuera de \u00e9l, y CONSIDERANDO: Que, el jov\u00e9n JES\u00daS DAVID M\u00c9NDEZ, a lo largo de su prestigiosa carrera, le permiti\u00f3 traspasar [&hellip;]<\/p>\n","protected":false},"author":1,"featured_media":4276,"comment_status":"closed","ping_status":"closed","sticky":false,"template":"","format":"standard","meta":{"_acf_changed":false,"footnotes":""},"categories":[66],"tags":[],"class_list":["post-4891","post","type-post","status-publish","format-standard","has-post-thumbnail","hentry","category-declaraciones"],"acf":[],"_links":{"self":[{"href":"https:\/\/coworkdigital.com.ar\/hcd\/wp-json\/wp\/v2\/posts\/4891","targetHints":{"allow":["GET"]}}],"collection":[{"href":"https:\/\/coworkdigital.com.ar\/hcd\/wp-json\/wp\/v2\/posts"}],"about":[{"href":"https:\/\/coworkdigital.com.ar\/hcd\/wp-json\/wp\/v2\/types\/post"}],"author":[{"embeddable":true,"href":"https:\/\/coworkdigital.com.ar\/hcd\/wp-json\/wp\/v2\/users\/1"}],"replies":[{"embeddable":true,"href":"https:\/\/coworkdigital.com.ar\/hcd\/wp-json\/wp\/v2\/comments?post=4891"}],"version-history":[{"count":0,"href":"https:\/\/coworkdigital.com.ar\/hcd\/wp-json\/wp\/v2\/posts\/4891\/revisions"}],"wp:featuredmedia":[{"embeddable":true,"href":"https:\/\/coworkdigital.com.ar\/hcd\/wp-json\/wp\/v2\/media\/4276"}],"wp:attachment":[{"href":"https:\/\/coworkdigital.com.ar\/hcd\/wp-json\/wp\/v2\/media?parent=4891"}],"wp:term":[{"taxonomy":"category","embeddable":true,"href":"https:\/\/coworkdigital.com.ar\/hcd\/wp-json\/wp\/v2\/categories?post=4891"},{"taxonomy":"post_tag","embeddable":true,"href":"https:\/\/coworkdigital.com.ar\/hcd\/wp-json\/wp\/v2\/tags?post=4891"}],"curies":[{"name":"wp","href":"https:\/\/api.w.org\/{rel}","templated":true}]}}