{"id":4897,"date":"2012-09-25T14:52:23","date_gmt":"2012-09-25T14:52:23","guid":{"rendered":"http:\/\/www.rivadaviamendoza.gob.ar\/hcd\/?p=4897"},"modified":"2012-09-25T14:52:23","modified_gmt":"2012-09-25T14:52:23","slug":"declaracion-24-2012","status":"publish","type":"post","link":"https:\/\/coworkdigital.com.ar\/hcd\/declaracion-24-2012\/","title":{"rendered":"Declaraci\u00f3n 24-2012"},"content":{"rendered":"<p style=\"text-align: center;\"><strong><img fetchpriority=\"high\" decoding=\"async\" class=\"wp-image-1054 aligncenter\" src=\"http:\/\/rd.gov.ar\/wp4\/wp-content\/uploads\/2017\/02\/encabezado-300x60.jpg\" sizes=\"(max-width: 669px) 100vw, 669px\" srcset=\"http:\/\/www.rivadaviamendoza.gob.ar\/hcd\/wp-content\/uploads\/2017\/02\/encabezado-300x60.jpg 300w, http:\/\/www.rivadaviamendoza.gob.ar\/hcd\/wp-content\/uploads\/2017\/02\/encabezado-768x153.jpg 768w, http:\/\/www.rivadaviamendoza.gob.ar\/hcd\/wp-content\/uploads\/2017\/02\/encabezado-1024x203.jpg 1024w\" alt=\"\" width=\"669\" height=\"134\" \/><\/strong><\/p>\n<p style=\"text-align: center;\"><strong>DECLARACI\u00d3N N\u00ba 24<\/strong><\/p>\n<p style=\"text-align: justify;\"><strong>VISTO:<\/strong><br \/>\nEl Expediente N\u00ba2012-00226-3, caratulado Honorable Concejo Deliberante de Jun\u00edn, remite copia de la Resoluci\u00f3n N\u00ba1.823\/12, referido Adhesi\u00f3n al Proyecto de Emergencia Nacional por la Violencia de G\u00e9nero, y<\/p>\n<p style=\"text-align: justify;\"><strong>CONSIDERANDO:<br \/>\n<\/strong>Que, en la actualidad ha surgido a nivel Nacional y Provincial un aumento de casos de violencia de G\u00e9nero y de femicidios, los cuales expresan una grav\u00edsima situaci\u00f3n de violaci\u00f3n de los derechos humanos de las mujeres.<br \/>\nQue, estas v\u00edctimas adolecen de un organismo de contenci\u00f3n para su reinserci\u00f3n en el sector laboral y dentro de la sociedad a fin de forjar sus relaciones u otras acciones, que les brinde una mejor calidad de vida.<\/p>\n<p style=\"text-align: justify;\"><strong>POR ELLO:<\/strong><br \/>\nEl\u00a0 Concejo Deliberante de Rivadavia, Mendoza, y en uso de sus facultades:<\/p>\n<p style=\"text-align: center;\"><strong>DECLARA<\/strong><\/p>\n<p style=\"text-align: justify;\"><strong>Art\u00edculo 1\u00b0:<\/strong> El Concejo Deliberante del departamento de Rivadavia, provincia de Mendoza,\u00a0 adhiere en todas y cada una de sus partes a la Resoluci\u00f3n N\u00ba1.823\/12, emanada del Honorable Concejo Deliberante de Jun\u00edn, por el cual Solicita a la Honorable Legislatura Provincial, la adhesi\u00f3n al Proyecto Integral para la Proclamaci\u00f3n de Emergencia Nacional por la Violencia de G\u00e9nero, presentado por el Grupo Mumal\u00e1.<\/p>\n<p style=\"text-align: justify;\"><strong>Art\u00edculo 2\u00b0:<\/strong> Remitir copia, de la presente pieza legal al Honorable\u00a0 Concejo Deliberante de\u00a0 Jun\u00edn, para su conocimiento y dem\u00e1s efectos.<\/p>\n<p style=\"text-align: justify;\"><strong>Art\u00edculo 3\u00b0:<\/strong> Comun\u00edquese al Departamento Ejecutivo a sus efectos e ins\u00e9rtese en el Libro de Declaraciones de este Cuerpo.<\/p>\n<p style=\"text-align: justify;\">Dada en la Sala de Sesiones Bandera Nacional Argentina del Concejo Deliberante de Rivadavia, Mendoza, a los 25 d\u00edas del mes de setiembre de 2012.<\/p>\n<table>\n<tbody>\n<tr>\n<td style=\"text-align: center;\">ORLANDO JAVIER RODRIGUEZ<\/td>\n<td style=\"text-align: center;\">FLORINDA SEOANE<\/td>\n<\/tr>\n<tr>\n<td style=\"text-align: center;\">SECRETARIO H.C.D.<\/td>\n<td style=\"text-align: center;\">PRESIDENTA H.C.D.<\/td>\n<\/tr>\n<\/tbody>\n<\/table>\n<p style=\"text-align: right;\">Cpde. Expte. N\u00ba 2012-00226-3 C.D.<\/p>\n","protected":false},"excerpt":{"rendered":"<p>DECLARACI\u00d3N N\u00ba 24 VISTO: El Expediente N\u00ba2012-00226-3, caratulado Honorable Concejo Deliberante de Jun\u00edn, remite copia de la Resoluci\u00f3n N\u00ba1.823\/12, referido Adhesi\u00f3n al Proyecto de Emergencia Nacional por la Violencia de G\u00e9nero, y CONSIDERANDO: Que, en la actualidad ha surgido a nivel Nacional y Provincial un aumento de casos de violencia de G\u00e9nero y de femicidios, [&hellip;]<\/p>\n","protected":false},"author":1,"featured_media":4276,"comment_status":"closed","ping_status":"closed","sticky":false,"template":"","format":"standard","meta":{"_acf_changed":false,"footnotes":""},"categories":[66],"tags":[],"class_list":["post-4897","post","type-post","status-publish","format-standard","has-post-thumbnail","hentry","category-declaraciones"],"acf":[],"_links":{"self":[{"href":"https:\/\/coworkdigital.com.ar\/hcd\/wp-json\/wp\/v2\/posts\/4897","targetHints":{"allow":["GET"]}}],"collection":[{"href":"https:\/\/coworkdigital.com.ar\/hcd\/wp-json\/wp\/v2\/posts"}],"about":[{"href":"https:\/\/coworkdigital.com.ar\/hcd\/wp-json\/wp\/v2\/types\/post"}],"author":[{"embeddable":true,"href":"https:\/\/coworkdigital.com.ar\/hcd\/wp-json\/wp\/v2\/users\/1"}],"replies":[{"embeddable":true,"href":"https:\/\/coworkdigital.com.ar\/hcd\/wp-json\/wp\/v2\/comments?post=4897"}],"version-history":[{"count":0,"href":"https:\/\/coworkdigital.com.ar\/hcd\/wp-json\/wp\/v2\/posts\/4897\/revisions"}],"wp:featuredmedia":[{"embeddable":true,"href":"https:\/\/coworkdigital.com.ar\/hcd\/wp-json\/wp\/v2\/media\/4276"}],"wp:attachment":[{"href":"https:\/\/coworkdigital.com.ar\/hcd\/wp-json\/wp\/v2\/media?parent=4897"}],"wp:term":[{"taxonomy":"category","embeddable":true,"href":"https:\/\/coworkdigital.com.ar\/hcd\/wp-json\/wp\/v2\/categories?post=4897"},{"taxonomy":"post_tag","embeddable":true,"href":"https:\/\/coworkdigital.com.ar\/hcd\/wp-json\/wp\/v2\/tags?post=4897"}],"curies":[{"name":"wp","href":"https:\/\/api.w.org\/{rel}","templated":true}]}}