{"id":4903,"date":"2012-09-11T14:43:16","date_gmt":"2012-09-11T14:43:16","guid":{"rendered":"http:\/\/www.rivadaviamendoza.gob.ar\/hcd\/?p=4903"},"modified":"2012-09-11T14:43:16","modified_gmt":"2012-09-11T14:43:16","slug":"declaracion-21-2012","status":"publish","type":"post","link":"https:\/\/coworkdigital.com.ar\/hcd\/declaracion-21-2012\/","title":{"rendered":"Declaraci\u00f3n 21-2012"},"content":{"rendered":"<p style=\"text-align: center;\"><strong><img fetchpriority=\"high\" decoding=\"async\" class=\"wp-image-1054 aligncenter\" src=\"http:\/\/rd.gov.ar\/wp4\/wp-content\/uploads\/2017\/02\/encabezado-300x60.jpg\" sizes=\"(max-width: 669px) 100vw, 669px\" srcset=\"http:\/\/www.rivadaviamendoza.gob.ar\/hcd\/wp-content\/uploads\/2017\/02\/encabezado-300x60.jpg 300w, http:\/\/www.rivadaviamendoza.gob.ar\/hcd\/wp-content\/uploads\/2017\/02\/encabezado-768x153.jpg 768w, http:\/\/www.rivadaviamendoza.gob.ar\/hcd\/wp-content\/uploads\/2017\/02\/encabezado-1024x203.jpg 1024w\" alt=\"\" width=\"669\" height=\"134\" \/><\/strong><\/p>\n<p style=\"text-align: center;\"><strong>DECLARACI\u00d3N N\u00ba 21<\/strong><\/p>\n<p style=\"text-align: justify;\"><strong>VISTO:<\/strong><br \/>\nLa necesidad planteada por usuarios y choferes del transporte p\u00fablico de pasajeros de la Zona Este, ante la problem\u00e1tica delictiva, y<\/p>\n<p style=\"text-align: justify;\"><strong>CONSIDERANDO:<\/strong><br \/>\nQue los delincuentes han incrementado su accionar delictivo, sobre el servicio p\u00fablico de pasajeros, provocando el temor en el pasaje y sobre todo en los choferes de las unidades que recorren la Zona Este, en algunos casos con extrema violencia hacia los choferes de las unidades de transporte, poniendo en riesgo la integridad f\u00edsica y psicol\u00f3gica de los profesionales del volante y en algunos casos dejando secuelas psicol\u00f3gicas, debe destacarse que este problema no se daba con frecuencia en la Zona Este, pero de un tiempo a esta parte, la delincuencia al ser perseguida en el Gran Mendoza se traslado a la zona Este, transmitiendo la problem\u00e1tica de la inseguridad a nuestros pasajeros y choferes del transporte p\u00fablico de pasajeros.<br \/>\nAnte esta problem\u00e1tica creciente, el sindicato de choferes de colectivos<strong> UCRA\u00a0 (Uni\u00f3n de Conductores de la Rep\u00fablica Argentina Seccional Mendoza)<\/strong>, que agrupa entre sus afiliados y no afiliados, a una cantidad aproximada de 230 choferes, distribuidos entre las empresas, <strong>DICETOURS S.R.L. y NUEVA GENERACI\u00d3N S.A.<\/strong>, como as\u00ed tambi\u00e9n este flagelo alcanza a empresas prestatarias de distinto tipo de transporte como por ejemplo\u00a0 <strong>PRESTACIONES, TRANSPORTE BARTOLOME MITRE S.R.L. Y TRANSPORTE CATA<\/strong>, ha tomado la iniciativa presentando una propuesta superadora, tendiente a resguardar la seguridad de los pasajeros y choferes en su\u00a0 conjunto, ya que los maleantes no discriminan a la hora de delinquir en busca de dinero u objetos de valor que encuentran en cada unidad de transporte.<br \/>\nLa propuesta surge del an\u00e1lisis del problema, elaborado por el sindicato de choferes, donde se observa\u00a0 que las unidades de transporte se han vuelto un blanco predilecto de los maleantes\u00a0 por dos causas principales; como son las largas distancias que recorren y en algunos casos esas zonas recorridas se encuentran\u00a0 con tramos\u00a0 deshabitadas o con viviendas dispersas, caracter\u00edsticas\u00a0 t\u00edpicas de las zona rural de nuestra provincia, el otro motivo y tal vez el mas importante es que los colectiveros manejan sumas importante de dinero en sus recorridos, agravando aun m\u00e1s la situaci\u00f3n, sobre todo en horarios nocturnos, y se debe hacer observancia que los colectiveros en temporada escolar transportan a casi la totalidad de los alumnos de los distintos departamentos de la Zona Este, ante esta situaci\u00f3n y en horarios picos escolares se agrava aun m\u00e1s la situaci\u00f3n de vulnerabilidad de los menores ante los hechos delictivos, ante esta realidad y estudio mediante surge una propuesta para superar\u00a0 esta situaci\u00f3n, por medio de la instalaci\u00f3n de maquinas del cobro de boleto, ya que por medio de este mecanismo se evitar\u00eda el manejo de dinero, y la oportunidad a los delincuentes de delinquir.<\/p>\n<p style=\"text-align: justify;\"><strong>POR ELLO:<\/strong><br \/>\nEl\u00a0 Concejo Deliberante de Rivadavia, Mendoza, y en uso de sus facultades:<\/p>\n<p style=\"text-align: center;\"><strong>DECLARA<\/strong><\/p>\n<p style=\"text-align: justify;\"><strong>Art\u00edculo 1\u00b0:<\/strong> El Concejo Deliberante del departamento de Rivadavia, ver\u00eda con agrado que la Secretar\u00eda\u00a0 de Transporte de la provincia de Mendoza, arbitre los medios necesarios, tendientes a la colocaci\u00f3n de m\u00e1quinas registradoras de boletos, que deber\u00edan ser compatibles con el sistema SUBE (Sistema \u00danico de Boleto Electr\u00f3nico), implementado por el Gobierno Nacional,\u00a0 en la unidades de colectivos de la zona Este, evitando as\u00ed el manejo de dinero en su totalidad por parte de los choferes de colectivo.<\/p>\n<p style=\"text-align: justify;\"><strong>Art\u00edculo 2\u00b0:<\/strong> Remitir copia de la presente a la Secretar\u00eda de Transporte de la provincia de Mendoza,\u00a0 para su tratamiento.<\/p>\n<p style=\"text-align: justify;\"><strong>Art\u00edculo 3\u00b0:<\/strong> Remitir copia, para su conocimiento\u00a0 y adhesi\u00f3n, a los Honorables\u00a0 Concejos Deliberantes de los Departamentos de Jun\u00edn, San Mart\u00edn, Santa Rosa, La Paz, Maip\u00fa, Lavalle, Tupungato, Las Heras y Tunuy\u00e1n.<\/p>\n<p style=\"text-align: justify;\"><strong>Art\u00edculo 4\u00b0:<\/strong> Comun\u00edquese al Departamento Ejecutivo,\u00a0 a sus efectos e ins\u00e9rtese en el Libro de Declaraciones de este Cuerpo.<\/p>\n<p style=\"text-align: justify;\">Dada en la Sala de Sesiones Bandera Nacional Argentina del Concejo Deliberante de Rivadavia, Mendoza, a los 11 d\u00edas del mes de setiembre de 2012.<\/p>\n<table>\n<tbody>\n<tr>\n<td style=\"text-align: center;\">ORLANDO JAVIER RODRIGUEZ<\/td>\n<td style=\"text-align: center;\">FLORINDA SEOANE<\/td>\n<\/tr>\n<tr>\n<td style=\"text-align: center;\">SECRETARIO H.C.D.<\/td>\n<td style=\"text-align: center;\">PRESIDENTA H.C.D.<\/td>\n<\/tr>\n<\/tbody>\n<\/table>\n<p style=\"text-align: right;\">Cpde. Expte. N\u00ba 2012-00167-9 C.D.<\/p>\n","protected":false},"excerpt":{"rendered":"<p>DECLARACI\u00d3N N\u00ba 21 VISTO: La necesidad planteada por usuarios y choferes del transporte p\u00fablico de pasajeros de la Zona Este, ante la problem\u00e1tica delictiva, y CONSIDERANDO: Que los delincuentes han incrementado su accionar delictivo, sobre el servicio p\u00fablico de pasajeros, provocando el temor en el pasaje y sobre todo en los choferes de las unidades [&hellip;]<\/p>\n","protected":false},"author":1,"featured_media":4276,"comment_status":"closed","ping_status":"closed","sticky":false,"template":"","format":"standard","meta":{"_acf_changed":false,"footnotes":""},"categories":[66],"tags":[],"class_list":["post-4903","post","type-post","status-publish","format-standard","has-post-thumbnail","hentry","category-declaraciones"],"acf":[],"_links":{"self":[{"href":"https:\/\/coworkdigital.com.ar\/hcd\/wp-json\/wp\/v2\/posts\/4903","targetHints":{"allow":["GET"]}}],"collection":[{"href":"https:\/\/coworkdigital.com.ar\/hcd\/wp-json\/wp\/v2\/posts"}],"about":[{"href":"https:\/\/coworkdigital.com.ar\/hcd\/wp-json\/wp\/v2\/types\/post"}],"author":[{"embeddable":true,"href":"https:\/\/coworkdigital.com.ar\/hcd\/wp-json\/wp\/v2\/users\/1"}],"replies":[{"embeddable":true,"href":"https:\/\/coworkdigital.com.ar\/hcd\/wp-json\/wp\/v2\/comments?post=4903"}],"version-history":[{"count":0,"href":"https:\/\/coworkdigital.com.ar\/hcd\/wp-json\/wp\/v2\/posts\/4903\/revisions"}],"wp:featuredmedia":[{"embeddable":true,"href":"https:\/\/coworkdigital.com.ar\/hcd\/wp-json\/wp\/v2\/media\/4276"}],"wp:attachment":[{"href":"https:\/\/coworkdigital.com.ar\/hcd\/wp-json\/wp\/v2\/media?parent=4903"}],"wp:term":[{"taxonomy":"category","embeddable":true,"href":"https:\/\/coworkdigital.com.ar\/hcd\/wp-json\/wp\/v2\/categories?post=4903"},{"taxonomy":"post_tag","embeddable":true,"href":"https:\/\/coworkdigital.com.ar\/hcd\/wp-json\/wp\/v2\/tags?post=4903"}],"curies":[{"name":"wp","href":"https:\/\/api.w.org\/{rel}","templated":true}]}}