{"id":4911,"date":"2012-09-11T14:10:11","date_gmt":"2012-09-11T14:10:11","guid":{"rendered":"http:\/\/www.rivadaviamendoza.gob.ar\/hcd\/?p=4911"},"modified":"2012-09-11T14:10:11","modified_gmt":"2012-09-11T14:10:11","slug":"declaracion-18-2012","status":"publish","type":"post","link":"https:\/\/coworkdigital.com.ar\/hcd\/declaracion-18-2012\/","title":{"rendered":"Declaraci\u00f3n 18-2012"},"content":{"rendered":"<p style=\"text-align: center;\"><strong><img fetchpriority=\"high\" decoding=\"async\" class=\"wp-image-1054 aligncenter\" src=\"http:\/\/rd.gov.ar\/wp4\/wp-content\/uploads\/2017\/02\/encabezado-300x60.jpg\" sizes=\"(max-width: 669px) 100vw, 669px\" srcset=\"http:\/\/www.rivadaviamendoza.gob.ar\/hcd\/wp-content\/uploads\/2017\/02\/encabezado-300x60.jpg 300w, http:\/\/www.rivadaviamendoza.gob.ar\/hcd\/wp-content\/uploads\/2017\/02\/encabezado-768x153.jpg 768w, http:\/\/www.rivadaviamendoza.gob.ar\/hcd\/wp-content\/uploads\/2017\/02\/encabezado-1024x203.jpg 1024w\" alt=\"\" width=\"669\" height=\"134\" \/><\/strong><\/p>\n<p style=\"text-align: center;\"><strong>DECLARACI\u00d3N N\u00ba 18<\/strong><\/p>\n<p style=\"text-align: justify;\"><strong>VISTO:<\/strong><br \/>\nLa necesidad de destacar las actividades deportivas e inclusivas realizadas en las escuelas primarias del Departamento, que integran las Jornadas <strong>\u201cVamos a competir, nos vamos a divertir\u201d<\/strong>, organizadas por la APEF (Asociaci\u00f3n de Profesionales de la Educaci\u00f3n F\u00edsica) y;<\/p>\n<p style=\"text-align: justify;\"><strong>CONSIDERANDO:<\/strong><br \/>\nQue, en la actualidad en diversas escuelas primarias realizan actividades netamente inclusivas, deportivas, recreativas, culturales y sociales en las cuales\u00a0 los alumnos jugadores forman equipos entre ellos, para que la integraci\u00f3n sea total.\u00a0 La participaci\u00f3n del departamento de Rivadavia es completa, y tambi\u00e9n en algunas escuelas de Santa Rosa, Jun\u00edn y San Mart\u00edn. En dichas actividades no hay l\u00edmites de edad, ni federativos, lo que posibilita que TODOS los alumnos puedan participar.<br \/>\nQue, el lema de la Jornada <strong>\u201cVamos a competir, nos vamos a divertir\u201d<\/strong>\u00a0 consiste en disponer en distintos espacios del parque, de 30, 40 \u00f3 50 canchas de voleibol y hasta 24 de f\u00fatbol, donde los chicos juegan simult\u00e1neamente sin que haya registro de resultados y rotando a la derecha de su ataque, para darle mayor dinamismo a la actividad, jugando con quien quede enfrente, totalizando al final de la media jornada de actividad m\u00e1s de 10 partidos, en los que prima el buen clima, y en donde JAM\u00c1S, en las 15 ediciones que se han realizado ha habido hechos de violencia a pesar de no disponer de \u00e1rbitros en todas las canchas, h\u00e1bitos que se inducen desde la organizaci\u00f3n, pues se\u00a0 potencia la virtud del negociar, acordar y respetar reglas.<br \/>\nQue, la primera edici\u00f3n fue el 7 de noviembre de 2007, y se desarroll\u00f3 en 3 sedes: La Central. Complejo Polideportivo Municipal y el Club de Andrade, y\u00a0 desde abril de 2008 todas las actividades se concentran en el Complejo Polideportivo Municipal.<br \/>\nQue, estas Jornadas se dirigen especialmente a alumnos de 4to., 5to., 6to. y 7mo. Grados y convocan en cada edici\u00f3n a m\u00e1s de 500 ni\u00f1os. La 15ta. Edici\u00f3n realizada el 15 de mayo de 2012, fue la m\u00e1s convocante, ya que super\u00f3 los 1.000 ni\u00f1os. De acuerdo con el registro que se dispone, m\u00e1s de 10.000 ni\u00f1os han disfrutado de estas actividades en los \u00faltimos 4 a\u00f1os, teniendo como cuenta pendiente que s\u00f3lo una vez se pudo trasladar a los chicos de Costa Anzorena.<br \/>\nQue, adem\u00e1s, se han realizado tres ediciones con ni\u00f1os de 1ro., 2do. y 3er. Grados, con m\u00e1s de 250 ni\u00f1os en jornadas\u00a0 recreativas y\u00a0 masivas, agrupados en grandes juegos. Actualmente, se est\u00e1n preparando 7 jornadas: una para cada grado de la escuela primaria.<br \/>\nPor todo lo expuesto anteriormente, creemos que es oportuno declarar de Inter\u00e9s Departamental Deportivo Socio-cultural, las Jornadas <strong>\u201cVamos a competir, nos vamos a divertir\u201d<\/strong>. Organizada por\u00a0 la APEF.<\/p>\n<p style=\"text-align: justify;\"><strong>POR ELLO:<\/strong><br \/>\nEl\u00a0 Concejo Deliberante de Rivadavia, Mendoza, y en uso de sus facultades:<\/p>\n<p style=\"text-align: center;\"><strong>DECLARACI\u00d3N<\/strong><\/p>\n<p style=\"text-align: justify;\"><strong>Art\u00edculo 1\u00ba:<\/strong> Declarar de Inter\u00e9s Deportivo Socio-cultural para el departamento de Rivadavia, las Jornadas <strong>\u201cVamos a competir, nos vamos a divertir\u201d<\/strong>.<\/p>\n<p style=\"text-align: justify;\"><strong>Art\u00edculo 2\u00ba:<\/strong> Remitir copia de la presente pieza legal a los Honorables Concejos Deliberantes que integran la Zona Este (La Paz, Santa Rosa, San Mart\u00edn y Jun\u00edn).<\/p>\n<p style=\"text-align: justify;\"><strong>Art\u00edculo 3\u00ba:<\/strong> Comun\u00edquese al Departamento Ejecutivo a sus efectos e ins\u00e9rtese en el Libro de Declaraciones de este Cuerpo.<\/p>\n<p style=\"text-align: justify;\">Dada en la Sala de Sesiones Bandera Nacional Argentina del Concejo Deliberante de Rivadavia, Mendoza, a los 11 d\u00edas del mes de setiembre de 2012.<\/p>\n<table>\n<tbody>\n<tr>\n<td style=\"text-align: center;\">ORLANDO JAVIER RODRIGUEZ<\/td>\n<td style=\"text-align: center;\">FLORINDA SEOANE<\/td>\n<\/tr>\n<tr>\n<td style=\"text-align: center;\">SECRETARIO H.C.D.<\/td>\n<td style=\"text-align: center;\">PRESIDENTA H.C.D.<\/td>\n<\/tr>\n<\/tbody>\n<\/table>\n<p style=\"text-align: right;\">Cpde. Expte. N\u00ba 2012-00203-2 C.D.<\/p>\n","protected":false},"excerpt":{"rendered":"<p>DECLARACI\u00d3N N\u00ba 18 VISTO: La necesidad de destacar las actividades deportivas e inclusivas realizadas en las escuelas primarias del Departamento, que integran las Jornadas \u201cVamos a competir, nos vamos a divertir\u201d, organizadas por la APEF (Asociaci\u00f3n de Profesionales de la Educaci\u00f3n F\u00edsica) y; CONSIDERANDO: Que, en la actualidad en diversas escuelas primarias realizan actividades netamente [&hellip;]<\/p>\n","protected":false},"author":1,"featured_media":4276,"comment_status":"closed","ping_status":"closed","sticky":false,"template":"","format":"standard","meta":{"_acf_changed":false,"footnotes":""},"categories":[66],"tags":[],"class_list":["post-4911","post","type-post","status-publish","format-standard","has-post-thumbnail","hentry","category-declaraciones"],"acf":[],"_links":{"self":[{"href":"https:\/\/coworkdigital.com.ar\/hcd\/wp-json\/wp\/v2\/posts\/4911","targetHints":{"allow":["GET"]}}],"collection":[{"href":"https:\/\/coworkdigital.com.ar\/hcd\/wp-json\/wp\/v2\/posts"}],"about":[{"href":"https:\/\/coworkdigital.com.ar\/hcd\/wp-json\/wp\/v2\/types\/post"}],"author":[{"embeddable":true,"href":"https:\/\/coworkdigital.com.ar\/hcd\/wp-json\/wp\/v2\/users\/1"}],"replies":[{"embeddable":true,"href":"https:\/\/coworkdigital.com.ar\/hcd\/wp-json\/wp\/v2\/comments?post=4911"}],"version-history":[{"count":0,"href":"https:\/\/coworkdigital.com.ar\/hcd\/wp-json\/wp\/v2\/posts\/4911\/revisions"}],"wp:featuredmedia":[{"embeddable":true,"href":"https:\/\/coworkdigital.com.ar\/hcd\/wp-json\/wp\/v2\/media\/4276"}],"wp:attachment":[{"href":"https:\/\/coworkdigital.com.ar\/hcd\/wp-json\/wp\/v2\/media?parent=4911"}],"wp:term":[{"taxonomy":"category","embeddable":true,"href":"https:\/\/coworkdigital.com.ar\/hcd\/wp-json\/wp\/v2\/categories?post=4911"},{"taxonomy":"post_tag","embeddable":true,"href":"https:\/\/coworkdigital.com.ar\/hcd\/wp-json\/wp\/v2\/tags?post=4911"}],"curies":[{"name":"wp","href":"https:\/\/api.w.org\/{rel}","templated":true}]}}