{"id":4913,"date":"2012-09-04T10:38:48","date_gmt":"2012-09-04T10:38:48","guid":{"rendered":"http:\/\/www.rivadaviamendoza.gob.ar\/hcd\/?p=4913"},"modified":"2012-09-04T10:38:48","modified_gmt":"2012-09-04T10:38:48","slug":"declaracion-17-2012","status":"publish","type":"post","link":"https:\/\/coworkdigital.com.ar\/hcd\/declaracion-17-2012\/","title":{"rendered":"Declaraci\u00f3n 17-2012"},"content":{"rendered":"<p style=\"text-align: center;\"><strong><img fetchpriority=\"high\" decoding=\"async\" class=\"wp-image-1054 aligncenter\" src=\"http:\/\/rd.gov.ar\/wp4\/wp-content\/uploads\/2017\/02\/encabezado-300x60.jpg\" sizes=\"(max-width: 669px) 100vw, 669px\" srcset=\"http:\/\/www.rivadaviamendoza.gob.ar\/hcd\/wp-content\/uploads\/2017\/02\/encabezado-300x60.jpg 300w, http:\/\/www.rivadaviamendoza.gob.ar\/hcd\/wp-content\/uploads\/2017\/02\/encabezado-768x153.jpg 768w, http:\/\/www.rivadaviamendoza.gob.ar\/hcd\/wp-content\/uploads\/2017\/02\/encabezado-1024x203.jpg 1024w\" alt=\"\" width=\"669\" height=\"134\" \/><\/strong><\/p>\n<p style=\"text-align: center;\"><strong>DECLARACION N\u00ba 17<\/strong><\/p>\n<p style=\"text-align: justify;\"><strong>VISTO:<\/strong><br \/>\nLa solicitud efectuada por la Sociedad Argentina de Nutrici\u00f3n, mediante Expediente N\u00ba 2012-00134-9 de que sean declaradas de inter\u00e9s Municipal las \u201cXI Jornadas Argentinas de Nutrici\u00f3n\u201d y \u201cII Jornadas Trasandinas de Nutrici\u00f3n\u201d,\u00a0 y<\/p>\n<p style=\"text-align: justify;\"><strong>CONSIDERANDO:<\/strong><br \/>\nQue dichas Jornadas se llevar\u00e1n a cabo los d\u00edas 7 y 8 de setiembre del corriente a\u00f1o en el Centro de Congresos y Exposiciones \u201cGobernador Emilio Civit\u201d, de la Ciudad de Mendoza.<br \/>\nQue en esta oportunidad ser\u00e1n puestos al d\u00eda los ejes tem\u00e1ticos m\u00e1s importantes del \u00e1rea de nutrici\u00f3n a cargo de destacados participantes locales y del exterior, propuestos por la Subcomisi\u00f3n Cient\u00edfica de la Sociedad Argentina de Nutrici\u00f3n, tal como se puede observar en el programa adjunto que obra en fojas 3 y 4 de este Expediente.<br \/>\nQue actividades de esta naturaleza merecen nuestra consideraci\u00f3n y valoraci\u00f3n.<\/p>\n<p style=\"text-align: justify;\"><strong>POR ELLO:<\/strong><br \/>\nEl Concejo Deliberante de Rivadavia, Mendoza, y en uso de sus facultades:<\/p>\n<p style=\"text-align: center;\"><strong>DECLARA<\/strong><\/p>\n<p style=\"text-align: justify;\"><strong>Art\u00edculo 1\u00ba:<\/strong> Concejo Deliberante de Rivadavia, provincia de Mendoza, declara de inter\u00e9s Municipal las \u201cXI Jornadas Argentinas de Nutrici\u00f3n\u201d y \u201cII Jornadas Trasandinas de Nutrici\u00f3n\u201d, por llevarse a cabo los d\u00edas 7 y 8 de setiembre del corriente a\u00f1o en el Centro de Congresos y Exposiciones \u201cGobernador Emilio Civit\u201d, de la Ciudad de Mendoza.<\/p>\n<p style=\"text-align: justify;\"><strong>Art\u00edculo 2\u00ba:<\/strong> Enviar copia de la presente pieza legal al Dr. Edgardo Ridner, Presidente de la Sociedad Argentina de Nutrici\u00f3n, para su conocimiento y dem\u00e1s efectos.<\/p>\n<p style=\"text-align: justify;\"><strong>Art\u00edculo 3\u00ba:<\/strong> Comun\u00edquese al Departamento Ejecutivo a sus efectos e ins\u00e9rtese en el Libro de Declaraciones de este Cuerpo.<\/p>\n<p style=\"text-align: justify;\">Dada en la Sala\u00a0 de Sesiones Bandera Nacional Argentina del Concejo Deliberante de Rivadavia,\u00a0 Mendoza, a los 04 d\u00edas del mes de setiembre de 2012.<\/p>\n<table>\n<tbody>\n<tr>\n<td style=\"text-align: center;\">ORLANDO JAVIER RODRIGUEZ<\/td>\n<td style=\"text-align: center;\">FLORINDA SEOANE<\/td>\n<\/tr>\n<tr>\n<td style=\"text-align: center;\">SECRETARIO H.C.D.<\/td>\n<td style=\"text-align: center;\">PRESIDENTA H.C.D.<\/td>\n<\/tr>\n<\/tbody>\n<\/table>\n<p style=\"text-align: right;\">Cpde. Expte. N\u00ba 2012-00134-9 C.D.<br \/>\nN\u00ba 2012-08609-2 D.E.<\/p>\n","protected":false},"excerpt":{"rendered":"<p>DECLARACION N\u00ba 17 VISTO: La solicitud efectuada por la Sociedad Argentina de Nutrici\u00f3n, mediante Expediente N\u00ba 2012-00134-9 de que sean declaradas de inter\u00e9s Municipal las \u201cXI Jornadas Argentinas de Nutrici\u00f3n\u201d y \u201cII Jornadas Trasandinas de Nutrici\u00f3n\u201d,\u00a0 y CONSIDERANDO: Que dichas Jornadas se llevar\u00e1n a cabo los d\u00edas 7 y 8 de setiembre del corriente a\u00f1o [&hellip;]<\/p>\n","protected":false},"author":1,"featured_media":4276,"comment_status":"closed","ping_status":"closed","sticky":false,"template":"","format":"standard","meta":{"_acf_changed":false,"footnotes":""},"categories":[66],"tags":[],"class_list":["post-4913","post","type-post","status-publish","format-standard","has-post-thumbnail","hentry","category-declaraciones"],"acf":[],"_links":{"self":[{"href":"https:\/\/coworkdigital.com.ar\/hcd\/wp-json\/wp\/v2\/posts\/4913","targetHints":{"allow":["GET"]}}],"collection":[{"href":"https:\/\/coworkdigital.com.ar\/hcd\/wp-json\/wp\/v2\/posts"}],"about":[{"href":"https:\/\/coworkdigital.com.ar\/hcd\/wp-json\/wp\/v2\/types\/post"}],"author":[{"embeddable":true,"href":"https:\/\/coworkdigital.com.ar\/hcd\/wp-json\/wp\/v2\/users\/1"}],"replies":[{"embeddable":true,"href":"https:\/\/coworkdigital.com.ar\/hcd\/wp-json\/wp\/v2\/comments?post=4913"}],"version-history":[{"count":0,"href":"https:\/\/coworkdigital.com.ar\/hcd\/wp-json\/wp\/v2\/posts\/4913\/revisions"}],"wp:featuredmedia":[{"embeddable":true,"href":"https:\/\/coworkdigital.com.ar\/hcd\/wp-json\/wp\/v2\/media\/4276"}],"wp:attachment":[{"href":"https:\/\/coworkdigital.com.ar\/hcd\/wp-json\/wp\/v2\/media?parent=4913"}],"wp:term":[{"taxonomy":"category","embeddable":true,"href":"https:\/\/coworkdigital.com.ar\/hcd\/wp-json\/wp\/v2\/categories?post=4913"},{"taxonomy":"post_tag","embeddable":true,"href":"https:\/\/coworkdigital.com.ar\/hcd\/wp-json\/wp\/v2\/tags?post=4913"}],"curies":[{"name":"wp","href":"https:\/\/api.w.org\/{rel}","templated":true}]}}