{"id":4921,"date":"2012-08-02T11:40:40","date_gmt":"2012-08-02T11:40:40","guid":{"rendered":"http:\/\/www.rivadaviamendoza.gob.ar\/hcd\/?p=4921"},"modified":"2012-08-02T11:40:40","modified_gmt":"2012-08-02T11:40:40","slug":"declaracion-13-2012","status":"publish","type":"post","link":"https:\/\/coworkdigital.com.ar\/hcd\/declaracion-13-2012\/","title":{"rendered":"Declaraci\u00f3n 13-2012"},"content":{"rendered":"<p style=\"text-align: center;\"><strong><img fetchpriority=\"high\" decoding=\"async\" class=\"wp-image-1054 aligncenter\" src=\"http:\/\/rd.gov.ar\/wp4\/wp-content\/uploads\/2017\/02\/encabezado-300x60.jpg\" sizes=\"(max-width: 669px) 100vw, 669px\" srcset=\"http:\/\/www.rivadaviamendoza.gob.ar\/hcd\/wp-content\/uploads\/2017\/02\/encabezado-300x60.jpg 300w, http:\/\/www.rivadaviamendoza.gob.ar\/hcd\/wp-content\/uploads\/2017\/02\/encabezado-768x153.jpg 768w, http:\/\/www.rivadaviamendoza.gob.ar\/hcd\/wp-content\/uploads\/2017\/02\/encabezado-1024x203.jpg 1024w\" alt=\"\" width=\"669\" height=\"134\" \/><\/strong><\/p>\n<p style=\"text-align: center;\"><strong>DECLARACION N\u00ba 013<\/strong><\/p>\n<p style=\"text-align: justify;\"><strong>VISTO<\/strong><br \/>\nLa importancia socio-cultural que reviste el Programa \u201cPILARES\u201d, que se trasmite los d\u00edas mi\u00e9rcoles de 21:00 a 22:00 por F.M. 102.1 Galileo Rivadavia y.<\/p>\n<p style=\"text-align: justify;\"><strong>CONSIDERANDO<\/strong><br \/>\nQue, el mencionado espacio radial producido y conducido por Jos\u00e9 Tito Ag\u00fcero, con voz comercial de Gladis Panonto y colaboraci\u00f3n de Noem\u00ed Ag\u00fcero, evidencia un relevante contenido socio-cultural rivadaviense, teniendo en cuenta que es un canal comunicacional que tiende a reconocer a obreros rurales, empleados, artistas, deportistas y profesionales de distintas actividades laborales que hacen al quehacer y progreso departamental.<br \/>\nQue la denominaci\u00f3n dada al Programa: \u201cPILARES\u201d, nos remite a pensar que su esencia es dar a conocer las interesantes historias personales -poco reconocidas y quiz\u00e1s an\u00f3nimas- de quienes \u201csostienen\u201d y construyen la vida cotidiana de nuestra Comunidad. Adem\u00e1s, se puede afirmar que por sus caracter\u00edsticas, \u201cPILARES\u201d es pionero en Rivadavia y en la Provincia.<br \/>\nQue, estamos frente al Primer Aniversario de su emisi\u00f3n comenzada el 26 de julio de 2011, y ser\u00eda plausible brindarle nuestro reconocimiento institucional dado su valor intr\u00ednseco y extr\u00ednseco y su loable prop\u00f3sito.<\/p>\n<p style=\"text-align: justify;\"><strong>POR ELLO<\/strong><br \/>\nEl Concejo Deliberante de Rivadavia, Mendoza, y en uso de sus facultades:<\/p>\n<p style=\"text-align: center;\"><strong>DECLARA<\/strong><\/p>\n<p style=\"text-align: justify;\"><strong>Art\u00edculo 1\u00ba:<\/strong> Declarar de inter\u00e9s Cultural Departamental el Programa radial \u201cPILARES\u201d, que se emite en F.M. 102.1 Galileo Rivadavia.<\/p>\n<p style=\"text-align: justify;\"><strong>Art\u00edculo 2\u00ba:<\/strong> Enviar copia de la presente pieza legal a las personas que conforman el equipo de producci\u00f3n y conducci\u00f3n del mismo y al Director de F.M. Galileo Rivadavia, para su conocimiento y dem\u00e1s efectos.<\/p>\n<p style=\"text-align: justify;\"><strong>Art\u00edculo 3\u00ba:<\/strong> Comun\u00edquese al Departamento Ejecutivo a sus efectos e ins\u00e9rtese en el Libro de Declaraciones de este Cuerpo.<\/p>\n<p style=\"text-align: justify;\">Dada en la Sala\u00a0 de Sesiones Bandera Nacional Argentina del Concejo Deliberante de Rivadavia,\u00a0 Mendoza, a los 2 d\u00edas del mes de agosto de 2012<\/p>\n<table>\n<tbody>\n<tr>\n<td style=\"text-align: center;\">ORLANDO JAVIER RODRIGUEZ<\/td>\n<td style=\"text-align: center;\">FLORINDA SEOANE<\/td>\n<\/tr>\n<tr>\n<td style=\"text-align: center;\">SECRETARIO H.C.D.<\/td>\n<td style=\"text-align: center;\">PRESIDENTA H.C.D.<\/td>\n<\/tr>\n<\/tbody>\n<\/table>\n<p style=\"text-align: right;\">Cpde. Expte. N\u00ba 2012-00154-7 C.D.<\/p>\n","protected":false},"excerpt":{"rendered":"<p>DECLARACION N\u00ba 013 VISTO La importancia socio-cultural que reviste el Programa \u201cPILARES\u201d, que se trasmite los d\u00edas mi\u00e9rcoles de 21:00 a 22:00 por F.M. 102.1 Galileo Rivadavia y. CONSIDERANDO Que, el mencionado espacio radial producido y conducido por Jos\u00e9 Tito Ag\u00fcero, con voz comercial de Gladis Panonto y colaboraci\u00f3n de Noem\u00ed Ag\u00fcero, evidencia un relevante [&hellip;]<\/p>\n","protected":false},"author":1,"featured_media":4276,"comment_status":"closed","ping_status":"closed","sticky":false,"template":"","format":"standard","meta":{"_acf_changed":false,"footnotes":""},"categories":[66],"tags":[],"class_list":["post-4921","post","type-post","status-publish","format-standard","has-post-thumbnail","hentry","category-declaraciones"],"acf":[],"_links":{"self":[{"href":"https:\/\/coworkdigital.com.ar\/hcd\/wp-json\/wp\/v2\/posts\/4921","targetHints":{"allow":["GET"]}}],"collection":[{"href":"https:\/\/coworkdigital.com.ar\/hcd\/wp-json\/wp\/v2\/posts"}],"about":[{"href":"https:\/\/coworkdigital.com.ar\/hcd\/wp-json\/wp\/v2\/types\/post"}],"author":[{"embeddable":true,"href":"https:\/\/coworkdigital.com.ar\/hcd\/wp-json\/wp\/v2\/users\/1"}],"replies":[{"embeddable":true,"href":"https:\/\/coworkdigital.com.ar\/hcd\/wp-json\/wp\/v2\/comments?post=4921"}],"version-history":[{"count":0,"href":"https:\/\/coworkdigital.com.ar\/hcd\/wp-json\/wp\/v2\/posts\/4921\/revisions"}],"wp:featuredmedia":[{"embeddable":true,"href":"https:\/\/coworkdigital.com.ar\/hcd\/wp-json\/wp\/v2\/media\/4276"}],"wp:attachment":[{"href":"https:\/\/coworkdigital.com.ar\/hcd\/wp-json\/wp\/v2\/media?parent=4921"}],"wp:term":[{"taxonomy":"category","embeddable":true,"href":"https:\/\/coworkdigital.com.ar\/hcd\/wp-json\/wp\/v2\/categories?post=4921"},{"taxonomy":"post_tag","embeddable":true,"href":"https:\/\/coworkdigital.com.ar\/hcd\/wp-json\/wp\/v2\/tags?post=4921"}],"curies":[{"name":"wp","href":"https:\/\/api.w.org\/{rel}","templated":true}]}}