{"id":4923,"date":"2012-08-02T11:30:08","date_gmt":"2012-08-02T11:30:08","guid":{"rendered":"http:\/\/www.rivadaviamendoza.gob.ar\/hcd\/?p=4923"},"modified":"2012-08-02T11:30:08","modified_gmt":"2012-08-02T11:30:08","slug":"declaracion-12-2012","status":"publish","type":"post","link":"https:\/\/coworkdigital.com.ar\/hcd\/declaracion-12-2012\/","title":{"rendered":"Declaraci\u00f3n 12-2012"},"content":{"rendered":"<p style=\"text-align: center;\"><strong><img fetchpriority=\"high\" decoding=\"async\" class=\"wp-image-1054 aligncenter\" src=\"http:\/\/rd.gov.ar\/wp4\/wp-content\/uploads\/2017\/02\/encabezado-300x60.jpg\" sizes=\"(max-width: 669px) 100vw, 669px\" srcset=\"http:\/\/www.rivadaviamendoza.gob.ar\/hcd\/wp-content\/uploads\/2017\/02\/encabezado-300x60.jpg 300w, http:\/\/www.rivadaviamendoza.gob.ar\/hcd\/wp-content\/uploads\/2017\/02\/encabezado-768x153.jpg 768w, http:\/\/www.rivadaviamendoza.gob.ar\/hcd\/wp-content\/uploads\/2017\/02\/encabezado-1024x203.jpg 1024w\" alt=\"\" width=\"669\" height=\"134\" \/><\/strong><\/p>\n<p style=\"text-align: center;\"><strong>DECLARACION N\u00ba 12<\/strong><\/p>\n<p style=\"text-align: justify;\"><strong>VISTO<br \/>\n<\/strong>El libro de poemas \u201cSon Cosas de Mi Pueblo &#8211; Segunda Parte\u201d, del autor Rub\u00e9n Chaves Canciani, y<\/p>\n<p style=\"text-align: justify;\"><strong>CONSIDERANDO<\/strong><br \/>\nQue el citado poeta rivadaviense produjo en 1998 el libro \u201cSon Cosas de Mi Pueblo\u201d, que fuera declarado de Inter\u00e9s Cultural Departamental, por Ordenanza N\u00ba 3.628, del 19 de junio de 1998.<br \/>\nEn esta oportunidad, dicho autor nos presenta la segunda parte de \u201cSon Cosas de Mi Pueblo\u201d, con un seleccionado contenido literario que rescata nuestras Instituciones culturales, educacionales y sociales; a nuestros vecinos populares, cantantes, deportistas y&#8230;&#8230;. <em>\u201ca todos los amigos que la vida me prest\u00f3, he hicieron posible estos versos \u2026\u201d<\/em> seg\u00fan las palabras que vuelca en el inicio de su obra.<br \/>\nQue el camino que viene recorriendo Rub\u00e9n Chaves Canciani, muestra una nutrida serie de hitos, reconocimientos y logros alcanzados a nivel departamental, provincial y nacional, a trav\u00e9s de interesantes y variadas obras que pintan n\u00edtidamente personajes y entidades tradicionales de nuestra Comunidad, mediante una esmerada urdimbre literaria que le permite tejer est\u00e9ticamente sus poemas.<br \/>\nQue \u201cSon Cosas de Mi Pueblo, Segunda Parte\u201d, es un aporte m\u00e1s al acervo departamental y un singular pilar de la arquitectura cultural ridavadaviense.<br \/>\nQue ser\u00eda plausible destacar institucionalmente esta obra, dado el valor que representa para nuestro Pueblo, siendo este Concejo un constante animador de las producciones y esfuerzos culturales de sus vecinos.<\/p>\n<p style=\"text-align: justify;\"><strong>POR ELLO<\/strong><br \/>\nEl Concejo Deliberante de Rivadavia, Mendoza, y en uso de sus facultades:<\/p>\n<p style=\"text-align: center;\"><strong>DECLARA<\/strong><\/p>\n<p style=\"text-align: justify;\"><strong>Art\u00edculo 1\u00ba:<\/strong> Decl\u00e1rase de Inter\u00e9s Cultural Departamental, el libro \u201cSon Cosas de Mi Pueblo &#8211; Segunda\u00a0 Parte\u201d, del autor rivadaviense Rub\u00e9n Chaves Canciani.<\/p>\n<p style=\"text-align: justify;\"><strong>Art\u00edculo 2\u00ba:<\/strong> Enviar copia de la presente pieza legal al Se\u00f1or Rub\u00e9n Chaves Canciani, para su conocimiento y dem\u00e1s efectos.<\/p>\n<p style=\"text-align: justify;\"><strong>Art\u00edculo 3\u00ba:<\/strong> Comun\u00edquese al Departamento Ejecutivo a sus efectos e ins\u00e9rtese en el Libro de Declaraciones de este Cuerpo.<\/p>\n<p style=\"text-align: justify;\">Dada en la Sala\u00a0 de Sesiones Bandera Nacional Argentina del Concejo Deliberante de Rivadavia,\u00a0 Mendoza, a los 2 d\u00edas del mes de agosto de 2012.<\/p>\n<table>\n<tbody>\n<tr>\n<td style=\"text-align: center;\">ORLANDO JAVIER RODRIGUEZ<\/td>\n<td style=\"text-align: center;\">FLORINDA SEOANE<\/td>\n<\/tr>\n<tr>\n<td style=\"text-align: center;\">SECRETARIO H.C.D.<\/td>\n<td style=\"text-align: center;\">PRESIDENTA H.C.D.<\/td>\n<\/tr>\n<\/tbody>\n<\/table>\n<p style=\"text-align: right;\">Cpde. Expte. N\u00ba 2012-00157-0 C.D.<\/p>\n","protected":false},"excerpt":{"rendered":"<p>DECLARACION N\u00ba 12 VISTO El libro de poemas \u201cSon Cosas de Mi Pueblo &#8211; Segunda Parte\u201d, del autor Rub\u00e9n Chaves Canciani, y CONSIDERANDO Que el citado poeta rivadaviense produjo en 1998 el libro \u201cSon Cosas de Mi Pueblo\u201d, que fuera declarado de Inter\u00e9s Cultural Departamental, por Ordenanza N\u00ba 3.628, del 19 de junio de 1998. [&hellip;]<\/p>\n","protected":false},"author":1,"featured_media":4276,"comment_status":"closed","ping_status":"closed","sticky":false,"template":"","format":"standard","meta":{"_acf_changed":false,"footnotes":""},"categories":[66],"tags":[],"class_list":["post-4923","post","type-post","status-publish","format-standard","has-post-thumbnail","hentry","category-declaraciones"],"acf":[],"_links":{"self":[{"href":"https:\/\/coworkdigital.com.ar\/hcd\/wp-json\/wp\/v2\/posts\/4923","targetHints":{"allow":["GET"]}}],"collection":[{"href":"https:\/\/coworkdigital.com.ar\/hcd\/wp-json\/wp\/v2\/posts"}],"about":[{"href":"https:\/\/coworkdigital.com.ar\/hcd\/wp-json\/wp\/v2\/types\/post"}],"author":[{"embeddable":true,"href":"https:\/\/coworkdigital.com.ar\/hcd\/wp-json\/wp\/v2\/users\/1"}],"replies":[{"embeddable":true,"href":"https:\/\/coworkdigital.com.ar\/hcd\/wp-json\/wp\/v2\/comments?post=4923"}],"version-history":[{"count":0,"href":"https:\/\/coworkdigital.com.ar\/hcd\/wp-json\/wp\/v2\/posts\/4923\/revisions"}],"wp:featuredmedia":[{"embeddable":true,"href":"https:\/\/coworkdigital.com.ar\/hcd\/wp-json\/wp\/v2\/media\/4276"}],"wp:attachment":[{"href":"https:\/\/coworkdigital.com.ar\/hcd\/wp-json\/wp\/v2\/media?parent=4923"}],"wp:term":[{"taxonomy":"category","embeddable":true,"href":"https:\/\/coworkdigital.com.ar\/hcd\/wp-json\/wp\/v2\/categories?post=4923"},{"taxonomy":"post_tag","embeddable":true,"href":"https:\/\/coworkdigital.com.ar\/hcd\/wp-json\/wp\/v2\/tags?post=4923"}],"curies":[{"name":"wp","href":"https:\/\/api.w.org\/{rel}","templated":true}]}}