{"id":4925,"date":"2012-07-05T12:29:03","date_gmt":"2012-07-05T12:29:03","guid":{"rendered":"http:\/\/www.rivadaviamendoza.gob.ar\/hcd\/?p=4925"},"modified":"2012-07-05T12:29:03","modified_gmt":"2012-07-05T12:29:03","slug":"declaracion-11-2012","status":"publish","type":"post","link":"https:\/\/coworkdigital.com.ar\/hcd\/declaracion-11-2012\/","title":{"rendered":"Declaraci\u00f3n 11-2012"},"content":{"rendered":"<p style=\"text-align: center;\"><strong><img fetchpriority=\"high\" decoding=\"async\" class=\"wp-image-1054 aligncenter\" src=\"http:\/\/rd.gov.ar\/wp4\/wp-content\/uploads\/2017\/02\/encabezado-300x60.jpg\" sizes=\"(max-width: 669px) 100vw, 669px\" srcset=\"http:\/\/www.rivadaviamendoza.gob.ar\/hcd\/wp-content\/uploads\/2017\/02\/encabezado-300x60.jpg 300w, http:\/\/www.rivadaviamendoza.gob.ar\/hcd\/wp-content\/uploads\/2017\/02\/encabezado-768x153.jpg 768w, http:\/\/www.rivadaviamendoza.gob.ar\/hcd\/wp-content\/uploads\/2017\/02\/encabezado-1024x203.jpg 1024w\" alt=\"\" width=\"669\" height=\"134\" \/><\/strong><\/p>\n<p style=\"text-align: center;\"><strong>DECLARACION N\u00ba 11<\/strong><\/p>\n<p><strong>VISTO:<\/strong><br \/>\nLos actos gravemente asociales de que fue v\u00edctima el Concejal Juan Carlos Ag\u00fcero, y<\/p>\n<p style=\"text-align: justify;\"><strong>CONSIDERANDO:<\/strong><br \/>\nQue, el nombrado es Edil y Comunicador Social en el Departamento, y como tal cumple una trascendente funci\u00f3n social.<br \/>\nQue, las amenazas sufridas y, los da\u00f1os a su propiedad son conductas delictivas repudiables en si mismas, sea la v\u00edctima cualquier ciudadano, pero cuando la sufre un representante del pueblo, adquiere una repercusi\u00f3n institucional que nos debe alertar en tanto ponen en peligro el funcionamiento del sistema representativo y democr\u00e1tico que rige la organizaci\u00f3n de nuestra sociedad.<br \/>\nQue, pareciera que con tales conductas (mafiosas), se intenta acallar el accionar p\u00fablico de estos representantes y por tal motivo, es menester realizar el m\u00e1s en\u00e9rgico repudio a las agresiones sufridas por el Concejal Ag\u00fcero.<\/p>\n<p style=\"text-align: justify;\"><strong>POR ELLO:<\/strong><br \/>\nEl Concejo Deliberante de Rivadavia, y en uso de sus facultades.<\/p>\n<p style=\"text-align: center;\"><strong>DECLARA<\/strong><\/p>\n<p style=\"text-align: justify;\"><strong>Art\u00edculo 1\u00ba:<\/strong> El Concejo Deliberante de Rivadavia, expresa su m\u00e1s en\u00e9rgico repudio a las amenazas y agresiones perpetradas contra el Comunicador Social y Concejal de este Cuerpo, Juan Carlos Ag\u00fcero.<\/p>\n<p style=\"text-align: justify;\"><strong>Art\u00edculo 2\u00ba:<\/strong> Manifiesta adem\u00e1s, su apoyo Institucional a la gesti\u00f3n llevada adelante por el mencionado Edil, por entender que se trata de una persona que evidencia idoneidad y solvencia moral<\/p>\n<p style=\"text-align: justify;\"><strong>Art\u00edculo 3\u00ba:<\/strong> Comun\u00edquese al Departamento ejecutivo a sus efectos e ins\u00e9rtese en el Libro de Declaraciones de este Cuerpo.<\/p>\n<p style=\"text-align: justify;\">Dada en la Sala\u00a0 de Sesiones Bandera Nacional Argentina del Concejo Deliberante de Rivadavia,\u00a0 Mendoza, a los 5 d\u00edas del mes de julio de 2012.<\/p>\n<table>\n<tbody>\n<tr>\n<td style=\"text-align: center;\">ORLANDO JAVIER RODRIGUEZ<\/td>\n<td style=\"text-align: center;\">FLORINDA SEOANE<\/td>\n<\/tr>\n<tr>\n<td style=\"text-align: center;\">SECRETARIO H.C.D.<\/td>\n<td style=\"text-align: center;\">PRESIDENTA H.C.D.<\/td>\n<\/tr>\n<\/tbody>\n<\/table>\n<p style=\"text-align: right;\">Cpde. Expte. N\u00ba 2012-00132-3 C.D.<\/p>\n","protected":false},"excerpt":{"rendered":"<p>DECLARACION N\u00ba 11 VISTO: Los actos gravemente asociales de que fue v\u00edctima el Concejal Juan Carlos Ag\u00fcero, y CONSIDERANDO: Que, el nombrado es Edil y Comunicador Social en el Departamento, y como tal cumple una trascendente funci\u00f3n social. Que, las amenazas sufridas y, los da\u00f1os a su propiedad son conductas delictivas repudiables en si mismas, [&hellip;]<\/p>\n","protected":false},"author":1,"featured_media":4276,"comment_status":"closed","ping_status":"closed","sticky":false,"template":"","format":"standard","meta":{"_acf_changed":false,"footnotes":""},"categories":[66],"tags":[],"class_list":["post-4925","post","type-post","status-publish","format-standard","has-post-thumbnail","hentry","category-declaraciones"],"acf":[],"_links":{"self":[{"href":"https:\/\/coworkdigital.com.ar\/hcd\/wp-json\/wp\/v2\/posts\/4925","targetHints":{"allow":["GET"]}}],"collection":[{"href":"https:\/\/coworkdigital.com.ar\/hcd\/wp-json\/wp\/v2\/posts"}],"about":[{"href":"https:\/\/coworkdigital.com.ar\/hcd\/wp-json\/wp\/v2\/types\/post"}],"author":[{"embeddable":true,"href":"https:\/\/coworkdigital.com.ar\/hcd\/wp-json\/wp\/v2\/users\/1"}],"replies":[{"embeddable":true,"href":"https:\/\/coworkdigital.com.ar\/hcd\/wp-json\/wp\/v2\/comments?post=4925"}],"version-history":[{"count":0,"href":"https:\/\/coworkdigital.com.ar\/hcd\/wp-json\/wp\/v2\/posts\/4925\/revisions"}],"wp:featuredmedia":[{"embeddable":true,"href":"https:\/\/coworkdigital.com.ar\/hcd\/wp-json\/wp\/v2\/media\/4276"}],"wp:attachment":[{"href":"https:\/\/coworkdigital.com.ar\/hcd\/wp-json\/wp\/v2\/media?parent=4925"}],"wp:term":[{"taxonomy":"category","embeddable":true,"href":"https:\/\/coworkdigital.com.ar\/hcd\/wp-json\/wp\/v2\/categories?post=4925"},{"taxonomy":"post_tag","embeddable":true,"href":"https:\/\/coworkdigital.com.ar\/hcd\/wp-json\/wp\/v2\/tags?post=4925"}],"curies":[{"name":"wp","href":"https:\/\/api.w.org\/{rel}","templated":true}]}}