{"id":4929,"date":"2012-07-05T12:10:06","date_gmt":"2012-07-05T12:10:06","guid":{"rendered":"http:\/\/www.rivadaviamendoza.gob.ar\/hcd\/?p=4929"},"modified":"2012-07-05T12:10:06","modified_gmt":"2012-07-05T12:10:06","slug":"declaracion-09-2012","status":"publish","type":"post","link":"https:\/\/coworkdigital.com.ar\/hcd\/declaracion-09-2012\/","title":{"rendered":"Declaraci\u00f3n 09-2012"},"content":{"rendered":"<p style=\"text-align: center;\"><strong><img fetchpriority=\"high\" decoding=\"async\" class=\"wp-image-1054 aligncenter\" src=\"http:\/\/rd.gov.ar\/wp4\/wp-content\/uploads\/2017\/02\/encabezado-300x60.jpg\" sizes=\"(max-width: 669px) 100vw, 669px\" srcset=\"http:\/\/www.rivadaviamendoza.gob.ar\/hcd\/wp-content\/uploads\/2017\/02\/encabezado-300x60.jpg 300w, http:\/\/www.rivadaviamendoza.gob.ar\/hcd\/wp-content\/uploads\/2017\/02\/encabezado-768x153.jpg 768w, http:\/\/www.rivadaviamendoza.gob.ar\/hcd\/wp-content\/uploads\/2017\/02\/encabezado-1024x203.jpg 1024w\" alt=\"\" width=\"669\" height=\"134\" \/><\/strong><\/p>\n<p style=\"text-align: center;\"><strong>DECLARACION N\u00ba 9<\/strong><\/p>\n<p style=\"text-align: justify;\"><strong>VISTO:<br \/>\n<\/strong>La importancia que revisten las <strong>\u201cJornadas Cient\u00edficas Internacionales de Biolog\u00eda y Contaminaci\u00f3n\u201d<\/strong> que se desarrollar\u00e1n en nuestro Departamento los d\u00edas 5 y 6 de julio del corriente a\u00f1o, y<\/p>\n<p style=\"text-align: justify;\"><strong>CONSIDERANDO:<\/strong><br \/>\nQue las problem\u00e1ticas de la contaminaci\u00f3n ambiental deben conducirnos a generar acciones que permitan encarar las soluciones que en cada caso deben adoptarse, para evitar o mitigar sus consecuencias en pos de una vida planetaria saludable y sustentable.<br \/>\nQue a nadie escapa la validez del principio universal que nos impone: \u201cUn Mundo por Conocer; Un Mundo por Comprender y Un Mundo por Compartir\u201d, como un camino rector que puede permitirnos desarrollar la vida en plenitud.<br \/>\nQue el Instituto de Formaci\u00f3n Docente y T\u00e9cnica de la Escuela N\u00ba 9-006 \u201cPfsor. Francisco Humberto Tolosa\u201d, de esta Ciudad, y el \u00c1rea de Educaci\u00f3n de la Municipalidad de Rivadavia han programado dichas Jornadas, que contar\u00e1n con el apoyo de la Facultad Regional Mendoza de la Universidad Tecnol\u00f3gica Nacional y de la Secretar\u00eda de Medio Ambiente de la provincia de Mendoza.<br \/>\nQue en este \u00e1mbito acad\u00e9mico participar\u00e1n reconocidos cient\u00edficos: Licenciado en Ciencias Biol\u00f3gicas, Juan Manuel P\u00e9rez Iglesias, de la Universidad Nacional de San Luis; Magister Lilian Franco Belussi; Maestranza Juliane Silberschmitd Freitas; Licenciada Gabriela Baroni Leite y Dr. Rodrigo Zieri, de UNESPI, San Pablo (Brasil); y Doctora Stella Maris Da Silva, de las Universidades Nacional de Cuyo y Tecnol\u00f3gica Nacional.<br \/>\nQue estamos frente a una actividad de gran relevancia para el quehacer rivadaviense,\u00a0 que merece nuestra consideraci\u00f3n y valoraci\u00f3n, por lo que ser\u00eda plausible que nuestro Concejo Deliberante la declare de inter\u00e9s departamental.<\/p>\n<p style=\"text-align: justify;\"><strong>POR ELLO:<\/strong><br \/>\nEl Concejo Deliberante de Rivadavia, Mendoza, y en uso de sus facultades:<\/p>\n<p style=\"text-align: center;\"><strong>DECLARA<\/strong><\/p>\n<p style=\"text-align: justify;\"><strong>Art\u00edculo 1\u00ba:<\/strong> Declarar de inter\u00e9s departamental las <strong>\u201cJornadas Cient\u00edficas Internacionales de Biolog\u00eda y Contaminaci\u00f3n\u201d<\/strong>, organizadas por el Instituto de Formaci\u00f3n Docente y T\u00e9cnica de la Escuela N\u00ba 9-006 \u201cPfsor. Francisco Humberto Tolosa\u201d, de esta Ciudad, y el \u00c1rea de Educaci\u00f3n de la Municipalidad de Rivadavia, por llevarse a cabo en este Departamento los d\u00edas 5 y 6 de julio del corriente a\u00f1o.<\/p>\n<p style=\"text-align: justify;\"><strong>Art\u00edculo 2\u00ba:<\/strong> Enviar copia de la presente pieza legal, al Instituto de Formaci\u00f3n Docente y T\u00e9cnica de la Escuela N\u00ba 9-006 \u201cPfsor. Francisco Humberto Tolosa\u201d; a la Facultad Regional Mendoza de la Universidad Tecnol\u00f3gica Nacional; a la Secretar\u00eda de Medio Ambiente de la provincia de Mendoza; al Licenciado Juan Manuel P\u00e9rez Iglesias; a la Magister Lilian Franco Belussi; a la Maestranza Juliane Silberschmitd Freitas; a la Licenciada Gabriela Baroni Leite; al Doctor Rodrigo Zieri, y a la Doctora Stella Maris Da Silva, para su conocimiento y dem\u00e1s efectos.<\/p>\n<p style=\"text-align: justify;\"><strong>Art\u00edculo 3\u00ba:<\/strong> Comun\u00edquese al Departamento Ejecutivo a sus efectos e ins\u00e9rtese en el Libro de Declaraciones de este Cuerpo.<\/p>\n<p style=\"text-align: justify;\">Dada en la Sala de Sesiones Bandera Nacional Argentina del Concejo Deliberante de Rivadavia, Mendoza, a los 05 d\u00edas del mes de julio de 2012.<\/p>\n<table>\n<tbody>\n<tr>\n<td style=\"text-align: center;\">ORLANDO JAVIER RODRIGUEZ<\/td>\n<td style=\"text-align: center;\">FLORINDA SEOANE<\/td>\n<\/tr>\n<tr>\n<td style=\"text-align: center;\">SECRETARIO H.C.D.<\/td>\n<td style=\"text-align: center;\">PRESIDENTA H.C.D.<\/td>\n<\/tr>\n<\/tbody>\n<\/table>\n<p style=\"text-align: right;\">Cpde. Expte. N\u00ba 2012-00146-3 C.D.<\/p>\n","protected":false},"excerpt":{"rendered":"<p>DECLARACION N\u00ba 9 VISTO: La importancia que revisten las \u201cJornadas Cient\u00edficas Internacionales de Biolog\u00eda y Contaminaci\u00f3n\u201d que se desarrollar\u00e1n en nuestro Departamento los d\u00edas 5 y 6 de julio del corriente a\u00f1o, y CONSIDERANDO: Que las problem\u00e1ticas de la contaminaci\u00f3n ambiental deben conducirnos a generar acciones que permitan encarar las soluciones que en cada caso [&hellip;]<\/p>\n","protected":false},"author":1,"featured_media":4276,"comment_status":"closed","ping_status":"closed","sticky":false,"template":"","format":"standard","meta":{"_acf_changed":false,"footnotes":""},"categories":[66],"tags":[],"class_list":["post-4929","post","type-post","status-publish","format-standard","has-post-thumbnail","hentry","category-declaraciones"],"acf":[],"_links":{"self":[{"href":"https:\/\/coworkdigital.com.ar\/hcd\/wp-json\/wp\/v2\/posts\/4929","targetHints":{"allow":["GET"]}}],"collection":[{"href":"https:\/\/coworkdigital.com.ar\/hcd\/wp-json\/wp\/v2\/posts"}],"about":[{"href":"https:\/\/coworkdigital.com.ar\/hcd\/wp-json\/wp\/v2\/types\/post"}],"author":[{"embeddable":true,"href":"https:\/\/coworkdigital.com.ar\/hcd\/wp-json\/wp\/v2\/users\/1"}],"replies":[{"embeddable":true,"href":"https:\/\/coworkdigital.com.ar\/hcd\/wp-json\/wp\/v2\/comments?post=4929"}],"version-history":[{"count":0,"href":"https:\/\/coworkdigital.com.ar\/hcd\/wp-json\/wp\/v2\/posts\/4929\/revisions"}],"wp:featuredmedia":[{"embeddable":true,"href":"https:\/\/coworkdigital.com.ar\/hcd\/wp-json\/wp\/v2\/media\/4276"}],"wp:attachment":[{"href":"https:\/\/coworkdigital.com.ar\/hcd\/wp-json\/wp\/v2\/media?parent=4929"}],"wp:term":[{"taxonomy":"category","embeddable":true,"href":"https:\/\/coworkdigital.com.ar\/hcd\/wp-json\/wp\/v2\/categories?post=4929"},{"taxonomy":"post_tag","embeddable":true,"href":"https:\/\/coworkdigital.com.ar\/hcd\/wp-json\/wp\/v2\/tags?post=4929"}],"curies":[{"name":"wp","href":"https:\/\/api.w.org\/{rel}","templated":true}]}}