{"id":4931,"date":"2012-06-28T13:16:26","date_gmt":"2012-06-28T13:16:26","guid":{"rendered":"http:\/\/www.rivadaviamendoza.gob.ar\/hcd\/?p=4931"},"modified":"2012-06-28T13:16:26","modified_gmt":"2012-06-28T13:16:26","slug":"declaracion-08-2012","status":"publish","type":"post","link":"https:\/\/coworkdigital.com.ar\/hcd\/declaracion-08-2012\/","title":{"rendered":"Declaraci\u00f3n 08-2012"},"content":{"rendered":"<p style=\"text-align: center;\"><strong><img fetchpriority=\"high\" decoding=\"async\" class=\"wp-image-1054 aligncenter\" src=\"http:\/\/rd.gov.ar\/wp4\/wp-content\/uploads\/2017\/02\/encabezado-300x60.jpg\" sizes=\"(max-width: 669px) 100vw, 669px\" srcset=\"http:\/\/www.rivadaviamendoza.gob.ar\/hcd\/wp-content\/uploads\/2017\/02\/encabezado-300x60.jpg 300w, http:\/\/www.rivadaviamendoza.gob.ar\/hcd\/wp-content\/uploads\/2017\/02\/encabezado-768x153.jpg 768w, http:\/\/www.rivadaviamendoza.gob.ar\/hcd\/wp-content\/uploads\/2017\/02\/encabezado-1024x203.jpg 1024w\" alt=\"\" width=\"669\" height=\"134\" \/><\/strong><\/p>\n<p style=\"text-align: center;\"><strong>DECLARACI\u00d3N N\u00ba 8<\/strong><\/p>\n<p style=\"text-align: justify;\"><strong>VISTO<\/strong><br \/>\nQue, el pr\u00f3ximo 1 de julio cumple 21\u00ba a\u00f1os de existencia el \u201cHogar de Ni\u00f1os Los Carrizales\u201d, de esta Ciudad. Y<\/p>\n<p style=\"text-align: justify;\"><strong>CONSIDERANDO<\/strong><br \/>\nQue dicha Instituci\u00f3n desarrolla una valiosa funci\u00f3n social destinada a atender ni\u00f1os en situaci\u00f3n de riesgo; beb\u00e9s y j\u00f3venes (hasta los 18 a\u00f1os de edad) y mam\u00e1s solteras o mujeres maltratadas.<br \/>\nActualmente, depende de la Direcci\u00f3n de Ni\u00f1ez, Adolescencia y Familia (DI.N.A.F.), del Ministerio de Desarrollo Social y Derechos Humanos, del Gobierno Provincial. Coordina su accionar con los casos derivados\u00a0 de\u00a0 los Tribunales de Familia y Penal de Menores\u00a0 de la 3\u00aa Circunscripci\u00f3n Judicial de Mendoza, y otros de la Direcci\u00f3n de Desarrollo Social de la Municipalidad de Rivadavia.<br \/>\nEst\u00e1 ubicado en la casa 4 de la manzana I del B\u00ba Los Carrizales. En el a\u00f1o 2005, merced a un convenio con la DI.N.A.F., la Municipalidad de Rivadavia llev\u00f3 adelante una obra de ampliaci\u00f3n del edificio (dormitorios para 12 ni\u00f1os), reparaci\u00f3n de sanitarios y refacci\u00f3n general del inmueble.<br \/>\nLa Coordinadora y \u201calma mater\u201d del Hogar, es la se\u00f1ora Elba Garro, quien desde hace varios a\u00f1os ha depositado su afecto, compromiso y responsabilidad en el seno de esta \u201ccasa\u201d a la que llegan no s\u00f3lo ni\u00f1os de Rivadavia, sino de otros departamentos del Este.<br \/>\nCabe aclarar, que el origen de este Hogar comienza con la cruzada iniciada por la Doctora Betty Rub\u00edn de Garc\u00eda, quien, seg\u00fan sus palabras\u2026 <strong>\u201cMovida por el sufrimiento de ni\u00f1os golpeados y abandonados que muchas veces el Juez de Menores dictaminaba que deb\u00edan ser internados en la Sala de Ni\u00f1os del Hospital \u2018Dr. Carlos F. Saporiti\u2019, y otras situaciones de conflictividad familiar, decid\u00ed convocar al pueblo de Rivadavia a una reuni\u00f3n para comprometer a personas que nos dedic\u00e1ramos a aportar un granito de arena para solucionar dicha problem\u00e1tica social. As\u00ed, naci\u00f3 la Asociaci\u00f3n PE\u00d1IHUE (Casa de Hermanos) el 15 de abril de 1991. Luego de tramitar la personer\u00eda jur\u00eddica pertinente, y con el objeto de asistir a la minoridad careciente de la Zona y a sus familias, fundamos dos Hogares: uno, en el B\u00ba Los Carrizales (en una casa donada por el Instituto Provincial de la Vivienda a la Direcci\u00f3n Provincial del Menor) y otro, en una casa con capacidad para 15 ni\u00f1os que durante un tiempo sirvi\u00f3 de \u2018Hogar de Tr\u00e1nsito\u2019, ubicada en calle Lamadrid 866 de esta Ciudad. La se\u00f1ora <\/strong><strong>Felipa G\u00f3mez, durante dos a\u00f1os y medio, fue la Encargada de atender los ni\u00f1os que <\/strong><strong>pasaron por el \u2018Mini-Hogar del B\u00ba Los Carrizales\u2019. Con gran esmero y esp\u00edritu <\/strong><strong>materno supo brindar grandes cuotas de amor y cari\u00f1o a quienes sufr\u00edan el abandono <\/strong><strong>familiar. Otra gran colaboradora de PE\u00d1IHUE fue la se\u00f1ora M\u00f3nica Iris Kolinger de <\/strong><strong>Flores.\u201d<\/strong><br \/>\nQue estamos frente al 21 \u00ba Aniversario del \u201cHogar de Ni\u00f1os Los Carrizales\u201d y seria justificado y oportuno declarar de inter\u00e9s Departamental y Social la labor de tutela y protecci\u00f3n de la minoridad y familias en situaci\u00f3n de abandono y maltrato que realiza dicha Instituci\u00f3n.<\/p>\n<p style=\"text-align: justify;\"><strong>POR ELLO<\/strong><br \/>\nConcejo Deliberante de Rivadavia, Mendoza, y en uso de sus facultades:<\/p>\n<p style=\"text-align: center;\"><strong>DECLARA<\/strong><\/p>\n<p style=\"text-align: justify;\"><strong>Art\u00edculo 1\u00ba:<\/strong> Declarar de Inter\u00e9s Social y Departamental, la labor de tutela y protecci\u00f3n a la infancia, minoridad y familias en situaci\u00f3n de abandono y maltrato que desarrolla el \u201cHogar de Ni\u00f1os Los Carrizales\u201d, de esta Ciudad, en el marco de celebrarse el 21\u00ba Aniversario de su gestaci\u00f3n (1991-2012).<\/p>\n<p style=\"text-align: justify;\"><strong>Art\u00edculo 2\u00ba:<\/strong> Remitir copia de la presente pieza legal a la Direcci\u00f3n de Ni\u00f1ez, Adolescencia y Familia, del Ministerio de Desarrollo Social y Derechos Humanos de\u00a0 Mendoza, para su conocimiento y dem\u00e1s efectos.<\/p>\n<p style=\"text-align: justify;\"><strong>Art\u00edculo 3\u00ba:<\/strong> Remitir copia de la presente pieza legal, a\u00a0 la actual Coordinadora del \u201cHogar de Ni\u00f1os Los Carrizales\u201d, se\u00f1ora Elba Garro; a la fundadora de la Asociaci\u00f3n Pe\u00f1ihue, Doctora Betty Rub\u00edn de Garc\u00eda; a la Se\u00f1ora Felipa G\u00f3mez, primera Encargada del Hogar, personas que sintetizan la vida y obra de dicha Instituci\u00f3n; y al Se\u00f1or Fabi\u00e1n Largayoli, en representaci\u00f3n del Rotary Club Rivadavia, Entidad que apadrina el citado Hogar.<\/p>\n<p style=\"text-align: justify;\"><strong>Art\u00edculo 4\u00ba:<\/strong> Comun\u00edquese al Departamento Ejecutivo a sus efectos e ins\u00e9rtese en el Libro de Declaraciones de este Cuerpo.<\/p>\n<p style=\"text-align: justify;\">Dada en la Sala de Sesiones Bandera Nacional Argentina del Concejo Deliberante de Rivadavia, Mendoza, a los 28 d\u00edas del mes de junio de 2012.<\/p>\n<table>\n<tbody>\n<tr>\n<td style=\"text-align: center;\">ORLANDO JAVIER RODRIGUEZ<\/td>\n<td style=\"text-align: center;\">FLORINDA SEOANE<\/td>\n<\/tr>\n<tr>\n<td style=\"text-align: center;\">SECRETARIO H.C.D.<\/td>\n<td style=\"text-align: center;\">PRESIDENTA H.C.D.<\/td>\n<\/tr>\n<\/tbody>\n<\/table>\n<p style=\"text-align: right;\">Cpde. Expte. N\u00ba 2012-00143-6 C.D.<\/p>\n","protected":false},"excerpt":{"rendered":"<p>DECLARACI\u00d3N N\u00ba 8 VISTO Que, el pr\u00f3ximo 1 de julio cumple 21\u00ba a\u00f1os de existencia el \u201cHogar de Ni\u00f1os Los Carrizales\u201d, de esta Ciudad. Y CONSIDERANDO Que dicha Instituci\u00f3n desarrolla una valiosa funci\u00f3n social destinada a atender ni\u00f1os en situaci\u00f3n de riesgo; beb\u00e9s y j\u00f3venes (hasta los 18 a\u00f1os de edad) y mam\u00e1s solteras o [&hellip;]<\/p>\n","protected":false},"author":1,"featured_media":4276,"comment_status":"closed","ping_status":"closed","sticky":false,"template":"","format":"standard","meta":{"_acf_changed":false,"footnotes":""},"categories":[66],"tags":[],"class_list":["post-4931","post","type-post","status-publish","format-standard","has-post-thumbnail","hentry","category-declaraciones"],"acf":[],"_links":{"self":[{"href":"https:\/\/coworkdigital.com.ar\/hcd\/wp-json\/wp\/v2\/posts\/4931","targetHints":{"allow":["GET"]}}],"collection":[{"href":"https:\/\/coworkdigital.com.ar\/hcd\/wp-json\/wp\/v2\/posts"}],"about":[{"href":"https:\/\/coworkdigital.com.ar\/hcd\/wp-json\/wp\/v2\/types\/post"}],"author":[{"embeddable":true,"href":"https:\/\/coworkdigital.com.ar\/hcd\/wp-json\/wp\/v2\/users\/1"}],"replies":[{"embeddable":true,"href":"https:\/\/coworkdigital.com.ar\/hcd\/wp-json\/wp\/v2\/comments?post=4931"}],"version-history":[{"count":0,"href":"https:\/\/coworkdigital.com.ar\/hcd\/wp-json\/wp\/v2\/posts\/4931\/revisions"}],"wp:featuredmedia":[{"embeddable":true,"href":"https:\/\/coworkdigital.com.ar\/hcd\/wp-json\/wp\/v2\/media\/4276"}],"wp:attachment":[{"href":"https:\/\/coworkdigital.com.ar\/hcd\/wp-json\/wp\/v2\/media?parent=4931"}],"wp:term":[{"taxonomy":"category","embeddable":true,"href":"https:\/\/coworkdigital.com.ar\/hcd\/wp-json\/wp\/v2\/categories?post=4931"},{"taxonomy":"post_tag","embeddable":true,"href":"https:\/\/coworkdigital.com.ar\/hcd\/wp-json\/wp\/v2\/tags?post=4931"}],"curies":[{"name":"wp","href":"https:\/\/api.w.org\/{rel}","templated":true}]}}