{"id":4935,"date":"2012-06-14T13:33:29","date_gmt":"2012-06-14T13:33:29","guid":{"rendered":"http:\/\/www.rivadaviamendoza.gob.ar\/hcd\/?p=4935"},"modified":"2012-06-14T13:33:29","modified_gmt":"2012-06-14T13:33:29","slug":"declaracion-06-2012","status":"publish","type":"post","link":"https:\/\/coworkdigital.com.ar\/hcd\/declaracion-06-2012\/","title":{"rendered":"Declaraci\u00f3n 06-2012"},"content":{"rendered":"<p style=\"text-align: center;\"><strong><img fetchpriority=\"high\" decoding=\"async\" class=\"wp-image-1054 aligncenter\" src=\"http:\/\/rd.gov.ar\/wp4\/wp-content\/uploads\/2017\/02\/encabezado-300x60.jpg\" sizes=\"(max-width: 669px) 100vw, 669px\" srcset=\"http:\/\/www.rivadaviamendoza.gob.ar\/hcd\/wp-content\/uploads\/2017\/02\/encabezado-300x60.jpg 300w, http:\/\/www.rivadaviamendoza.gob.ar\/hcd\/wp-content\/uploads\/2017\/02\/encabezado-768x153.jpg 768w, http:\/\/www.rivadaviamendoza.gob.ar\/hcd\/wp-content\/uploads\/2017\/02\/encabezado-1024x203.jpg 1024w\" alt=\"\" width=\"669\" height=\"134\" \/><\/strong><\/p>\n<p style=\"text-align: center;\"><strong>DECLARACI\u00d3N N\u00ba 6<\/strong><\/p>\n<p style=\"text-align: justify;\"><strong>VISTO<\/strong><br \/>\nLos actos de intolerancia perpetrados contra el Director del Hospital \u201cDr. Carlos F. Saporiti\u201d, Dr. Pablo Campos, y<\/p>\n<p style=\"text-align: justify;\"><strong>CONSIDERANDO<\/strong><br \/>\nQue, como representantes del Pueblo de Rivadavia debemos velar por el sistema democr\u00e1tico de gobierno, por el respeto a las instituciones p\u00fablicas y por la defensa de las garant\u00edas individuales.<br \/>\nQue repudiamos todo tipo de amenazas, presiones y agresiones que hieren a nuestra sociedad, y que pueden afectar a cualquier autoridad p\u00fablica.<br \/>\nQue tales hechos, no s\u00f3lo atentan contra la persona y familia del citado funcionario, sino que agreden indirectamente a las Autoridades Provinciales que tomaron la decisi\u00f3n de designar al Dr. Pablo Campos a cargo de nuestro Nosocomio.<br \/>\nQue, adem\u00e1s, debemos reivindicar las muestras de apoyo puestas de manifiesto p\u00fablicamente por personal del Hospital a su Director, y sumarnos, como Departamento Deliberativo del Gobierno local, a la defensa de una de las Instituciones m\u00e1s caras a los sentimientos de nuestros conciudadanos.<\/p>\n<p style=\"text-align: justify;\"><strong>POR ELLO<\/strong><br \/>\nEl\u00a0 Concejo Deliberante de Rivadavia, Mendoza, y en uso de sus facultades:<\/p>\n<p style=\"text-align: center;\"><strong>DECLARA<\/strong><\/p>\n<p style=\"text-align: justify;\"><strong>Art\u00edculo 1\u00ba:<\/strong> El Concejo Deliberante de Rivadavia expresa su m\u00e1s en\u00e9rgico repudio a las amenazas, intimidaciones y agresiones perpetradas contra el Director del Hospital \u201cDr. Carlos F. Saporiti\u201d, Dr. Pablo Campos.<\/p>\n<p style=\"text-align: justify;\"><strong>Art\u00edculo 2\u00ba:<\/strong> Manifiesta, adem\u00e1s, su apoyo Institucional a la gesti\u00f3n llevada adelante por dicho Funcionario, por entender que se trata de una persona que evidencia idoneidad profesional y solvencia moral.<\/p>\n<p style=\"text-align: justify;\"><strong>Art\u00edculo 3\u00ba:<\/strong> Remitir copia de esta pieza legal, al Se\u00f1or Gobernador de la Provincia, Dr. Francisco P\u00e9rez, al Se\u00f1or Ministro de Salud Mendoza, Dr. Carlos D\u00edaz Russo y al Se\u00f1or Director del Hospital \u201cDr. Carlos F. Saporiti\u201d, Dr. Pablo Campos.<\/p>\n<p style=\"text-align: justify;\"><strong>Art\u00edculo 4\u00ba:<\/strong> Comun\u00edquese al Departamento Ejecutivo a sus efectos e ins\u00e9rtese en el Libro de Declaraciones de este Cuerpo.<\/p>\n<p style=\"text-align: justify;\">Dada en la Sala de Sesiones Bandera Nacional Argentina del Concejo Deliberante de Rivadavia, Mendoza, a los 14 d\u00edas del mes de junio de 2012.<\/p>\n<table>\n<tbody>\n<tr>\n<td style=\"text-align: center;\">ORLANDO JAVIER RODRIGUEZ<\/td>\n<td style=\"text-align: center;\">FLORINDA SEOANE<\/td>\n<\/tr>\n<tr>\n<td style=\"text-align: center;\">SECRETARIO H.C.D.<\/td>\n<td style=\"text-align: center;\">PRESIDENTA H.C.D.<\/td>\n<\/tr>\n<\/tbody>\n<\/table>\n<p style=\"text-align: right;\">Cpde. Expte. N\u00ba 2012-00128-1 C.D.<\/p>\n","protected":false},"excerpt":{"rendered":"<p>DECLARACI\u00d3N N\u00ba 6 VISTO Los actos de intolerancia perpetrados contra el Director del Hospital \u201cDr. Carlos F. Saporiti\u201d, Dr. Pablo Campos, y CONSIDERANDO Que, como representantes del Pueblo de Rivadavia debemos velar por el sistema democr\u00e1tico de gobierno, por el respeto a las instituciones p\u00fablicas y por la defensa de las garant\u00edas individuales. Que repudiamos [&hellip;]<\/p>\n","protected":false},"author":1,"featured_media":4276,"comment_status":"closed","ping_status":"closed","sticky":false,"template":"","format":"standard","meta":{"_acf_changed":false,"footnotes":""},"categories":[66],"tags":[],"class_list":["post-4935","post","type-post","status-publish","format-standard","has-post-thumbnail","hentry","category-declaraciones"],"acf":[],"_links":{"self":[{"href":"https:\/\/coworkdigital.com.ar\/hcd\/wp-json\/wp\/v2\/posts\/4935","targetHints":{"allow":["GET"]}}],"collection":[{"href":"https:\/\/coworkdigital.com.ar\/hcd\/wp-json\/wp\/v2\/posts"}],"about":[{"href":"https:\/\/coworkdigital.com.ar\/hcd\/wp-json\/wp\/v2\/types\/post"}],"author":[{"embeddable":true,"href":"https:\/\/coworkdigital.com.ar\/hcd\/wp-json\/wp\/v2\/users\/1"}],"replies":[{"embeddable":true,"href":"https:\/\/coworkdigital.com.ar\/hcd\/wp-json\/wp\/v2\/comments?post=4935"}],"version-history":[{"count":0,"href":"https:\/\/coworkdigital.com.ar\/hcd\/wp-json\/wp\/v2\/posts\/4935\/revisions"}],"wp:featuredmedia":[{"embeddable":true,"href":"https:\/\/coworkdigital.com.ar\/hcd\/wp-json\/wp\/v2\/media\/4276"}],"wp:attachment":[{"href":"https:\/\/coworkdigital.com.ar\/hcd\/wp-json\/wp\/v2\/media?parent=4935"}],"wp:term":[{"taxonomy":"category","embeddable":true,"href":"https:\/\/coworkdigital.com.ar\/hcd\/wp-json\/wp\/v2\/categories?post=4935"},{"taxonomy":"post_tag","embeddable":true,"href":"https:\/\/coworkdigital.com.ar\/hcd\/wp-json\/wp\/v2\/tags?post=4935"}],"curies":[{"name":"wp","href":"https:\/\/api.w.org\/{rel}","templated":true}]}}