{"id":4939,"date":"2012-05-31T13:30:43","date_gmt":"2012-05-31T13:30:43","guid":{"rendered":"http:\/\/www.rivadaviamendoza.gob.ar\/hcd\/?p=4939"},"modified":"2012-05-31T13:30:43","modified_gmt":"2012-05-31T13:30:43","slug":"declaracion-03-2012","status":"publish","type":"post","link":"https:\/\/coworkdigital.com.ar\/hcd\/declaracion-03-2012\/","title":{"rendered":"Declaraci\u00f3n 03-2012"},"content":{"rendered":"<p style=\"text-align: center;\"><strong><img fetchpriority=\"high\" decoding=\"async\" class=\"wp-image-1054 aligncenter\" src=\"http:\/\/rd.gov.ar\/wp4\/wp-content\/uploads\/2017\/02\/encabezado-300x60.jpg\" sizes=\"(max-width: 669px) 100vw, 669px\" srcset=\"http:\/\/www.rivadaviamendoza.gob.ar\/hcd\/wp-content\/uploads\/2017\/02\/encabezado-300x60.jpg 300w, http:\/\/www.rivadaviamendoza.gob.ar\/hcd\/wp-content\/uploads\/2017\/02\/encabezado-768x153.jpg 768w, http:\/\/www.rivadaviamendoza.gob.ar\/hcd\/wp-content\/uploads\/2017\/02\/encabezado-1024x203.jpg 1024w\" alt=\"\" width=\"669\" height=\"134\" \/><\/strong><\/p>\n<p style=\"text-align: center;\"><strong>DECLARACI\u00d3N N\u00ba 3<\/strong><\/p>\n<p style=\"text-align: justify;\"><strong>VISTO<\/strong><br \/>\nLa \u201cJornada de Acualizaci\u00f3n M\u00e9dico Quir\u00fargica \u2013 Patolog\u00edas Prevalecientes en nuestra Comunidad\u201d, por llevarse a cabo el pr\u00f3ximo d\u00eda 01 de junio del corriente a\u00f1o,\u00a0 y<\/p>\n<p style=\"text-align: justify;\"><strong>CONSIDERANDO<\/strong><br \/>\nQue, este evento Organizado por la Cooperativa El\u00e9ctrica y Anexos Popular de Rivadavia Ltda., y cumpliendo con su funci\u00f3n Social Empresaria, trae a nuestro departamento en una jornada \u00fanica a cinco profesionales de excelente nivel internacional, que disertir\u00e1n sobre:<br \/>\n<strong>&#8211; La Obesidad; su historia y su presente:<\/strong> Estar\u00e1 a cargo del Dr. Owen Korn Bruzzone (M\u00e9dico Cirujano de la Facultad de Medicina de la Universidad de Chile, especialista en Cirug\u00eda General y Digestiva).<br \/>\n<strong>&#8211; Tratamiento Quir\u00fargico Actual de la Obesidad:<\/strong> A cargo del Profesor\u00a0 Italo Braghetto (Profesor de la Universidad de Chile).<br \/>\n<strong>&#8211; C\u00e1nceres Frecuentes:<\/strong> (C\u00e1ncer de Mama y de Tiroides): A Cargo del Dr. Patricio Gac (M\u00e9dico Cirujano \u2013 Perfeccionamiento en Cirug\u00eda General, Endocrina y Oncol\u00f3gica, de la Universidad de Chile).<br \/>\n<strong>&#8211; C\u00e1ncer G\u00e1strico:<\/strong> A cargo del Dr. Pablo Omelanczuk (M\u00e9dico Cirujano de la Universidad Nacional de Cuyo).<br \/>\n<strong>&#8211; C\u00e1ncer de Ves\u00edcula Biliar: <\/strong>A Cargo del Dr. Anibal Debandi (Cirujano\u00a0 &#8211; Departamento de Cirug\u00eda\u00a0 del Hospital Cl\u00ednico de la Universidad de Chile).<br \/>\n<strong>&#8211; El Enfermo Complicado:<\/strong> A cargo del Dr. Owen Korn Bruzzone.<br \/>\nQue, el rol fundamental de estas jornadas tiene como aspecto relevante la participaci\u00f3n del M\u00e9dico\u00a0 por cuanto es fundamental su capacitaci\u00f3n cont\u00ednua como profesionales de la Salud en el cuidado del paciente y en\u00a0 la actualizaci\u00f3n M\u00e9dico \u2013 Quir\u00fargica, a fin de brindar\u00a0 una mejor calidad de vida a nuestros enfermos.<br \/>\nQue esta Jornada de Car\u00e1cter Internacional, tendr\u00e1 como anfitri\u00f3n a nuestro Departamento, y que contar\u00e1 con la visita de imnumerables Profesionales de la Salud de nuestro Departamento,\u00a0 de la Provincia, como as\u00ed tambien de provincias vecinas y de distintos Pa\u00edses Lim\u00edtrofes.<\/p>\n<p style=\"text-align: justify;\"><strong>POR ELLO:<br \/>\n<\/strong>El\u00a0 Concejo Deliberante de Rivadavia, Mendoza, y en uso de sus facultades:<\/p>\n<p style=\"text-align: center;\"><strong>DECLARA<\/strong><\/p>\n<p style=\"text-align: justify;\"><strong>Art\u00edculo 1\u00ba:<\/strong> El Concejo Deliberante de Rivadavia, provincia de Mendoza, declara de Inter\u00e9s Municipal la \u201c1ra Jornada de Actualizaci\u00f3n M\u00e9dico \u2013 Quir\u00fargica\u201d, por realizarse el d\u00eda 01 de junio de 2012, en las Instalaciones del Sal\u00f3n Plaza Mayor de nuestro Departamento.<\/p>\n<p style=\"text-align: justify;\"><strong>Art\u00edculo 2\u00ba:<\/strong> Remitir copia de la presente pieza legal a la Cooperativa El\u00e9ctrica y Anexos Popular de Rivadavia Ltda., para su conocimiento y dem\u00e1s efectos.<\/p>\n<p style=\"text-align: justify;\"><strong>Art\u00edculo 3\u00ba:<\/strong> Comun\u00edquese al Departamento Ejecutivo a sus efectos e ins\u00e9rtese en el Libro de Declaraciones de este Cuerpo.<\/p>\n<p style=\"text-align: justify;\">Dada en la Sala de Sesiones Bandera Nacional Argentina del Concejo Deliberante de Rivadavia, Mendoza, a los 31 d\u00edas del mes de mayo de 2012.<\/p>\n<table>\n<tbody>\n<tr>\n<td style=\"text-align: center;\">ORLANDO JAVIER RODRIGUEZ<\/td>\n<td style=\"text-align: center;\">FLORINDA SEOANE<\/td>\n<\/tr>\n<tr>\n<td style=\"text-align: center;\">SECRETARIO H.C.D.<\/td>\n<td style=\"text-align: center;\">PRESIDENTA H.C.D.<\/td>\n<\/tr>\n<\/tbody>\n<\/table>\n<p style=\"text-align: right;\">Cpde. Expte. N\u00ba 2012-00113-3 C.D.<\/p>\n","protected":false},"excerpt":{"rendered":"<p>DECLARACI\u00d3N N\u00ba 3 VISTO La \u201cJornada de Acualizaci\u00f3n M\u00e9dico Quir\u00fargica \u2013 Patolog\u00edas Prevalecientes en nuestra Comunidad\u201d, por llevarse a cabo el pr\u00f3ximo d\u00eda 01 de junio del corriente a\u00f1o,\u00a0 y CONSIDERANDO Que, este evento Organizado por la Cooperativa El\u00e9ctrica y Anexos Popular de Rivadavia Ltda., y cumpliendo con su funci\u00f3n Social Empresaria, trae a nuestro [&hellip;]<\/p>\n","protected":false},"author":1,"featured_media":4276,"comment_status":"closed","ping_status":"closed","sticky":false,"template":"","format":"standard","meta":{"_acf_changed":false,"footnotes":""},"categories":[66],"tags":[],"class_list":["post-4939","post","type-post","status-publish","format-standard","has-post-thumbnail","hentry","category-declaraciones"],"acf":[],"_links":{"self":[{"href":"https:\/\/coworkdigital.com.ar\/hcd\/wp-json\/wp\/v2\/posts\/4939","targetHints":{"allow":["GET"]}}],"collection":[{"href":"https:\/\/coworkdigital.com.ar\/hcd\/wp-json\/wp\/v2\/posts"}],"about":[{"href":"https:\/\/coworkdigital.com.ar\/hcd\/wp-json\/wp\/v2\/types\/post"}],"author":[{"embeddable":true,"href":"https:\/\/coworkdigital.com.ar\/hcd\/wp-json\/wp\/v2\/users\/1"}],"replies":[{"embeddable":true,"href":"https:\/\/coworkdigital.com.ar\/hcd\/wp-json\/wp\/v2\/comments?post=4939"}],"version-history":[{"count":0,"href":"https:\/\/coworkdigital.com.ar\/hcd\/wp-json\/wp\/v2\/posts\/4939\/revisions"}],"wp:featuredmedia":[{"embeddable":true,"href":"https:\/\/coworkdigital.com.ar\/hcd\/wp-json\/wp\/v2\/media\/4276"}],"wp:attachment":[{"href":"https:\/\/coworkdigital.com.ar\/hcd\/wp-json\/wp\/v2\/media?parent=4939"}],"wp:term":[{"taxonomy":"category","embeddable":true,"href":"https:\/\/coworkdigital.com.ar\/hcd\/wp-json\/wp\/v2\/categories?post=4939"},{"taxonomy":"post_tag","embeddable":true,"href":"https:\/\/coworkdigital.com.ar\/hcd\/wp-json\/wp\/v2\/tags?post=4939"}],"curies":[{"name":"wp","href":"https:\/\/api.w.org\/{rel}","templated":true}]}}