{"id":4941,"date":"2012-03-20T14:14:30","date_gmt":"2012-03-20T14:14:30","guid":{"rendered":"http:\/\/www.rivadaviamendoza.gob.ar\/hcd\/?p=4941"},"modified":"2012-03-20T14:14:30","modified_gmt":"2012-03-20T14:14:30","slug":"declaracion-01-2012","status":"publish","type":"post","link":"https:\/\/coworkdigital.com.ar\/hcd\/declaracion-01-2012\/","title":{"rendered":"Declaraci\u00f3n 01-2012"},"content":{"rendered":"<p style=\"text-align: center;\"><strong><img fetchpriority=\"high\" decoding=\"async\" class=\"wp-image-1054 aligncenter\" src=\"http:\/\/rd.gov.ar\/wp4\/wp-content\/uploads\/2017\/02\/encabezado-300x60.jpg\" sizes=\"(max-width: 669px) 100vw, 669px\" srcset=\"http:\/\/www.rivadaviamendoza.gob.ar\/hcd\/wp-content\/uploads\/2017\/02\/encabezado-300x60.jpg 300w, http:\/\/www.rivadaviamendoza.gob.ar\/hcd\/wp-content\/uploads\/2017\/02\/encabezado-768x153.jpg 768w, http:\/\/www.rivadaviamendoza.gob.ar\/hcd\/wp-content\/uploads\/2017\/02\/encabezado-1024x203.jpg 1024w\" alt=\"\" width=\"669\" height=\"134\" \/><\/strong><\/p>\n<p style=\"text-align: center;\"><strong>DECLARACION 1<\/strong><\/p>\n<p style=\"text-align: justify;\"><strong>VISTO:<\/strong><br \/>\nEl Expediente Municipal N\u00b0 2012-02780-7-C, caratulado: \u201cConsejo Profesional de Ciencias Econ\u00f3micas de Mendoza, solicita Declarar de Inter\u00e9s Municipal, al 19\u00ba Congreso Nacional de Profesionales de Ciencias Econ\u00f3micas\u201d y<\/p>\n<p style=\"text-align: justify;\"><strong>CONSIDERANDO:<\/strong><br \/>\nQue, el mencionado evento se desarrolla cada dos a\u00f1os\u00a0 y es de car\u00e1cter nacional, y re\u00fane a profesionales de todo el pa\u00eds, siendo organizado por la Federaci\u00f3n Argentina de Consejos Profesionales de Ciencias Econ\u00f3micas.<br \/>\nQue, en esta oportunidad se llevar\u00e1 a cabo a partir del d\u00eda 17 al 19 de octubre del corriente a\u00f1o, en la provincia de Mendoza.<br \/>\nQue, en la mencionada ocasi\u00f3n, se debatir\u00e1 sobre temas t\u00e9cnico-cient\u00edficos, tales como problemas prioritarios de inter\u00e9s nacional-regional, promoviendo la contribuci\u00f3n que comprometa respecto de sus soluciones.<br \/>\nQue, promover\u00e1 el an\u00e1lisis y discusi\u00f3n de temas t\u00e9cnico-cient\u00edficos, recabando opiniones y elaborando conclusiones, con mejoramiento continuo y la excelencia del ejercicio profesional en el \u00e1mbito p\u00fablico y privado.<br \/>\nQue, apunta a prestigiar la funci\u00f3n, el acercamiento e integraci\u00f3n del profesional de Ciencias Econ\u00f3micas,\u00a0 y a mantener el compromiso de aportar al inter\u00e9s de nuestro pa\u00eds y\u00a0 a la integraci\u00f3n\u00a0 regional.<\/p>\n<p style=\"text-align: justify;\"><strong>POR ELLO:<\/strong><br \/>\nEl Concejo Deliberante de Rivadavia, Mendoza, y en uso de sus facultades:<\/p>\n<p style=\"text-align: center;\"><strong>DECLARA<\/strong><\/p>\n<p style=\"text-align: justify;\"><strong>Art\u00edculo 1\u00ba:<\/strong> Decl\u00e1rese de Inter\u00e9s Departamental el 19\u00ba Congreso Nacional de Profesionales de Ciencias Econ\u00f3micas, que se llevar\u00e1 a cabo en la provincia de Mendoza desde el 17 al 19 de octubre del a\u00f1o\u00a0 en curso.<\/p>\n<p style=\"text-align: justify;\"><strong>Art\u00edculo 2\u00ba:<\/strong> Rem\u00edtase copia de la presente pieza legal, al Consejo Profesional Ciencias Econ\u00f3micas de Mendoza.<\/p>\n<p style=\"text-align: justify;\"><strong>Art\u00edculo 3\u00ba:<\/strong> Comun\u00edquese al Departamento Ejecutivo a sus efectos, e ins\u00e9rtese en el Libro de Declaraciones de este Cuerpo.<\/p>\n<p style=\"text-align: justify;\">Dada en la Sala de Sesiones \u201cBandera Nacional Argentina, del Concejo Deliberante de Rivadavia, Mendoza, a los 20 d\u00edas del mes de marzo del a\u00f1o 2012.<\/p>\n<table>\n<tbody>\n<tr>\n<td style=\"text-align: center;\">ORLANDO JAVIER RODRIGUEZ<\/td>\n<td style=\"text-align: center;\">FLORINDA SEOANE<\/td>\n<\/tr>\n<tr>\n<td style=\"text-align: center;\">SECRETARIO H.C.D.<\/td>\n<td style=\"text-align: center;\">PRESIDENTA H.C.D.<\/td>\n<\/tr>\n<\/tbody>\n<\/table>\n<p style=\"text-align: right;\">Cpde. Expte. N\u00ba 2012-00021-8 C.D.<br \/>\nExpte. N\u00ba 2012-02780-7-C D.E.<\/p>\n","protected":false},"excerpt":{"rendered":"<p>DECLARACION 1 VISTO: El Expediente Municipal N\u00b0 2012-02780-7-C, caratulado: \u201cConsejo Profesional de Ciencias Econ\u00f3micas de Mendoza, solicita Declarar de Inter\u00e9s Municipal, al 19\u00ba Congreso Nacional de Profesionales de Ciencias Econ\u00f3micas\u201d y CONSIDERANDO: Que, el mencionado evento se desarrolla cada dos a\u00f1os\u00a0 y es de car\u00e1cter nacional, y re\u00fane a profesionales de todo el pa\u00eds, siendo [&hellip;]<\/p>\n","protected":false},"author":1,"featured_media":4276,"comment_status":"closed","ping_status":"closed","sticky":false,"template":"","format":"standard","meta":{"_acf_changed":false,"footnotes":""},"categories":[66],"tags":[],"class_list":["post-4941","post","type-post","status-publish","format-standard","has-post-thumbnail","hentry","category-declaraciones"],"acf":[],"_links":{"self":[{"href":"https:\/\/coworkdigital.com.ar\/hcd\/wp-json\/wp\/v2\/posts\/4941","targetHints":{"allow":["GET"]}}],"collection":[{"href":"https:\/\/coworkdigital.com.ar\/hcd\/wp-json\/wp\/v2\/posts"}],"about":[{"href":"https:\/\/coworkdigital.com.ar\/hcd\/wp-json\/wp\/v2\/types\/post"}],"author":[{"embeddable":true,"href":"https:\/\/coworkdigital.com.ar\/hcd\/wp-json\/wp\/v2\/users\/1"}],"replies":[{"embeddable":true,"href":"https:\/\/coworkdigital.com.ar\/hcd\/wp-json\/wp\/v2\/comments?post=4941"}],"version-history":[{"count":0,"href":"https:\/\/coworkdigital.com.ar\/hcd\/wp-json\/wp\/v2\/posts\/4941\/revisions"}],"wp:featuredmedia":[{"embeddable":true,"href":"https:\/\/coworkdigital.com.ar\/hcd\/wp-json\/wp\/v2\/media\/4276"}],"wp:attachment":[{"href":"https:\/\/coworkdigital.com.ar\/hcd\/wp-json\/wp\/v2\/media?parent=4941"}],"wp:term":[{"taxonomy":"category","embeddable":true,"href":"https:\/\/coworkdigital.com.ar\/hcd\/wp-json\/wp\/v2\/categories?post=4941"},{"taxonomy":"post_tag","embeddable":true,"href":"https:\/\/coworkdigital.com.ar\/hcd\/wp-json\/wp\/v2\/tags?post=4941"}],"curies":[{"name":"wp","href":"https:\/\/api.w.org\/{rel}","templated":true}]}}